{"id":11227,"date":"2024-07-30T12:13:49","date_gmt":"2024-07-30T15:13:49","guid":{"rendered":"https:\/\/guialimeira.com.br\/2024\/07\/30\/ana-luiza-caetano-e-marcus-dalmeida-vao-as-oitavas-do-tiro-com-arco\/"},"modified":"2024-07-30T12:13:49","modified_gmt":"2024-07-30T15:13:49","slug":"ana-luiza-caetano-e-marcus-dalmeida-vao-as-oitavas-do-tiro-com-arco","status":"publish","type":"post","link":"https:\/\/guialimeira.com.br\/news\/ana-luiza-caetano-e-marcus-dalmeida-vao-as-oitavas-do-tiro-com-arco\/","title":{"rendered":"Ana Lu\u00edza Caetano e Marcus D&#8217;Almeida v\u00e3o \u00e0s oitavas do tiro com arco"},"content":{"rendered":"<p> <br \/>\n<\/p>\n<div>\n<p>Os dois atletas do Brasil que competem no tiro com arco seguem firmes na briga por medalhas nas provas individuais da modalidade. Estreante em Jogos Ol\u00edmpicos, a carioca Ana Luiza Caetano, de 21 anos, venceu dois combates nesta ter\u00e7a-feira (30). No primeiro, ela derrotou Zana Pintaric, da Eslov\u00e1quia, com tranquilidade por 6 a 2. Na sequ\u00eancia ela voltou a entrar em a\u00e7\u00e3o, desta vez contra a atleta da Mal\u00e1sia Syaqiera Mashayikh. Desta vez a disputa foi bastante apertada\u00a0.O embate estava empatado\u00a0em 5 a 5, quando o jogo foi decidido no &#8220;tiro da morte&#8221;: Cada competidora teve direito a uma flecha final. Venceria quem alcan\u00e7asse a maior pontua\u00e7\u00e3o. A\u00ed, a brasileira levou a melhor, venceu por 6 a 5 e assegrou presen\u00e7a nas oitavas do individual feminino, programada para o pr\u00f3ximo s\u00e1bado (3). A disputa foi aberta com 64 competidores em cada g\u00eanero.<img data-recalc-dims=\"1\" decoding=\"async\" src=\"https:\/\/i0.wp.com\/agenciabrasil.ebc.com.br\/ebc.png?w=696&#038;ssl=1\" style=\"width:1px; height:1px; display:inline;\"\/><img data-recalc-dims=\"1\" decoding=\"async\" src=\"https:\/\/i0.wp.com\/agenciabrasil.ebc.com.br\/ebc.gif?w=696&#038;ssl=1\" style=\"width:1px; height:1px; display:inline;\"\/><\/p>\n<blockquote class=\"twitter-tweet\">\n<p dir=\"ltr\" lang=\"pt\" xml:lang=\"pt\">AVAN\u00c7AMOS! \ud83c\udde7\ud83c\uddf7 <a href=\"https:\/\/twitter.com\/hashtag\/tirocomarco?src=hash&amp;ref_src=twsrc%5Etfw\" rel=\"noopener\">#tirocomarco<\/a><\/p>\n<p>Ana Luiza Caetano vence a eslovena Zana Pintaric e garante a segunda fase!<\/p>\n<p>VAMOS!<\/p>\n<p>\ud83d\udcf8 : Miriam Jeske\/COB<a href=\"https:\/\/twitter.com\/hashtag\/TimeBrasil?src=hash&amp;ref_src=twsrc%5Etfw\" rel=\"noopener\">#TimeBrasil<\/a> <a href=\"https:\/\/twitter.com\/hashtag\/Paris2024?src=hash&amp;ref_src=twsrc%5Etfw\" rel=\"noopener\">#Paris2024<\/a> <a href=\"https:\/\/t.co\/ZQrzBoGsTg\">pic.twitter.com\/ZQrzBoGsTg<\/a><\/p>\n<p>\u2014 Time Brasil (@timebrasil) <a href=\"https:\/\/twitter.com\/timebrasil\/status\/1818239823510929458?ref_src=twsrc%5Etfw\" rel=\"noopener\">July 30, 2024<\/a><\/p><\/blockquote>\n<p>Mais tarde foi a vez de o l\u00edder do ranking mundial, Marcus Vinicius D\u2019Almeida, de 26 anos, entrar em a\u00e7\u00e3o. O primeiro advers\u00e1rio do brasileiro no mata-mata foi o ucraniano Mykhailo Usach. Marcus levou a melhor por 6 a 2. Na sequ\u00eancia, o arqueiro carioca enfrentou o japon\u00eas Fumiya Saito e voltou a vencer, desta vez por 7 a 1, garantindo vaga na pr\u00f3xima fase. As oitavas de final e as disputas de medalhas do torneio individual masculino est\u00e3o previstas para domingo (4 de agosto).<\/p>\n<blockquote class=\"twitter-tweet\">\n<p dir=\"ltr\" lang=\"pt\" xml:lang=\"pt\">ARQUEIRO \u00c9 ELE! \ud83c\udff9<\/p>\n<p>Marcus D\u2019almeida vence o 1\u00b0 mata-mata do tiro com arco. \ud83d\udc4f\ud83d\udc4f\ud83c\udde7\ud83c\uddf7 PRA CIMA!<\/p>\n<p>\ud83d\udcf8 : Miriam Jeske\/COB <a href=\"https:\/\/twitter.com\/hashtag\/TimeBrasil?src=hash&amp;ref_src=twsrc%5Etfw\" rel=\"noopener\">#TimeBrasil<\/a> <a href=\"https:\/\/twitter.com\/hashtag\/Paris2024?src=hash&amp;ref_src=twsrc%5Etfw\" rel=\"noopener\">#Paris2024<\/a> <a href=\"https:\/\/t.co\/KkzS5Sxus4\">pic.twitter.com\/KkzS5Sxus4<\/a><\/p>\n<p>\u2014 Time Brasil (@timebrasil) <a href=\"https:\/\/twitter.com\/timebrasil\/status\/1818253989919560066?ref_src=twsrc%5Etfw\" rel=\"noopener\">July 30, 2024<\/a><\/p><\/blockquote>\n<p>Esta \u00e9 a terceira participa\u00e7\u00e3o ol\u00edmpica de Marcus D\u2019Almeida, e ele j\u00e1 repetiu o desempenho de T\u00f3quio, quando tamb\u00e9m alcan\u00e7ou as oitavas.<\/p>\n<p>Antes disso, \u00e0s 5h46 (hor\u00e1rio de Bras\u00edlia)\u00a0sexta (2 de agosto), Ana Luiza e Marcus v\u00e3o participar da competi\u00e7\u00e3o de duplas mistas no tiro com arco..<\/p>\n<\/p><\/div>\n<p><script async src=\"\/\/platform.twitter.com\/widgets.js\" charset=\"utf-8\"><\/script><br \/>\n<br \/><br \/>\n<br \/><a href=\"https:\/\/agenciabrasil.ebc.com.br\/esportes\/noticia\/2024-07\/ana-luiza-caetano-e-marcus-dalmeida-vao-oitavas-do-tiro-com-arco\" rel=\"noopener\">Ag\u00eancia Brasil<\/a><\/p>\n","protected":false},"excerpt":{"rendered":"<p>Os dois atletas do Brasil que competem no tiro com arco seguem firmes na briga por medalhas nas provas individuais da modalidade. Estreante em Jogos Ol\u00edmpicos, a carioca Ana Luiza Caetano, de 21 anos, venceu dois combates nesta ter\u00e7a-feira (30). No primeiro, ela derrotou Zana Pintaric, da Eslov\u00e1quia, com tranquilidade por 6 a 2. Na [&hellip;]<\/p>\n","protected":false},"author":1,"featured_media":11228,"comment_status":"open","ping_status":"open","sticky":false,"template":"","format":"standard","meta":{"_jetpack_newsletter_access":"","_jetpack_dont_email_post_to_subs":false,"_jetpack_newsletter_tier_id":0,"_jetpack_memberships_contains_paywalled_content":false,"_mbp_banners":[],"_jetpack_feature_clip_id":0,"_jetpack_memberships_contains_paid_content":false,"footnotes":"","jetpack_publicize_message":"","jetpack_publicize_feature_enabled":true,"jetpack_social_post_already_shared":true,"jetpack_social_options":{"image_generator_settings":{"template":"highway","default_image_id":0,"font":"","enabled":false},"version":2},"jetpack_post_was_ever_published":false},"categories":[23],"tags":[],"class_list":["post-11227","post","type-post","status-publish","format-standard","has-post-thumbnail","category-esportes"],"jetpack_publicize_connections":[],"jetpack-related-posts":[],"jetpack_shortlink":"https:\/\/wp.me\/p7Eq1F-2V5","jetpack_sharing_enabled":true,"jetpack_featured_media_url":"https:\/\/i0.wp.com\/guialimeira.com.br\/news\/wp-content\/uploads\/2024\/07\/ana_luiza_caetano_tiro_com_arco_paris.jpeg?fit=1600%2C800&ssl=1","_links":{"self":[{"href":"https:\/\/guialimeira.com.br\/news\/wp-json\/wp\/v2\/posts\/11227","targetHints":{"allow":["GET"]}}],"collection":[{"href":"https:\/\/guialimeira.com.br\/news\/wp-json\/wp\/v2\/posts"}],"about":[{"href":"https:\/\/guialimeira.com.br\/news\/wp-json\/wp\/v2\/types\/post"}],"author":[{"embeddable":true,"href":"https:\/\/guialimeira.com.br\/news\/wp-json\/wp\/v2\/users\/1"}],"replies":[{"embeddable":true,"href":"https:\/\/guialimeira.com.br\/news\/wp-json\/wp\/v2\/comments?post=11227"}],"version-history":[{"count":0,"href":"https:\/\/guialimeira.com.br\/news\/wp-json\/wp\/v2\/posts\/11227\/revisions"}],"wp:featuredmedia":[{"embeddable":true,"href":"https:\/\/guialimeira.com.br\/news\/wp-json\/wp\/v2\/media\/11228"}],"wp:attachment":[{"href":"https:\/\/guialimeira.com.br\/news\/wp-json\/wp\/v2\/media?parent=11227"}],"wp:term":[{"taxonomy":"category","embeddable":true,"href":"https:\/\/guialimeira.com.br\/news\/wp-json\/wp\/v2\/categories?post=11227"},{"taxonomy":"post_tag","embeddable":true,"href":"https:\/\/guialimeira.com.br\/news\/wp-json\/wp\/v2\/tags?post=11227"}],"curies":[{"name":"wp","href":"https:\/\/api.w.org\/{rel}","templated":true}]}}