{"id":11211,"date":"2024-07-30T07:08:48","date_gmt":"2024-07-30T10:08:48","guid":{"rendered":"https:\/\/guialimeira.com.br\/2024\/07\/30\/triatlo-masculino-e-adiado-no-rio-sena-devido-a-poluicao\/"},"modified":"2024-07-30T07:08:48","modified_gmt":"2024-07-30T10:08:48","slug":"triatlo-masculino-e-adiado-no-rio-sena-devido-a-poluicao","status":"publish","type":"post","link":"https:\/\/guialimeira.com.br\/news\/triatlo-masculino-e-adiado-no-rio-sena-devido-a-poluicao\/","title":{"rendered":"Triatlo masculino \u00e9 adiado no Rio Sena devido \u00e0 polui\u00e7\u00e3o"},"content":{"rendered":"<p> <br \/>\n<\/p>\n<div>\n<p>A World Triathlon e os organizadores dos Jogos Paris 2024 decidiram adiar a disputa do triatlo masculino, originalmente marcada para a manh\u00e3 de ter\u00e7a-feira (30) na capital francesa, madrugada no hor\u00e1rio de Bras\u00edlia. A causa foi a polui\u00e7\u00e3o do rio Sena, causada principalmente pelas fortes chuvas que atingiram a cidade no \u00faltimo fim de semana. O rio vai receber as provas de nata\u00e7\u00e3o da modalidade. Agora, o triatlo masculino est\u00e1 previsto para quarta-feira (31), a partir das 5h45 (hor\u00e1rio de Bras\u00edlia). Antes, a partir das 3h (hor\u00e1rio de Bras\u00edlia)\u00a0de quarta, est\u00e1 prevista competi\u00e7\u00e3o feminina. O triatlo misto, que re\u00fane equipes de homens e mulheres, continua agendado para a pr\u00f3xima segunda (5 de agosto)..<img data-recalc-dims=\"1\" decoding=\"async\" src=\"https:\/\/i0.wp.com\/agenciabrasil.ebc.com.br\/ebc.png?w=696&#038;ssl=1\" style=\"width:1px; height:1px; display:inline;\"\/><img data-recalc-dims=\"1\" decoding=\"async\" src=\"https:\/\/i0.wp.com\/agenciabrasil.ebc.com.br\/ebc.gif?w=696&#038;ssl=1\" style=\"width:1px; height:1px; display:inline;\"\/><\/p>\n<p>De acordo com um comunicado emitido pela federa\u00e7\u00e3o internacional da modalidade, a decis\u00e3o de adiar a disputa marcada para esta ter\u00e7a-feira foi tomada em conjunto com as autoridades municipais de Paris, baseado tamb\u00e9m nas condi\u00e7\u00f5es meteorol\u00f3gicas. A World Triathlon afirma que a realiza\u00e7\u00e3o das provas vai depender de novos testes de qualidade na \u00e1gua do Sena para que os n\u00edveis de polui\u00e7\u00e3o estejam dentro dos limites estabelecidos pela federa\u00e7\u00e3o para a pr\u00e1tica da nata\u00e7\u00e3o.<\/p>\n<blockquote>\n<p>\u201cParis 2024 e a World Triathlon reiteram que a sua prioridade hoje \u00e9 a sa\u00fade dos atletas. Os testes realizados no Sena hoje revelaram n\u00edveis de qualidade da \u00e1gua que n\u00e3o fornecem garantias suficientes para permitir a realiza\u00e7\u00e3o do evento\u201d, diz um trecho do comunicado oficial.<\/p>\n<\/blockquote>\n<p>O percurso do triatlo, que combina nata\u00e7\u00e3o, ciclismo e corrida na mesma prova, ter\u00e1 in\u00edcio na ponte Alexandre III, no centro da capital parisiense. Inaugurada no ano de 1900, o local \u00e9 uma das mais famosas pontes da cidade. Al\u00e9m do triatlo, as provas da maratona aqu\u00e1tica tamb\u00e9m est\u00e3o previstas para as \u00e1guas do rio Sena. A data original ainda n\u00e3o foi alterada: dias 8 e 9 de agosto.<\/p>\n<p>O Brasil conta com um total de quatro atletas classificados no triatlo. No masculino competem Manoel Messias e Miguel Hidalgo. E no feminino v\u00e3o participar Djenyfer Arnold e Vitoria Lopes.<\/p>\n<\/p><\/div>\n<p><br \/>\n<br \/><a href=\"https:\/\/agenciabrasil.ebc.com.br\/esportes\/noticia\/2024-07\/triatlo-masculino-e-adiado-no-rio-sena-devido-poluicao\" rel=\"noopener\">Ag\u00eancia Brasil<\/a><\/p>\n","protected":false},"excerpt":{"rendered":"<p>A World Triathlon e os organizadores dos Jogos Paris 2024 decidiram adiar a disputa do triatlo masculino, originalmente marcada para a manh\u00e3 de ter\u00e7a-feira (30) na capital francesa, madrugada no hor\u00e1rio de Bras\u00edlia. A causa foi a polui\u00e7\u00e3o do rio Sena, causada principalmente pelas fortes chuvas que atingiram a cidade no \u00faltimo fim de semana. [&hellip;]<\/p>\n","protected":false},"author":1,"featured_media":11212,"comment_status":"open","ping_status":"open","sticky":false,"template":"","format":"standard","meta":{"_jetpack_newsletter_access":"","_jetpack_dont_email_post_to_subs":false,"_jetpack_newsletter_tier_id":0,"_jetpack_memberships_contains_paywalled_content":false,"_mbp_banners":[],"_jetpack_feature_clip_id":0,"_jetpack_memberships_contains_paid_content":false,"footnotes":"","jetpack_publicize_message":"","jetpack_publicize_feature_enabled":true,"jetpack_social_post_already_shared":true,"jetpack_social_options":{"image_generator_settings":{"template":"highway","default_image_id":0,"font":"","enabled":false},"version":2},"jetpack_post_was_ever_published":false},"categories":[23],"tags":[],"class_list":["post-11211","post","type-post","status-publish","format-standard","has-post-thumbnail","category-esportes"],"jetpack_publicize_connections":[],"jetpack-related-posts":[],"jetpack_shortlink":"https:\/\/wp.me\/p7Eq1F-2UP","jetpack_sharing_enabled":true,"jetpack_featured_media_url":"https:\/\/i0.wp.com\/guialimeira.com.br\/news\/wp-content\/uploads\/2024\/07\/rio_sena-triatlo_adiado_paris.jpg?fit=1600%2C800&ssl=1","_links":{"self":[{"href":"https:\/\/guialimeira.com.br\/news\/wp-json\/wp\/v2\/posts\/11211","targetHints":{"allow":["GET"]}}],"collection":[{"href":"https:\/\/guialimeira.com.br\/news\/wp-json\/wp\/v2\/posts"}],"about":[{"href":"https:\/\/guialimeira.com.br\/news\/wp-json\/wp\/v2\/types\/post"}],"author":[{"embeddable":true,"href":"https:\/\/guialimeira.com.br\/news\/wp-json\/wp\/v2\/users\/1"}],"replies":[{"embeddable":true,"href":"https:\/\/guialimeira.com.br\/news\/wp-json\/wp\/v2\/comments?post=11211"}],"version-history":[{"count":0,"href":"https:\/\/guialimeira.com.br\/news\/wp-json\/wp\/v2\/posts\/11211\/revisions"}],"wp:featuredmedia":[{"embeddable":true,"href":"https:\/\/guialimeira.com.br\/news\/wp-json\/wp\/v2\/media\/11212"}],"wp:attachment":[{"href":"https:\/\/guialimeira.com.br\/news\/wp-json\/wp\/v2\/media?parent=11211"}],"wp:term":[{"taxonomy":"category","embeddable":true,"href":"https:\/\/guialimeira.com.br\/news\/wp-json\/wp\/v2\/categories?post=11211"},{"taxonomy":"post_tag","embeddable":true,"href":"https:\/\/guialimeira.com.br\/news\/wp-json\/wp\/v2\/tags?post=11211"}],"curies":[{"name":"wp","href":"https:\/\/api.w.org\/{rel}","templated":true}]}}