{"id":11195,"date":"2024-07-29T20:45:51","date_gmt":"2024-07-29T23:45:51","guid":{"rendered":"https:\/\/guialimeira.com.br\/2024\/07\/29\/venezuela-expulsa-diplomatas-de-paises-que-contestam-eleicao\/"},"modified":"2024-07-29T20:45:51","modified_gmt":"2024-07-29T23:45:51","slug":"venezuela-expulsa-diplomatas-de-paises-que-contestam-eleicao","status":"publish","type":"post","link":"https:\/\/guialimeira.com.br\/news\/venezuela-expulsa-diplomatas-de-paises-que-contestam-eleicao\/","title":{"rendered":"Venezuela expulsa diplomatas de pa\u00edses que contestam elei\u00e7\u00e3o"},"content":{"rendered":"<p> <br \/>\n<\/p>\n<div>\n<p>Um dia ap\u00f3s as elei\u00e7\u00f5es presidenciais que reelegeram, segundo o Conselho Nacional Eleitoral da Venezuela (CNE), Nicol\u00e1s Maduro para mais um mandato no pa\u00eds, o governo do pa\u00eds\u00a0decidiu expulsar os representantes diplom\u00e1ticos de Argentina, do Chile, da Costa Rica, do Peru, do Panam\u00e1, da Rep\u00fablica Dominicana e do Uruguai, que contestaram o resultado das urnas.<img data-recalc-dims=\"1\" decoding=\"async\" src=\"https:\/\/i0.wp.com\/agenciabrasil.ebc.com.br\/ebc.png?w=696&#038;ssl=1\" style=\"width:1px; height:1px; display:inline;\"\/><img data-recalc-dims=\"1\" decoding=\"async\" src=\"https:\/\/i0.wp.com\/agenciabrasil.ebc.com.br\/ebc.gif?w=696&#038;ssl=1\" style=\"width:1px; height:1px; display:inline;\"\/><\/p>\n<p>Em comunicado divulgado nesta segunda-feira (29), o governo venezuelano criticou os pa\u00edses que n\u00e3o reconheceram a vit\u00f3ria de Maduro, classificando o fato como atentado contra a soberania nacional e criticando o que denominou &#8220;pronunciamentos intervencionistas&#8221;. De acordo com a nota, ser\u00e3o\u00a0promovidas\u00a0&#8220;todas as a\u00e7\u00f5es legais e pol\u00edticas para fazer respeitar, preservar e defender&#8221; o direito inalien\u00e1vel da autodetermina\u00e7\u00e3o.<\/p>\n<p>&#8220;A Rep\u00fablica Bolivariana da Venezuela manifesta sua rejei\u00e7\u00e3o mais firme diante das declara\u00e7\u00f5es de um grupo de governos de direita, subordinados a Washington e comprometidos abertamente com os postulados ideol\u00f3gicos mais s\u00f3rdidos do fascismo internacional, tentando reeditar o fracassado e derrotado Grupo de Lima, que pretende desconhecer os resultados eleitorais dos Com\u00edcios Presidenciais ocorridos este domingo&#8221;, diz o comunicado, acrescentando que o governo ir\u00e1 enfrentar todas as a\u00e7\u00f5es que atentem contra o clima de paz na Venezuela.<\/p>\n<p>Em meio a contesta\u00e7\u00f5es tamb\u00e9m internas, Nicol\u00e1s Maduro foi <a href=\"https:\/\/agenciabrasil.ebc.com.br\/internacional\/noticia\/2024-07\/maduro-e-proclamado-presidente-da-venezuela-e-acusa-golpe-de-estado\" target=\"_blank\" rel=\"noopener\">proclamado vitorioso para exercer mais um mandato<\/a> &#8211; de 2025 a 2030 -, segundo o CNE, por 51,21% dos votos contra 44% de Edmundo Gonz\u00e1lez, o segundo colocado. O resultado foi questionado por Gonz\u00e1lez.<\/p>\n<p>O Minist\u00e9rio das Rela\u00e7\u00f5es Exteriores (MRE) do Brasil informou, por meio de nota, que aguarda a publica\u00e7\u00e3o pelo Conselho Nacional Eleitoral da Venezuela dos \u201c<a href=\"https:\/\/agenciabrasil.ebc.com.br\/internacional\/noticia\/2024-07\/venezuela-divulgara-nas-proximas-horas-atas-das-eleicoes-diz-mp\" target=\"_blank\" rel=\"noopener\">dados desagregados por mesa de vota\u00e7\u00e3o<\/a>, passo indispens\u00e1vel para a transpar\u00eancia, credibilidade e legitimidade do resultado do pleito\u201d.<\/p>\n<p>Al\u00e9m dos pa\u00edses sul-americanos, representantes dos Estados Unidos e da Uni\u00e3o Europeia cobraram transpar\u00eancia no processo eleitoral. J\u00e1 R\u00fassia e China parabenizaram Nicol\u00e1s Maduro.<\/p>\n<h2>Protestos<\/h2>\n<p>Manifestantes se reuniram nas ruas de cidades venezuelanas nesta segunda-feira, ap\u00f3s presidente Nicol\u00e1s Maduro ter sido proclamado reeleito e em meio a apelos da oposi\u00e7\u00e3o e da comunidade internacional para que as contagens completas dos votos sejam divulgadas, conforme informa\u00e7\u00f5es da Ag\u00eancia Reuters.\u00a0<\/p>\n<p>De acordo com a ag\u00eancia, em alguns locais, os protestos foram dispersados pelas for\u00e7as de seguran\u00e7a.<\/p>\n<\/p><\/div>\n<p><br \/>\n<br \/><a href=\"https:\/\/agenciabrasil.ebc.com.br\/internacional\/noticia\/2024-07\/venezuela-expulsa-diplomatas-de-paises-que-contestam-eleicao\" rel=\"noopener\">Ag\u00eancia Brasil <\/a><\/p>\n","protected":false},"excerpt":{"rendered":"<p>Um dia ap\u00f3s as elei\u00e7\u00f5es presidenciais que reelegeram, segundo o Conselho Nacional Eleitoral da Venezuela (CNE), Nicol\u00e1s Maduro para mais um mandato no pa\u00eds, o governo do pa\u00eds\u00a0decidiu expulsar os representantes diplom\u00e1ticos de Argentina, do Chile, da Costa Rica, do Peru, do Panam\u00e1, da Rep\u00fablica Dominicana e do Uruguai, que contestaram o resultado das urnas. [&hellip;]<\/p>\n","protected":false},"author":1,"featured_media":11196,"comment_status":"open","ping_status":"open","sticky":false,"template":"","format":"standard","meta":{"_jetpack_newsletter_access":"","_jetpack_dont_email_post_to_subs":false,"_jetpack_newsletter_tier_id":0,"_jetpack_memberships_contains_paywalled_content":false,"_mbp_banners":[],"_jetpack_feature_clip_id":0,"_jetpack_memberships_contains_paid_content":false,"footnotes":"","jetpack_publicize_message":"","jetpack_publicize_feature_enabled":true,"jetpack_social_post_already_shared":true,"jetpack_social_options":{"image_generator_settings":{"template":"highway","default_image_id":0,"font":"","enabled":false},"version":2},"jetpack_post_was_ever_published":false},"categories":[25],"tags":[],"class_list":["post-11195","post","type-post","status-publish","format-standard","has-post-thumbnail","category-internacional"],"jetpack_publicize_connections":[],"jetpack-related-posts":[],"jetpack_shortlink":"https:\/\/wp.me\/p7Eq1F-2Uz","jetpack_sharing_enabled":true,"jetpack_featured_media_url":"https:\/\/i0.wp.com\/guialimeira.com.br\/news\/wp-content\/uploads\/2024\/07\/2024-07-28t163126z_304040796_rc2a49aysrvn_rtrmadp_3_venezuela-election.jpg?fit=1600%2C800&ssl=1","_links":{"self":[{"href":"https:\/\/guialimeira.com.br\/news\/wp-json\/wp\/v2\/posts\/11195","targetHints":{"allow":["GET"]}}],"collection":[{"href":"https:\/\/guialimeira.com.br\/news\/wp-json\/wp\/v2\/posts"}],"about":[{"href":"https:\/\/guialimeira.com.br\/news\/wp-json\/wp\/v2\/types\/post"}],"author":[{"embeddable":true,"href":"https:\/\/guialimeira.com.br\/news\/wp-json\/wp\/v2\/users\/1"}],"replies":[{"embeddable":true,"href":"https:\/\/guialimeira.com.br\/news\/wp-json\/wp\/v2\/comments?post=11195"}],"version-history":[{"count":0,"href":"https:\/\/guialimeira.com.br\/news\/wp-json\/wp\/v2\/posts\/11195\/revisions"}],"wp:featuredmedia":[{"embeddable":true,"href":"https:\/\/guialimeira.com.br\/news\/wp-json\/wp\/v2\/media\/11196"}],"wp:attachment":[{"href":"https:\/\/guialimeira.com.br\/news\/wp-json\/wp\/v2\/media?parent=11195"}],"wp:term":[{"taxonomy":"category","embeddable":true,"href":"https:\/\/guialimeira.com.br\/news\/wp-json\/wp\/v2\/categories?post=11195"},{"taxonomy":"post_tag","embeddable":true,"href":"https:\/\/guialimeira.com.br\/news\/wp-json\/wp\/v2\/tags?post=11195"}],"curies":[{"name":"wp","href":"https:\/\/api.w.org\/{rel}","templated":true}]}}