{"id":11191,"date":"2024-07-29T19:57:48","date_gmt":"2024-07-29T22:57:48","guid":{"rendered":"https:\/\/guialimeira.com.br\/2024\/07\/29\/bia-ferreira-inicia-torneio-olimpico-de-boxe-com-triunfo-incontestavel\/"},"modified":"2024-07-29T19:57:48","modified_gmt":"2024-07-29T22:57:48","slug":"bia-ferreira-inicia-torneio-olimpico-de-boxe-com-triunfo-incontestavel","status":"publish","type":"post","link":"https:\/\/guialimeira.com.br\/news\/bia-ferreira-inicia-torneio-olimpico-de-boxe-com-triunfo-incontestavel\/","title":{"rendered":"Bia Ferreira inicia torneio ol\u00edmpico de boxe com triunfo incontest\u00e1vel"},"content":{"rendered":"<p> <br \/>\n<\/p>\n<div>\n<p>A brasileira Bia Ferreira iniciou a caminhada no torneio de boxe dos Jogos Ol\u00edmpicos de Paris (Fran\u00e7a) nesta segunda-feira (29) com uma vit\u00f3ria, por decis\u00e3o un\u00e2nime, sobre a norte-americana Jajaira Gonzalez nas oitavas de final da categoria peso-leve (at\u00e9 60 quilos).<img data-recalc-dims=\"1\" decoding=\"async\" src=\"https:\/\/i0.wp.com\/agenciabrasil.ebc.com.br\/ebc.png?w=696&#038;ssl=1\" style=\"width:1px; height:1px; display:inline;\"\/><img data-recalc-dims=\"1\" decoding=\"async\" src=\"https:\/\/i0.wp.com\/agenciabrasil.ebc.com.br\/ebc.gif?w=696&#038;ssl=1\" style=\"width:1px; height:1px; display:inline;\"\/><\/p>\n<p>A brasileira, atual campe\u00e3 mundial pela Federa\u00e7\u00e3o Internacional de Boxe (IBF), n\u00e3o teve muitas dificuldades para superar uma advers\u00e1ria qualificada, que \u00e9 atual medalhista de bronze nos Jogos Pan-Americanos Santiago. \u201cFoi uma boa estreia. Lutamos h\u00e1 pouco tempo, no Pan, e eu sabia que eu tentaria uma estrat\u00e9gia diferente. Dessa vez ela tentou vir para cima de mim, mas n\u00e3o teve sucesso. Foi do jeito que a gente planejou, n\u00e3o tive muitas surpresas. Estou no jogo. Quero muito mais uma medalha ol\u00edmpica [ap\u00f3s a prata nos Jogos de T\u00f3quio], mas \u00e9 uma luta de cada vez\u201d, declarou Bia Ferreira.<\/p>\n<blockquote class=\"twitter-tweet\">\n<p dir=\"ltr\" lang=\"es\" xml:lang=\"es\">BAILA, BIA! \ud83d\udc83\ud83e\udd4a<\/p>\n<p>\ud83d\udcf8 Alexandre Loureiro\/COB<a href=\"https:\/\/twitter.com\/hashtag\/JogosOl%C3%ADmpicos?src=hash&amp;ref_src=twsrc%5Etfw\" rel=\"noopener\">#JogosOl\u00edmpicos<\/a> <a href=\"https:\/\/twitter.com\/hashtag\/TimeBrasil?src=hash&amp;ref_src=twsrc%5Etfw\" rel=\"noopener\">#TimeBrasil<\/a> <a href=\"https:\/\/twitter.com\/hashtag\/Paris2024?src=hash&amp;ref_src=twsrc%5Etfw\" rel=\"noopener\">#Paris2024<\/a> <a href=\"https:\/\/t.co\/K3ZsY0tU2I\">pic.twitter.com\/K3ZsY0tU2I<\/a><\/p>\n<p>\u2014 Time Brasil (@timebrasil) <a href=\"https:\/\/twitter.com\/timebrasil\/status\/1817999640987390178?ref_src=twsrc%5Etfw\" rel=\"noopener\">July 29, 2024<\/a><\/p><\/blockquote>\n<p>Quem acabou tendo uma despedida do torneio de boxe em Paris foi Abner Teixeira. O paulista, que conquistou o bronze na \u00faltima edi\u00e7\u00e3o dos Jogos Ol\u00edmpicos, em T\u00f3quio (Jap\u00e3o), foi derrotado pelo equatoriano Gerlon Chala e se despediu da disputa da categoria super pesado (acima de 92 quilos).<\/p>\n<p>\u201cQuero assistir a luta para ver onde errei. Mudei a estrat\u00e9gia no meio do combate, achei que tivesse feito o bastante, mas n\u00e3o foi o necess\u00e1rio. Eu sou muito competitivo e queria fazer hist\u00f3ria aqui novamente. Agora \u00e9 voltar para casa e pensar nos pr\u00f3ximos passos\u201d, declarou o medalhista de prata no Pan-Americano de Santiago.<\/p>\n<\/p><\/div>\n<p><script async src=\"\/\/platform.twitter.com\/widgets.js\" charset=\"utf-8\"><\/script><br \/>\n<br \/><br \/>\n<br \/><a href=\"https:\/\/agenciabrasil.ebc.com.br\/esportes\/noticia\/2024-07\/bia-ferreira-inicia-torneio-olimpico-de-boxe-com-triunfo-incontestavel\" rel=\"noopener\">Ag\u00eancia Brasil<\/a><\/p>\n","protected":false},"excerpt":{"rendered":"<p>A brasileira Bia Ferreira iniciou a caminhada no torneio de boxe dos Jogos Ol\u00edmpicos de Paris (Fran\u00e7a) nesta segunda-feira (29) com uma vit\u00f3ria, por decis\u00e3o un\u00e2nime, sobre a norte-americana Jajaira Gonzalez nas oitavas de final da categoria peso-leve (at\u00e9 60 quilos). A brasileira, atual campe\u00e3 mundial pela Federa\u00e7\u00e3o Internacional de Boxe (IBF), n\u00e3o teve muitas [&hellip;]<\/p>\n","protected":false},"author":1,"featured_media":11192,"comment_status":"open","ping_status":"open","sticky":false,"template":"","format":"standard","meta":{"_jetpack_newsletter_access":"","_jetpack_dont_email_post_to_subs":false,"_jetpack_newsletter_tier_id":0,"_jetpack_memberships_contains_paywalled_content":false,"_mbp_banners":[],"_jetpack_feature_clip_id":0,"_jetpack_memberships_contains_paid_content":false,"footnotes":"","jetpack_publicize_message":"","jetpack_publicize_feature_enabled":true,"jetpack_social_post_already_shared":true,"jetpack_social_options":{"image_generator_settings":{"template":"highway","default_image_id":0,"font":"","enabled":false},"version":2},"jetpack_post_was_ever_published":false},"categories":[23],"tags":[],"class_list":["post-11191","post","type-post","status-publish","format-standard","has-post-thumbnail","category-esportes"],"jetpack_publicize_connections":[],"jetpack-related-posts":[],"jetpack_shortlink":"https:\/\/wp.me\/p7Eq1F-2Uv","jetpack_sharing_enabled":true,"jetpack_featured_media_url":"https:\/\/i0.wp.com\/guialimeira.com.br\/news\/wp-content\/uploads\/2024\/07\/2024-07-29t212503z_1_lynxmpek6s0x4_rtroptp_4_olympics-2024-boxing.jpg?fit=1600%2C800&ssl=1","_links":{"self":[{"href":"https:\/\/guialimeira.com.br\/news\/wp-json\/wp\/v2\/posts\/11191","targetHints":{"allow":["GET"]}}],"collection":[{"href":"https:\/\/guialimeira.com.br\/news\/wp-json\/wp\/v2\/posts"}],"about":[{"href":"https:\/\/guialimeira.com.br\/news\/wp-json\/wp\/v2\/types\/post"}],"author":[{"embeddable":true,"href":"https:\/\/guialimeira.com.br\/news\/wp-json\/wp\/v2\/users\/1"}],"replies":[{"embeddable":true,"href":"https:\/\/guialimeira.com.br\/news\/wp-json\/wp\/v2\/comments?post=11191"}],"version-history":[{"count":0,"href":"https:\/\/guialimeira.com.br\/news\/wp-json\/wp\/v2\/posts\/11191\/revisions"}],"wp:featuredmedia":[{"embeddable":true,"href":"https:\/\/guialimeira.com.br\/news\/wp-json\/wp\/v2\/media\/11192"}],"wp:attachment":[{"href":"https:\/\/guialimeira.com.br\/news\/wp-json\/wp\/v2\/media?parent=11191"}],"wp:term":[{"taxonomy":"category","embeddable":true,"href":"https:\/\/guialimeira.com.br\/news\/wp-json\/wp\/v2\/categories?post=11191"},{"taxonomy":"post_tag","embeddable":true,"href":"https:\/\/guialimeira.com.br\/news\/wp-json\/wp\/v2\/tags?post=11191"}],"curies":[{"name":"wp","href":"https:\/\/api.w.org\/{rel}","templated":true}]}}