{"id":11159,"date":"2024-07-29T14:52:50","date_gmt":"2024-07-29T17:52:50","guid":{"rendered":"https:\/\/guialimeira.com.br\/2024\/07\/29\/judo-do-brasil-fecha-o-dia-sem-medalhas-em-paris\/"},"modified":"2024-07-29T14:52:50","modified_gmt":"2024-07-29T17:52:50","slug":"judo-do-brasil-fecha-o-dia-sem-medalhas-em-paris","status":"publish","type":"post","link":"https:\/\/guialimeira.com.br\/news\/judo-do-brasil-fecha-o-dia-sem-medalhas-em-paris\/","title":{"rendered":"Jud\u00f4 do Brasil fecha o dia sem medalhas em Paris"},"content":{"rendered":"<p> <br \/>\n<\/p>\n<div>\n<p>Depois de conquistar duas medalhas no domingo, o jud\u00f4 brasileiro terminou a segunda-feira (29) sem p\u00f3dios na Olimp\u00edada de Paris. A principal chance veio com a campe\u00e3 ol\u00edmpica da Rio 2016, Rafaela (Rafa) Silva, que lutou bem, mas perdeu na disputa da medalha de bronze da categoria at\u00e9 57 kg, considerada a mais equilibrada no atual jud\u00f4 feminino.<img data-recalc-dims=\"1\" decoding=\"async\" src=\"https:\/\/i0.wp.com\/agenciabrasil.ebc.com.br\/ebc.png?w=696&#038;ssl=1\" style=\"width:1px; height:1px; display:inline;\"\/><img data-recalc-dims=\"1\" decoding=\"async\" src=\"https:\/\/i0.wp.com\/agenciabrasil.ebc.com.br\/ebc.gif?w=696&#038;ssl=1\" style=\"width:1px; height:1px; display:inline;\"\/><\/p>\n<p>A brasileira fez sua estreia logo na fase de oitavas de final, e derrotou por <em>ippon <\/em>Maysa Pardayeva, do Turcomenist\u00e3o, entrando na fase de disputa pelas medalhas. No confronto de quartas de final, Rafa Silva enfrentou Eteri Liparteliani, da Ge\u00f3rgia, e venceu ap\u00f3s aplicar dois <em>waza-ari<\/em> na advers\u00e1ria em menos de dois minutos.<\/p>\n<p>Na semifinal, <a href=\"https:\/\/x.com\/JudoCBJ\/status\/1817950901623287809\" target=\"_blank\" rel=\"noopener\">Rafa Silva enfrentou a atual campe\u00e3 do mundo<\/a>, Mimi Huh, da Coreia do Sul. Em uma luta dif\u00edcil para a brasileira, a coreana foi mais segura nos golpes. O combate permaneceu empatado sem pontua\u00e7\u00f5es at\u00e9 o <em>golden score<\/em>. No tempo extra, a coreana imobilizou a judoca carioca e venceu a luta.<\/p>\n<p>Na disputa que valia a medalha de bronze, Rafa Silva teve como advers\u00e1ria a japonesa Haruka Funakubo. As duas travaram um embate longo e cansativo. Empatada, a luta se estendeu at\u00e9 mais de quatro minutos no <em>golden score<\/em>. Com o duelo equilibrado, a arbitragem aplicou uma puni\u00e7\u00e3o para brasileira por projetar um golpe usando a cabe\u00e7a no tatame. Assim, Funakubo foi declarada vencedora e conquistou o bronze.<\/p>\n<h2>Olimp\u00edada<\/h2>\n<p>Esta foi a terceira Olimp\u00edada na carreira da judoca de 32 anos. Ela estreou na edi\u00e7\u00e3o de Londres, em 2012, e conquistou a medalha de ouro no Rio, em 2016. Rafaela ficou de fora dos Jogos de T\u00f3quio, em 2021, ap\u00f3s ser suspensa por testar positivo em um exame antidoping. A brasileira tamb\u00e9m \u00e9 bicampe\u00e3 mundial de jud\u00f4 na categoria leve.<\/p>\n<p>Medalhista ol\u00edmpico nos Jogos de T\u00f3quio, em 2021, o judoca ga\u00facho Daniel Cargnin caiu na estreia em Paris. Na categoria at\u00e9 73 kg &#8211; para homens &#8211; ele enfrentou Akil Gjakova, do Kosovo, e foi derrotado por <em>ippon<\/em>, ap\u00f3s o advers\u00e1rio aplicar dois <em>waza-ari<\/em> no brasileiro. Neste ciclo ol\u00edmpico, Cargnin mudou de categoria. Antes, ele competia no peso meio-leve (at\u00e9 66 kg) e passou para a categoria leve ap\u00f3s o bronze na Olimp\u00edada.<\/p>\n<p>Nesta ter\u00e7a-feira (30) mais dois judocas brasileiros v\u00e3o competir em Paris. Ketleyn Quadros, na categoria at\u00e9 63 kg para mulheres, e Guilherme Schmidt, na categoria at\u00e9 81 kg para homens.<\/p>\n<\/p><\/div>\n<p><br \/>\n<br \/><a href=\"https:\/\/agenciabrasil.ebc.com.br\/esportes\/noticia\/2024-07\/judo-do-brasil-fecha-o-dia-sem-medalha-em-paris\" rel=\"noopener\">Ag\u00eancia Brasil<\/a><\/p>\n","protected":false},"excerpt":{"rendered":"<p>Depois de conquistar duas medalhas no domingo, o jud\u00f4 brasileiro terminou a segunda-feira (29) sem p\u00f3dios na Olimp\u00edada de Paris. A principal chance veio com a campe\u00e3 ol\u00edmpica da Rio 2016, Rafaela (Rafa) Silva, que lutou bem, mas perdeu na disputa da medalha de bronze da categoria at\u00e9 57 kg, considerada a mais equilibrada no [&hellip;]<\/p>\n","protected":false},"author":1,"featured_media":11160,"comment_status":"open","ping_status":"open","sticky":false,"template":"","format":"standard","meta":{"_jetpack_newsletter_access":"","_jetpack_dont_email_post_to_subs":false,"_jetpack_newsletter_tier_id":0,"_jetpack_memberships_contains_paywalled_content":false,"_mbp_banners":[],"_jetpack_feature_clip_id":0,"_jetpack_memberships_contains_paid_content":false,"footnotes":"","jetpack_publicize_message":"","jetpack_publicize_feature_enabled":true,"jetpack_social_post_already_shared":true,"jetpack_social_options":{"image_generator_settings":{"template":"highway","default_image_id":0,"font":"","enabled":false},"version":2},"jetpack_post_was_ever_published":false},"categories":[23],"tags":[],"class_list":["post-11159","post","type-post","status-publish","format-standard","has-post-thumbnail","category-esportes"],"jetpack_publicize_connections":[],"jetpack-related-posts":[],"jetpack_shortlink":"https:\/\/wp.me\/p7Eq1F-2TZ","jetpack_sharing_enabled":true,"jetpack_featured_media_url":"https:\/\/i0.wp.com\/guialimeira.com.br\/news\/wp-content\/uploads\/2024\/07\/2024-07-29t154714z_642236931_up1ek7t17uol6_rtrmadp_3_olympics-2024-judo.jpg?fit=1600%2C800&ssl=1","_links":{"self":[{"href":"https:\/\/guialimeira.com.br\/news\/wp-json\/wp\/v2\/posts\/11159","targetHints":{"allow":["GET"]}}],"collection":[{"href":"https:\/\/guialimeira.com.br\/news\/wp-json\/wp\/v2\/posts"}],"about":[{"href":"https:\/\/guialimeira.com.br\/news\/wp-json\/wp\/v2\/types\/post"}],"author":[{"embeddable":true,"href":"https:\/\/guialimeira.com.br\/news\/wp-json\/wp\/v2\/users\/1"}],"replies":[{"embeddable":true,"href":"https:\/\/guialimeira.com.br\/news\/wp-json\/wp\/v2\/comments?post=11159"}],"version-history":[{"count":0,"href":"https:\/\/guialimeira.com.br\/news\/wp-json\/wp\/v2\/posts\/11159\/revisions"}],"wp:featuredmedia":[{"embeddable":true,"href":"https:\/\/guialimeira.com.br\/news\/wp-json\/wp\/v2\/media\/11160"}],"wp:attachment":[{"href":"https:\/\/guialimeira.com.br\/news\/wp-json\/wp\/v2\/media?parent=11159"}],"wp:term":[{"taxonomy":"category","embeddable":true,"href":"https:\/\/guialimeira.com.br\/news\/wp-json\/wp\/v2\/categories?post=11159"},{"taxonomy":"post_tag","embeddable":true,"href":"https:\/\/guialimeira.com.br\/news\/wp-json\/wp\/v2\/tags?post=11159"}],"curies":[{"name":"wp","href":"https:\/\/api.w.org\/{rel}","templated":true}]}}