{"id":1113,"date":"2024-04-06T17:06:44","date_gmt":"2024-04-06T20:06:44","guid":{"rendered":"https:\/\/guialimeira.com.br\/2024\/04\/06\/brasil-se-especializa-na-producao-de-azeite-extra-virgem-fds-2\/"},"modified":"2024-04-06T17:06:44","modified_gmt":"2024-04-06T20:06:44","slug":"brasil-se-especializa-na-producao-de-azeite-extra-virgem-fds-2","status":"publish","type":"post","link":"https:\/\/guialimeira.com.br\/news\/brasil-se-especializa-na-producao-de-azeite-extra-virgem-fds-2\/","title":{"rendered":"Brasil se especializa na produ\u00e7\u00e3o de azeite extra virgem &#8211; FDS"},"content":{"rendered":"<p> <br \/>\n<\/p>\n<div>\n<p>Produtores brasileiros de azeite de oliva t\u00eam chances de se beneficiarem da alta internacional do pre\u00e7o do alimento, e ganhar mais espa\u00e7o para vender ao segundo maior mercado importador do mundo: o pr\u00f3prio Brasil.<img data-recalc-dims=\"1\" decoding=\"async\" src=\"https:\/\/i0.wp.com\/agenciabrasil.ebc.com.br\/ebc.png?w=696&#038;ssl=1\" style=\"width:1px; height:1px; display:inline;\"\/><img data-recalc-dims=\"1\" decoding=\"async\" src=\"https:\/\/i0.wp.com\/agenciabrasil.ebc.com.br\/ebc.gif?w=696&#038;ssl=1\" style=\"width:1px; height:1px; display:inline;\"\/><\/p>\n<p>De todo azeite que o pa\u00eds consome, menos de 1% (0,24%) \u00e9 produzido por sua lavoura. A maior participa\u00e7\u00e3o no mercado interno poder\u00e1 se dar pela qualidade do produto, o que permite crescimento de consumo mesmo quando o pre\u00e7o se eleva.<\/p>\n<p>Entre 2018 e 2022, a produ\u00e7\u00e3o de azeite s\u00f3 no Rio Grande do Sul passou de 58 mil litros para 448,5 mil litros. O estado e outras regi\u00f5es do pa\u00eds, como a Serra da Mantiqueira &#8211; entre Minas Gerais, S\u00e3o Paulo e Rio de Janeiro -, est\u00e1 se especializando na produ\u00e7\u00e3o de azeite extra virgem, de menor acidez, reconhecido como artigo especial ou premium.<\/p>\n<p>De acordo com o Internacional Olive Council, entre 2013 e 2020, o Brasil importou uma m\u00e9dia de 74 mil toneladas ao ano de azeite e \u00f3leo de baga\u00e7o de azeitona. No per\u00edodo de oito anos, a importa\u00e7\u00e3o cresceu de 73 mil toneladas ao ano para 104 mil toneladas ao ano.<\/p>\n<p>Em 2020, oitenta por cento desse volume veio de\u00a0Portugal e da Espanha. Os dois pa\u00edses da pen\u00ednsula ib\u00e9rica diminu\u00edram a produ\u00e7\u00e3o de azeite nos \u00faltimos anos por causa do aumento de temperatura quando ocorre a flora\u00e7\u00e3o das oliveiras, o que causou a eleva\u00e7\u00e3o do pre\u00e7o do produto em cerca de 45% de 2020 para c\u00e1.<\/p>\n<p>Paralelo ao encarecimento do azeite, produ\u00e7\u00e3o nacional come\u00e7a a ter reconhecimento. No m\u00eas passado, por exemplo, um azeite de marca ga\u00facha (Potenza Frutado) foi escolhido como o melhor do Hemisf\u00e9rio Sul &#8211; Pr\u00eamio Internacional Expoliva de Qualidade dos Melhores Azeites Extravirgens, realizado na Espanha (22\u00aa edi\u00e7\u00e3o).<\/p>\n<p>Abastecimento mais r\u00e1pido &#8211; Al\u00e9m de azeite extra virgem de qualidade reconhecida, o produtor nacional tem em seu favor a agilidade para abastecer o mercado interno. \u201cSe eu colher uma azeitona hoje no p\u00e9 aqui, eu posso tranquilamente em dez dias ter o azeite dela em uma loja do P\u00e3o de A\u00e7\u00facar em S\u00e3o Paulo\u201d, calcula Luiz Eduardo Batalha, o maior produtor de azeite do Brasil e dono da marca que leva seu nome.<\/p>\n<p>Batalha, que acumula experi\u00eancia com a produ\u00e7\u00e3o de carne, caf\u00e9 e cana-de-a\u00e7\u00facar em diferentes partes do pa\u00eds, cultiva oliveiras em tr\u00eas fazendas com total de 3 mil hectares nos munic\u00edpios de Pinheiro Machado e Candiota, no sudeste ga\u00facho, a cerca de 60 quil\u00f4metros da fronteira com o Uruguai.<\/p>\n<p>Segundo ele, o azeite extra virgem \u201c\u00e9 um produto que precisa de muito frescor\u201d e as marcas estrangeiras apesar do dom\u00ednio absoluto \u201cn\u00e3o competem com a rapidez que a gente tem de colocar o azeite nas g\u00f4ndolas do supermercado, nos lugares, nos restaurantes.\u201d<\/p>\n<p>O argumento do produtor faz sentido para Ticiana Werner, dona de um restaurante em Bras\u00edlia que leva o seu nome. Ela pondera que al\u00e9m do maior tempo para chegar \u00e0s redes brasileiras de abastecimento, o azeite importado pode n\u00e3o estar devidamente acondicionado em seu transporte.<\/p>\n<div class=\"dnd-widget-wrapper context-grande_6colunas type-image atom-align-right\">\n<div class=\"dnd-atom-rendered\"><!-- scald=379392:grande_6colunas {\"additionalClasses\":\"\"} --><\/p>\n<div class=\"shadow overflow-hidden rounded-lg d-block w-100\">\n            <img data-recalc-dims=\"1\" decoding=\"async\" src=\"https:\/\/i0.wp.com\/agenciabrasil.ebc.com.br\/sites\/default\/files\/thumbnails\/image\/loading_v2.gif?w=696&#038;ssl=1\" data-echo=\"https:\/\/imagens.ebc.com.br\/yvZ3h9fiqb_FG1Y9e52RsTv2GhQ=\/463x0\/smart\/https:\/\/agenciabrasil.ebc.com.br\/sites\/default\/files\/thumbnails\/image\/2024\/04\/05\/oliva_2.jpg?itok=aqKWg_lJ\" alt=\"Brasil se especializa na produ\u00e7\u00e3o de azeite de oliva extra virgem. - Azeite, azeitona, oliveiras - Foto: EMBRAPA\/LANZETTA, Paulo\" title=\"EMBRAPA\/LANZETTA\" class=\"flex-fill img-cover\"\/><br \/>\n        <img data-recalc-dims=\"1\" decoding=\"async\" src=\"https:\/\/i0.wp.com\/imagens.ebc.com.br\/yvZ3h9fiqb_FG1Y9e52RsTv2GhQ%3D\/463x0\/smart\/https%3A\/\/agenciabrasil.ebc.com.br\/sites\/default\/files\/thumbnails\/image\/2024\/04\/05\/oliva_2.jpg?w=696&#038;ssl=1\" alt=\"Brasil se especializa na produ\u00e7\u00e3o de azeite de oliva extra virgem. - Azeite, azeitona, oliveiras - Foto: EMBRAPA\/LANZETTA, Paulo\" title=\"EMBRAPA\/LANZETTA\" class=\"flex-fill img-cover\"\/>\n    <\/div>\n<p><!-- END scald=379392 --><\/div>\n<p><h6 class=\"meta\"><!--copyright=379392-->Entre 2018 e 2022, a produ\u00e7\u00e3o de azeite s\u00f3 no Rio Grande do Sul passou de 58 mil litros para 448,5 mil litros\u00a0Foto:\u00a0<strong>EMBRAPA\/LANZETTA, Paulo<\/strong><!--END copyright=379392--><\/h6>\n<\/p>\n<\/div>\n<p>\u201cUm azeite da Europa vem como? Em um cont\u00eainer. Como \u00e9 esse cont\u00eainer, \u00e9 refrigerado? Se n\u00e3o for refrigerado o azeite pode oxidar\u201d, avalia a empres\u00e1ria que desde o in\u00edcio do ano come\u00e7ou a usar azeite nacional em saladas, pratos quentes e at\u00e9 sobremesas.<\/p>\n<p>O Brasil cultiva oliveiras desde o s\u00e9culo passado, mas a perspectiva de ter uma produ\u00e7\u00e3o mais robusta e virtuosa come\u00e7ou a se desenhar entre os anos de 2005 e 2006, quando o Minist\u00e9rio da Agricultura e Pecu\u00e1ria (Mapa) demandou que a Empresa Brasileira de Pesquisa Agropecu\u00e1ria (Embrapa) avaliasse a possibilidade de o pa\u00eds cultivar oliveiras, como j\u00e1 acontecia com as vinheiras no Sul do Brasil e no Vale do S\u00e3o Francisco (Bahia e Pernambuco).<\/p>\n<p>O trabalho teve in\u00edcio com o plantio de mudas de oliveiras tradicionais em pa\u00edses de grande produ\u00e7\u00e3o. As variedades de maior sucesso foram koroneike, de origem grega; as espanholas arbequina e arbosana; e a covatina, da It\u00e1lia.<\/p>\n<p>Mudan\u00e7a no metabolismo &#8211; \u201cQuando voc\u00ea traz uma esp\u00e9cie de uma condi\u00e7\u00e3o adequada para uma condi\u00e7\u00e3o como a nossa, a planta mexe no seu metabolismo e se adapta \u00e0 nova condi\u00e7\u00e3o\u201d, explica o engenheiro agr\u00f4nomo Rog\u00e9rio Oliveira Jorge, respons\u00e1vel t\u00e9cnico em laborat\u00f3rio da Embrapa Clima Temperado em Pelotas (RS), que faz pesquisas e avalia a qualidade dos azeites produzidos no Brasil.<\/p>\n<p>O desempenho da planta depende da capacidade de se adaptar ao clima e ao solo. A ci\u00eancia sabe que as oliveiras n\u00e3o se desenvolvem bem em lugares com muita chuva e solos enxarcados.<\/p>\n<p>Al\u00e9m do baixo \u00edndice pluviom\u00e9trico e da baixa umidade relativa do ar, a planta precisa de exposi\u00e7\u00e3o ao sol e de temperaturas amenas. Nos per\u00edodos de florescimento pleno, poliniza\u00e7\u00e3o e frutifica\u00e7\u00e3o efetiva \u201ca temperatura di\u00e1ria deve ficar em torno de 20\u00baC, a fim de que todos os processos metab\u00f3licos ocorram normalmente\u201d, descreve estudo da Embrapa sobre a distribui\u00e7\u00e3o potencial de oliveiras no Brasil e no mundo, feito em 2015.<\/p>\n<p>De acordo com os pesquisadores da empresa estatal, al\u00e9m do Rio Grande do Sul e de lugares de altitude como a Serra da Mantiqueira, h\u00e1 zonas \u201capontadas como mais favor\u00e1veis\u201d no semi\u00e1rido nordestino.<\/p>\n<p>O azeite de oliva \u00e9 rico em \u00e1cidos graxos, pode ajudar a controlar os n\u00edveis de a\u00e7\u00facar no sangue e contribuem para o fortalecimento do sistema imunol\u00f3gico. Em entrevista \u00e0 <strong>Ag\u00eancia Brasil<\/strong>, a nutricionista M\u00f4nica Julien, da Secretaria de Sa\u00fade do Distrito Federal, aconselhou o consumo. \u201cEu recomendo que use azeite se poss\u00edvel, n\u00e3o em substitui\u00e7\u00e3o a todas as outras gorduras, porque at\u00e9 as gorduras saturadas t\u00eam sua fun\u00e7\u00e3o tamb\u00e9m no organismo, mas se puder acrescentar e trocar uma boa parte das gorduras por azeite \u00e9 bastante saud\u00e1vel.\u201d<\/p>\n<p>Rotineiramente, o Minist\u00e9rio da Agricultura e Pecu\u00e1ria faz fiscaliza\u00e7\u00e3o e apreens\u00f5es de azeites em supermercados. O Mapa orienta aos consumidores conferir a lista de produtos irregulares j\u00e1 apreendidos; n\u00e3o comprar a granel; optar por produtos com a data de envase mais recente; reparar a data de validade e o tempo dos ingredientes contidos &#8211; o tempo de colheita de azeitona para azeites extra virgem \u00e9 de seis meses. Outra sugest\u00e3o \u00e9 observar se o \u00f3leo est\u00e1 turvo e se na embalagem h\u00e1 informa\u00e7\u00e3o sobre mistura de \u00f3leos (adi\u00e7\u00e3o de outro \u00f3leo vegetal).<\/p>\n<\/p><\/div>\n<p><br \/>\n<br \/><a href=\"https:\/\/agenciabrasil.ebc.com.br\/geral\/noticia\/2024-04\/em-minoria-nas-prateleiras-azeite-brasileiro-tem-mercado-em-expansao\" rel=\"noopener\">Ag\u00eancia Brasil<\/a><\/p>\n","protected":false},"excerpt":{"rendered":"<p>Produtores brasileiros de azeite de oliva t\u00eam chances de se beneficiarem da alta internacional do pre\u00e7o do alimento, e ganhar mais espa\u00e7o para vender ao segundo maior mercado importador do mundo: o pr\u00f3prio Brasil. De todo azeite que o pa\u00eds consome, menos de 1% (0,24%) \u00e9 produzido por sua lavoura. A maior participa\u00e7\u00e3o no mercado [&hellip;]<\/p>\n","protected":false},"author":1,"featured_media":1094,"comment_status":"open","ping_status":"open","sticky":false,"template":"","format":"standard","meta":{"_jetpack_newsletter_access":"","_jetpack_dont_email_post_to_subs":false,"_jetpack_newsletter_tier_id":0,"_jetpack_memberships_contains_paywalled_content":false,"_mbp_banners":[],"_jetpack_feature_clip_id":0,"_jetpack_memberships_contains_paid_content":false,"footnotes":"","jetpack_publicize_message":"","jetpack_publicize_feature_enabled":true,"jetpack_social_post_already_shared":true,"jetpack_social_options":{"image_generator_settings":{"template":"highway","default_image_id":0,"font":"","enabled":false},"version":2},"jetpack_post_was_ever_published":false},"categories":[22],"tags":[],"class_list":["post-1113","post","type-post","status-publish","format-standard","has-post-thumbnail","category-nacional"],"jetpack_publicize_connections":[],"jetpack-related-posts":[],"jetpack_shortlink":"https:\/\/wp.me\/p7Eq1F-hX","jetpack_sharing_enabled":true,"jetpack_featured_media_url":"https:\/\/i0.wp.com\/guialimeira.com.br\/news\/wp-content\/uploads\/2024\/04\/oliva_1.jpg?fit=1600%2C800&ssl=1","_links":{"self":[{"href":"https:\/\/guialimeira.com.br\/news\/wp-json\/wp\/v2\/posts\/1113","targetHints":{"allow":["GET"]}}],"collection":[{"href":"https:\/\/guialimeira.com.br\/news\/wp-json\/wp\/v2\/posts"}],"about":[{"href":"https:\/\/guialimeira.com.br\/news\/wp-json\/wp\/v2\/types\/post"}],"author":[{"embeddable":true,"href":"https:\/\/guialimeira.com.br\/news\/wp-json\/wp\/v2\/users\/1"}],"replies":[{"embeddable":true,"href":"https:\/\/guialimeira.com.br\/news\/wp-json\/wp\/v2\/comments?post=1113"}],"version-history":[{"count":0,"href":"https:\/\/guialimeira.com.br\/news\/wp-json\/wp\/v2\/posts\/1113\/revisions"}],"wp:featuredmedia":[{"embeddable":true,"href":"https:\/\/guialimeira.com.br\/news\/wp-json\/wp\/v2\/media\/1094"}],"wp:attachment":[{"href":"https:\/\/guialimeira.com.br\/news\/wp-json\/wp\/v2\/media?parent=1113"}],"wp:term":[{"taxonomy":"category","embeddable":true,"href":"https:\/\/guialimeira.com.br\/news\/wp-json\/wp\/v2\/categories?post=1113"},{"taxonomy":"post_tag","embeddable":true,"href":"https:\/\/guialimeira.com.br\/news\/wp-json\/wp\/v2\/tags?post=1113"}],"curies":[{"name":"wp","href":"https:\/\/api.w.org\/{rel}","templated":true}]}}