{"id":11112,"date":"2024-07-28T14:28:49","date_gmt":"2024-07-28T17:28:49","guid":{"rendered":"https:\/\/guialimeira.com.br\/2024\/07\/28\/nadadora-brasileira-e-expulsa-da-delegacao-em-paris-apos-indisciplina\/"},"modified":"2024-07-28T14:28:49","modified_gmt":"2024-07-28T17:28:49","slug":"nadadora-brasileira-e-expulsa-da-delegacao-em-paris-apos-indisciplina","status":"publish","type":"post","link":"https:\/\/guialimeira.com.br\/news\/nadadora-brasileira-e-expulsa-da-delegacao-em-paris-apos-indisciplina\/","title":{"rendered":"Nadadora brasileira \u00e9 expulsa da delega\u00e7\u00e3o em Paris ap\u00f3s indisciplina"},"content":{"rendered":"<p> <br \/>\n<\/p>\n<div>\n<p>O <a href=\"https:\/\/www.cob.org.br\/comunicacao\/noticias\/nota-natacao\" rel=\"noopener\"><strong>Comit\u00ea Ol\u00edmpico do Brasil (COB) <\/strong><\/a>decidiu desligar a nadadora Ana Carolina Vieira da delega\u00e7\u00e3o brasileira na Olimp\u00edada de\u00a0Paris ap\u00f3s dois epis\u00f3dios de indisciplina comunicados pela comiss\u00e3o t\u00e9cnica da modalidade. Ela j\u00e1 retorna ao pa\u00eds neste domingo (28).<img data-recalc-dims=\"1\" decoding=\"async\" src=\"https:\/\/i0.wp.com\/agenciabrasil.ebc.com.br\/ebc.png?w=696&#038;ssl=1\" style=\"width:1px; height:1px; display:inline;\"\/><img data-recalc-dims=\"1\" decoding=\"async\" src=\"https:\/\/i0.wp.com\/agenciabrasil.ebc.com.br\/ebc.gif?w=696&#038;ssl=1\" style=\"width:1px; height:1px; display:inline;\"\/><\/p>\n<p>O chefe de equipe da nata\u00e7\u00e3o, Gustavo Otsuka, relatou que, primeiramente, Ana Carolina Vieira e o namorado Gabriel Santos, que tamb\u00e9m \u00e9 atleta da nata\u00e7\u00e3o, sa\u00edram da Vila Ol\u00edmpica sem autoriza\u00e7\u00e3o na sexta-feira (26). Os dois publicaram fotos nas redes sociais na capital francesa fora da vila. Segundo Otsuka, toda sa\u00edda da vila dos atletas deve ser previamente comunicada, por motivos de seguran\u00e7a.<\/p>\n<p>No entanto, o que causou a exclus\u00e3o de Ana Vieira da delega\u00e7\u00e3o n\u00e3o foi este epis\u00f3dio. No s\u00e1bado (27), a atleta fez parte do revezamento 4x100m livre feminino, que acabou eliminado antes da final. Vieira teria contestado de forma veemente a mudan\u00e7a na escala\u00e7\u00e3o do revezamento, que nadou sem Maf\u00ea Costa, poupada. O <a href=\"https:\/\/www.cbda.org.br\/noticia\/20835\/comunicado-atos-de-indisciplina-na-selecao-olimpica-de-natacao\" rel=\"noopener\"><strong>comunicado da CBDA (<\/strong><\/a>Confedera\u00e7\u00e3o Brasileira de Desportos Aqu\u00e1ticos) diz que a decis\u00e3o t\u00e9cnica foi contestada &#8220;de forma desrespeitosa e agressiva&#8221;.<\/p>\n<p>Ainda segundo o comunicado publicado em conjunto por COB e CBDA, a defini\u00e7\u00e3o pela exclus\u00e3o de Ana Vieira foi em comum acordo entre membros da comiss\u00e3o t\u00e9cnica, o chefe Otsuka e a dire\u00e7\u00e3o da confedera\u00e7\u00e3o da modalidade. Ana Vieira ainda poderia atuar no revezamento 4&#215;100 medley misto.<\/p>\n<p>Gabriel Santos, que participou do revezamento 4&#215;100 livre masculino e n\u00e3o tinha mais provas a nadar, foi punido apenas com uma advert\u00eancia.<\/p>\n<p>O clube Pinheiros, onde ambos os atletas atuam, publicou nota oficial sobre o caso.\u00a0<\/p>\n<blockquote>\n<p>&#8220;O Esporte Clube Pinheiros tomou conhecimento da puni\u00e7\u00e3o aos atletas Ana Carolina Vieira e Gabriel Santos, da Nata\u00e7\u00e3o, e do desligamento da atleta da delega\u00e7\u00e3o brasileira nos Jogos Ol\u00edmpicos de Paris. O Clube vai aguardar o retorno de Ana ao Brasil para conversar com ela e apurar os fatos com os envolvidos. O Pinheiros segue confiante na participa\u00e7\u00e3o de seus atletas nos Jogos Ol\u00edmpicos e em sua contribui\u00e7\u00e3o para o esporte \u00a0brasileiro.&#8221;.<\/p>\n<\/blockquote>\n<p>At\u00e9 o momento, nenhum dos dois nadadores se manifestou sobre as puni\u00e7\u00f5es.<\/p>\n<\/p><\/div>\n<p><br \/>\n<br \/><a href=\"https:\/\/agenciabrasil.ebc.com.br\/esportes\/noticia\/2024-07\/nadadora-brasileira-e-expulsa-da-delegacao-em-paris-apos-indisciplina\" rel=\"noopener\">Ag\u00eancia Brasil<\/a><\/p>\n","protected":false},"excerpt":{"rendered":"<p>O Comit\u00ea Ol\u00edmpico do Brasil (COB) decidiu desligar a nadadora Ana Carolina Vieira da delega\u00e7\u00e3o brasileira na Olimp\u00edada de\u00a0Paris ap\u00f3s dois epis\u00f3dios de indisciplina comunicados pela comiss\u00e3o t\u00e9cnica da modalidade. Ela j\u00e1 retorna ao pa\u00eds neste domingo (28). O chefe de equipe da nata\u00e7\u00e3o, Gustavo Otsuka, relatou que, primeiramente, Ana Carolina Vieira e o namorado [&hellip;]<\/p>\n","protected":false},"author":1,"featured_media":11113,"comment_status":"open","ping_status":"open","sticky":false,"template":"","format":"standard","meta":{"_jetpack_newsletter_access":"","_jetpack_dont_email_post_to_subs":false,"_jetpack_newsletter_tier_id":0,"_jetpack_memberships_contains_paywalled_content":false,"_mbp_banners":[],"_jetpack_feature_clip_id":0,"_jetpack_memberships_contains_paid_content":false,"footnotes":"","jetpack_publicize_message":"","jetpack_publicize_feature_enabled":true,"jetpack_social_post_already_shared":true,"jetpack_social_options":{"image_generator_settings":{"template":"highway","default_image_id":0,"font":"","enabled":false},"version":2},"jetpack_post_was_ever_published":false},"categories":[23],"tags":[],"class_list":["post-11112","post","type-post","status-publish","format-standard","has-post-thumbnail","category-esportes"],"jetpack_publicize_connections":[],"jetpack-related-posts":[],"jetpack_shortlink":"https:\/\/wp.me\/p7Eq1F-2Te","jetpack_sharing_enabled":true,"jetpack_featured_media_url":"https:\/\/i0.wp.com\/guialimeira.com.br\/news\/wp-content\/uploads\/2024\/07\/ana_carolina_vieira_nat_expulsa_paris_2024.jpg?fit=1600%2C800&ssl=1","_links":{"self":[{"href":"https:\/\/guialimeira.com.br\/news\/wp-json\/wp\/v2\/posts\/11112","targetHints":{"allow":["GET"]}}],"collection":[{"href":"https:\/\/guialimeira.com.br\/news\/wp-json\/wp\/v2\/posts"}],"about":[{"href":"https:\/\/guialimeira.com.br\/news\/wp-json\/wp\/v2\/types\/post"}],"author":[{"embeddable":true,"href":"https:\/\/guialimeira.com.br\/news\/wp-json\/wp\/v2\/users\/1"}],"replies":[{"embeddable":true,"href":"https:\/\/guialimeira.com.br\/news\/wp-json\/wp\/v2\/comments?post=11112"}],"version-history":[{"count":0,"href":"https:\/\/guialimeira.com.br\/news\/wp-json\/wp\/v2\/posts\/11112\/revisions"}],"wp:featuredmedia":[{"embeddable":true,"href":"https:\/\/guialimeira.com.br\/news\/wp-json\/wp\/v2\/media\/11113"}],"wp:attachment":[{"href":"https:\/\/guialimeira.com.br\/news\/wp-json\/wp\/v2\/media?parent=11112"}],"wp:term":[{"taxonomy":"category","embeddable":true,"href":"https:\/\/guialimeira.com.br\/news\/wp-json\/wp\/v2\/categories?post=11112"},{"taxonomy":"post_tag","embeddable":true,"href":"https:\/\/guialimeira.com.br\/news\/wp-json\/wp\/v2\/tags?post=11112"}],"curies":[{"name":"wp","href":"https:\/\/api.w.org\/{rel}","templated":true}]}}