{"id":1111,"date":"2024-04-06T16:42:47","date_gmt":"2024-04-06T19:42:47","guid":{"rendered":"https:\/\/guialimeira.com.br\/2024\/04\/06\/urna-eletronica-tera-nova-voz-para-eleitores-cegos-ou-com-baixa-visao\/"},"modified":"2024-04-06T16:42:47","modified_gmt":"2024-04-06T19:42:47","slug":"urna-eletronica-tera-nova-voz-para-eleitores-cegos-ou-com-baixa-visao","status":"publish","type":"post","link":"https:\/\/guialimeira.com.br\/news\/urna-eletronica-tera-nova-voz-para-eleitores-cegos-ou-com-baixa-visao\/","title":{"rendered":"Urna eletr\u00f4nica ter\u00e1 nova voz para eleitores cegos ou com baixa vis\u00e3o"},"content":{"rendered":"<p> <br \/>\n<\/p>\n<div>\n<p>As urnas eletr\u00f4nicas a serem usadas nas elei\u00e7\u00f5es municipais desse ano\u00a0ter\u00e3o\u00a0uma nova voz sintetizada para auxiliar pessoas com defici\u00eancia visual na hora de votar para prefeito e vereador.<img data-recalc-dims=\"1\" decoding=\"async\" src=\"https:\/\/i0.wp.com\/agenciabrasil.ebc.com.br\/ebc.png?w=696&#038;ssl=1\" style=\"width:1px; height:1px; display:inline;\"\/><img data-recalc-dims=\"1\" decoding=\"async\" src=\"https:\/\/i0.wp.com\/agenciabrasil.ebc.com.br\/ebc.gif?w=696&#038;ssl=1\" style=\"width:1px; height:1px; display:inline;\"\/><\/p>\n<p>A voz batizada como Let\u00edcia\u00a0\u00e9 da cantora <a href=\"https:\/\/www.instagram.com\/sarabentesoficial\/\" target=\"_blank\" rel=\"noopener\">Sara Bentes<\/a>,\u00a0de Volta Redonda (RJ), que nasceu com defici\u00eancia visual. Todos os modelos de urna eletr\u00f4nicas utilizados nos dias 6 (data do primeiro turno) e 27 de outubro (segundo turno) estar\u00e3o equipados com a inova\u00e7\u00e3o.<\/p>\n<p>A voz dar\u00e1 as instru\u00e7\u00f5es b\u00e1sicas, o in\u00edcio do uso da urna pelos eleitores, e informar\u00e1 o cargo que est\u00e1 em vota\u00e7\u00e3o a cada momento, os n\u00fameros digitados e o nome da candidato escolhido.<\/p>\n<p>De acordo com nota do Tribunal Superior Eleitoral (TSE), \u201cao entrar na se\u00e7\u00e3o eleitoral e se identificar, a pessoa deve comunicar a defici\u00eancia visual \u00e0 equipe de mes\u00e1rias e mes\u00e1rios, que habilitar\u00e1 a urna e entregar\u00e1 fones de ouvido para uso durante a perman\u00eancia na cabine eleitoral.\u201d<\/p>\n<p>O TSE afirma que a voz tem \u201cum toque mais humano\u201d, \u201cnatural\u201d e \u201cintelig\u00edvel\u201d, e vai melhorar a compreens\u00e3o dos eleitores. A corte eleitoral acredita que a inova\u00e7\u00e3o tecnol\u00f3gica ser\u00e1 um \u201cavan\u00e7o\u201d na compara\u00e7\u00e3o com as urnas utilizadas de 2000 a 2018 \u2013 \u201cque comunicavam o cargo em vota\u00e7\u00e3o e os n\u00fameros das candidaturas, mas ainda n\u00e3o informavam o nome dos concorrentes.\u201d<\/p>\n<p>A melhoria da urna eletr\u00f4nica atende \u00e0 sugest\u00e3o da Organiza\u00e7\u00e3o Nacional de Cegos do Brasil, feita em outubro de 2022 \u00e0 Se\u00e7\u00e3o de Voto Informatizado do TSE.<\/p>\n<h2>Sem fraude<\/h2>\n<p>A urna eletr\u00f4nica \u00e9 um equipamento de processamento de dados que com o seu software (programas) permite a coleta de votos em uma elei\u00e7\u00e3o e posteriormente a sua transmiss\u00e3o. A tecnologia que \u00e9 nacional come\u00e7ou a ser implementada no Brasil em 1996.<\/p>\n<p>Em quase 30 anos de uso e servindo para recolher os votos de todos pleitos &#8211; presidente, governador, senador, deputado federal, deputado estadual, deputado distrital, prefeito e vereador \u2013 a urna eletr\u00f4nica nunca apresentou falhas ou vulnerabilidades a fraudes, conforme as <a href=\"https:\/\/agenciabrasil.ebc.com.br\/justica\/noticia\/2023-12\/tse-encerra-testes-publicos-de-urnas-para-eleicoes-de-2024\" target=\"_blank\" rel=\"noopener\">dezenas de testes<\/a> p\u00fablicos de seguran\u00e7a, auditorias e verifica\u00e7\u00f5es de resultados feitos diretamente por eleitores, partidos pol\u00edticos, Minist\u00e9rio P\u00fablico, Ordem dos Advogados do Brasil, Congresso Nacional, Supremo Tribunal Federal, Controladoria-Geral da Uni\u00e3o, Pol\u00edcia Federa, Sociedade Brasileira de Computa\u00e7\u00e3o, Conselho Federal de Engenharia e Agronomia, al\u00e9m dos departamentos de Tecnologia da Informa\u00e7\u00e3o de universidades.<\/p>\n<\/p><\/div>\n<p><script async src=\"\/\/www.instagram.com\/embed.js\"><\/script><br \/>\n<br \/><br \/>\n<br \/><a href=\"https:\/\/agenciabrasil.ebc.com.br\/geral\/noticia\/2024-04\/urna-eletronica-tera-nova-voz-para-eleitores-cegos-ou-com-baixa-visao\" rel=\"noopener\">Ag\u00eancia Brasil<\/a><\/p>\n","protected":false},"excerpt":{"rendered":"<p>As urnas eletr\u00f4nicas a serem usadas nas elei\u00e7\u00f5es municipais desse ano\u00a0ter\u00e3o\u00a0uma nova voz sintetizada para auxiliar pessoas com defici\u00eancia visual na hora de votar para prefeito e vereador. A voz batizada como Let\u00edcia\u00a0\u00e9 da cantora Sara Bentes,\u00a0de Volta Redonda (RJ), que nasceu com defici\u00eancia visual. Todos os modelos de urna eletr\u00f4nicas utilizados nos dias 6 [&hellip;]<\/p>\n","protected":false},"author":1,"featured_media":1112,"comment_status":"open","ping_status":"open","sticky":false,"template":"","format":"standard","meta":{"_jetpack_newsletter_access":"","_jetpack_dont_email_post_to_subs":false,"_jetpack_newsletter_tier_id":0,"_jetpack_memberships_contains_paywalled_content":false,"_mbp_banners":[],"_jetpack_feature_clip_id":0,"_jetpack_memberships_contains_paid_content":false,"footnotes":"","jetpack_publicize_message":"","jetpack_publicize_feature_enabled":true,"jetpack_social_post_already_shared":true,"jetpack_social_options":{"image_generator_settings":{"template":"highway","default_image_id":0,"font":"","enabled":false},"version":2},"jetpack_post_was_ever_published":false},"categories":[1],"tags":[],"class_list":["post-1111","post","type-post","status-publish","format-standard","has-post-thumbnail","category-geral"],"jetpack_publicize_connections":[],"jetpack-related-posts":[],"jetpack_shortlink":"https:\/\/wp.me\/p7Eq1F-hV","jetpack_sharing_enabled":true,"jetpack_featured_media_url":"https:\/\/i0.wp.com\/guialimeira.com.br\/news\/wp-content\/uploads\/2024\/04\/50429036346_a9271a4327_o.jpg?fit=1600%2C800&ssl=1","_links":{"self":[{"href":"https:\/\/guialimeira.com.br\/news\/wp-json\/wp\/v2\/posts\/1111","targetHints":{"allow":["GET"]}}],"collection":[{"href":"https:\/\/guialimeira.com.br\/news\/wp-json\/wp\/v2\/posts"}],"about":[{"href":"https:\/\/guialimeira.com.br\/news\/wp-json\/wp\/v2\/types\/post"}],"author":[{"embeddable":true,"href":"https:\/\/guialimeira.com.br\/news\/wp-json\/wp\/v2\/users\/1"}],"replies":[{"embeddable":true,"href":"https:\/\/guialimeira.com.br\/news\/wp-json\/wp\/v2\/comments?post=1111"}],"version-history":[{"count":0,"href":"https:\/\/guialimeira.com.br\/news\/wp-json\/wp\/v2\/posts\/1111\/revisions"}],"wp:featuredmedia":[{"embeddable":true,"href":"https:\/\/guialimeira.com.br\/news\/wp-json\/wp\/v2\/media\/1112"}],"wp:attachment":[{"href":"https:\/\/guialimeira.com.br\/news\/wp-json\/wp\/v2\/media?parent=1111"}],"wp:term":[{"taxonomy":"category","embeddable":true,"href":"https:\/\/guialimeira.com.br\/news\/wp-json\/wp\/v2\/categories?post=1111"},{"taxonomy":"post_tag","embeddable":true,"href":"https:\/\/guialimeira.com.br\/news\/wp-json\/wp\/v2\/tags?post=1111"}],"curies":[{"name":"wp","href":"https:\/\/api.w.org\/{rel}","templated":true}]}}