{"id":11103,"date":"2024-07-28T10:10:48","date_gmt":"2024-07-28T13:10:48","guid":{"rendered":"https:\/\/guialimeira.com.br\/2024\/07\/28\/venezuelanos-vao-as-urnas-eleger-novo-presidente\/"},"modified":"2024-07-28T10:10:48","modified_gmt":"2024-07-28T13:10:48","slug":"venezuelanos-vao-as-urnas-eleger-novo-presidente","status":"publish","type":"post","link":"https:\/\/guialimeira.com.br\/news\/venezuelanos-vao-as-urnas-eleger-novo-presidente\/","title":{"rendered":"Venezuelanos v\u00e3o \u00e0s urnas eleger novo presidente"},"content":{"rendered":"<p> <br \/>\n<\/p>\n<div>\n<p>Cerca de 21 milh\u00f5es de venezuelanos v\u00e3o hoje (28) \u00e0s urnas eleger o pr\u00f3ximo presidente, que vai governar o pa\u00eds sul-americano entre 2025 e 2031. O atual presidente, Nicol\u00e1s Maduro, no poder desde 2013, enfrenta nas urnas nove concorrentes.\u00a0<img data-recalc-dims=\"1\" decoding=\"async\" src=\"https:\/\/i0.wp.com\/agenciabrasil.ebc.com.br\/ebc.png?w=696&#038;ssl=1\" style=\"width:1px; height:1px; display:inline;\"\/><img data-recalc-dims=\"1\" decoding=\"async\" src=\"https:\/\/i0.wp.com\/agenciabrasil.ebc.com.br\/ebc.gif?w=696&#038;ssl=1\" style=\"width:1px; height:1px; display:inline;\"\/><\/p>\n<p>Esta \u00e9 a primeira elei\u00e7\u00e3o, desde 2015, em que toda a oposi\u00e7\u00e3o aceitou participar do pleito. Desde 2017, os principais partidos de oposi\u00e7\u00e3o vinham boicotando as elei\u00e7\u00f5es nacionais.<\/p>\n<p>As pesquisas eleitorais da Venezuela <a href=\"https:\/\/agenciabrasil.ebc.com.br\/internacional\/noticia\/2024-07\/venezuela-sete-dias-da-eleicao-pesquisas-divergem-sobre-resultado\" target=\"_blank\" rel=\"noopener\">divergem sobre o resultado<\/a> do pleito presidencial. Enquanto algumas enquetes d\u00e3o a vit\u00f3ria com ampla margem ao principal candidato da oposi\u00e7\u00e3o, Edmundo Gonz\u00e1lez Urrutia, outros levantamentos apontam para uma vit\u00f3ria do atual presidente Nicol\u00e1s Maduro, tamb\u00e9m com uma margem confort\u00e1vel.<\/p>\n<p><strong><a href=\"https:\/\/agenciabrasil.ebc.com.br\/internacional\/noticia\/2024-07\/entenda-como-funciona-e-quais-criticas-eleicao-da-venezuela\" target=\"_blank\" rel=\"noopener\">&gt;&gt;\u00a0Entenda como funciona e quais as cr\u00edticas \u00e0 elei\u00e7\u00e3o na Venezuela<\/a><\/strong><\/p>\n<p>A Venezuela enfrenta um bloqueio financeiro e comercial pelo menos desde 2017, quando pot\u00eancias como Estados Unidos, Canad\u00e1, Reino Unido e Uni\u00e3o Europeia passaram a n\u00e3o reconhecer a legitimidade do governo Maduro.<\/p>\n<p>O pa\u00eds vizinho tamb\u00e9m passou por grave crise econ\u00f4mica no per\u00edodo, com hiperinfla\u00e7\u00e3o e perda de cerca de 75% do PIB (Produto Interno Bruto, soma de todos os bens e servi\u00e7os produzidos no pa\u00eds), o que resultou na migra\u00e7\u00e3o de mais de 7 milh\u00f5es de pessoas.<\/p>\n<p>Desde meados de 2021, o pa\u00eds vem <a href=\"https:\/\/agenciabrasil.ebc.com.br\/internacional\/noticia\/2024-07\/inflacao-na-venezuela-desacelera-eleitores-nao-conseguem-pagar-contas\" target=\"_blank\" rel=\"noopener\">mostrando alguma recupera\u00e7\u00e3o econ\u00f4mica<\/a>. A hiperinfla\u00e7\u00e3o foi controlada, e a economia voltou a crescer em 2022 e 2023, por\u00e9m, os sal\u00e1rios continuam baixos e os servi\u00e7os p\u00fablicos deteriorados.<\/p>\n<p>Desde 2022, o embargo econ\u00f4mico vem sendo parcialmente flexibilizado e um acordo entre oposi\u00e7\u00e3o e governo foi firmado para as elei\u00e7\u00f5es deste ano. Por\u00e9m, den\u00fancias de pris\u00f5es de opositores nos \u00faltimos dias e recusas a assinar acordo para respeitar o resultado eleitoral por alguns candidatos da oposi\u00e7\u00e3o, entre eles, o favorito Edmundo Gonz\u00e1lez, jogam d\u00favidas sobre o dia ap\u00f3s a vota\u00e7\u00e3o.<\/p>\n<\/p><\/div>\n<p><br \/>\n<br \/><a href=\"https:\/\/agenciabrasil.ebc.com.br\/internacional\/noticia\/2024-07\/venezuelanos-vao-urnas-eleger-novo-presidente\" rel=\"noopener\">Ag\u00eancia Brasil <\/a><\/p>\n","protected":false},"excerpt":{"rendered":"<p>Cerca de 21 milh\u00f5es de venezuelanos v\u00e3o hoje (28) \u00e0s urnas eleger o pr\u00f3ximo presidente, que vai governar o pa\u00eds sul-americano entre 2025 e 2031. O atual presidente, Nicol\u00e1s Maduro, no poder desde 2013, enfrenta nas urnas nove concorrentes.\u00a0 Esta \u00e9 a primeira elei\u00e7\u00e3o, desde 2015, em que toda a oposi\u00e7\u00e3o aceitou participar do pleito. [&hellip;]<\/p>\n","protected":false},"author":1,"featured_media":269,"comment_status":"open","ping_status":"open","sticky":false,"template":"","format":"standard","meta":{"_jetpack_newsletter_access":"","_jetpack_dont_email_post_to_subs":false,"_jetpack_newsletter_tier_id":0,"_jetpack_memberships_contains_paywalled_content":false,"_mbp_banners":[],"_jetpack_feature_clip_id":0,"_jetpack_memberships_contains_paid_content":false,"footnotes":"","jetpack_publicize_message":"","jetpack_publicize_feature_enabled":true,"jetpack_social_post_already_shared":true,"jetpack_social_options":{"image_generator_settings":{"template":"highway","default_image_id":0,"font":"","enabled":false},"version":2},"jetpack_post_was_ever_published":false},"categories":[25],"tags":[],"class_list":["post-11103","post","type-post","status-publish","format-standard","has-post-thumbnail","category-internacional"],"jetpack_publicize_connections":[],"jetpack-related-posts":[],"jetpack_shortlink":"https:\/\/wp.me\/p7Eq1F-2T5","jetpack_sharing_enabled":true,"jetpack_featured_media_url":"https:\/\/i0.wp.com\/guialimeira.com.br\/news\/wp-content\/uploads\/2024\/03\/thumb_1200x600_agbrasil.png?fit=1200%2C600&ssl=1","_links":{"self":[{"href":"https:\/\/guialimeira.com.br\/news\/wp-json\/wp\/v2\/posts\/11103","targetHints":{"allow":["GET"]}}],"collection":[{"href":"https:\/\/guialimeira.com.br\/news\/wp-json\/wp\/v2\/posts"}],"about":[{"href":"https:\/\/guialimeira.com.br\/news\/wp-json\/wp\/v2\/types\/post"}],"author":[{"embeddable":true,"href":"https:\/\/guialimeira.com.br\/news\/wp-json\/wp\/v2\/users\/1"}],"replies":[{"embeddable":true,"href":"https:\/\/guialimeira.com.br\/news\/wp-json\/wp\/v2\/comments?post=11103"}],"version-history":[{"count":0,"href":"https:\/\/guialimeira.com.br\/news\/wp-json\/wp\/v2\/posts\/11103\/revisions"}],"wp:featuredmedia":[{"embeddable":true,"href":"https:\/\/guialimeira.com.br\/news\/wp-json\/wp\/v2\/media\/269"}],"wp:attachment":[{"href":"https:\/\/guialimeira.com.br\/news\/wp-json\/wp\/v2\/media?parent=11103"}],"wp:term":[{"taxonomy":"category","embeddable":true,"href":"https:\/\/guialimeira.com.br\/news\/wp-json\/wp\/v2\/categories?post=11103"},{"taxonomy":"post_tag","embeddable":true,"href":"https:\/\/guialimeira.com.br\/news\/wp-json\/wp\/v2\/tags?post=11103"}],"curies":[{"name":"wp","href":"https:\/\/api.w.org\/{rel}","templated":true}]}}