{"id":11094,"date":"2024-07-27T18:47:51","date_gmt":"2024-07-27T21:47:51","guid":{"rendered":"https:\/\/guialimeira.com.br\/2024\/07\/27\/nana-caymmi-e-internada-no-rio-de-janeiro-com-arritmia-cardiaca\/"},"modified":"2024-07-27T18:47:51","modified_gmt":"2024-07-27T21:47:51","slug":"nana-caymmi-e-internada-no-rio-de-janeiro-com-arritmia-cardiaca","status":"publish","type":"post","link":"https:\/\/guialimeira.com.br\/news\/nana-caymmi-e-internada-no-rio-de-janeiro-com-arritmia-cardiaca\/","title":{"rendered":"Nana Caymmi \u00e9 internada no Rio de Janeiro com arritmia card\u00edaca"},"content":{"rendered":"<p> <br \/>\n<\/p>\n<div>\n<p>A cantora Nana Caymmi, de 83 anos, est\u00e1\u00a0internada na Unidade Coronariana da Casa de Sa\u00fade S\u00e3o Jos\u00e9, no Rio de Janeiro. Ela deu\u00a0entrada na emerg\u00eancia, na madrugada desta sexta-feira (26).<img data-recalc-dims=\"1\" decoding=\"async\" src=\"https:\/\/i0.wp.com\/agenciabrasil.ebc.com.br\/ebc.png?w=696&#038;ssl=1\" style=\"width:1px; height:1px; display:inline;\"\/><img data-recalc-dims=\"1\" decoding=\"async\" src=\"https:\/\/i0.wp.com\/agenciabrasil.ebc.com.br\/ebc.gif?w=696&#038;ssl=1\" style=\"width:1px; height:1px; display:inline;\"\/><\/p>\n<p>A artista foi atendida na emerg\u00eancia com um quadro de arritmia card\u00edaca. N\u00e3o h\u00e1 previs\u00e3o\u00a0de alta da interna\u00e7\u00e3o.<\/p>\n<p>Em 2016, a cantora passou por uma cirurgia de remo\u00e7\u00e3o de um tumor na parte externa do est\u00f4mago, afastando-se dos palcos. Em 2019,\u00a0gravou um disco com a obra de Tito Madi, e, no ano seguinte, outro com can\u00e7\u00f5es de Tom Jobim e Vinicius de Moraes.<\/p>\n<p>Nana Caymmi \u00e9 filha do cantor e compositor Dorival Caymmi\u00a0e da cantora Stella Maris. Ela\u00a0iniciou a carreira art\u00edstica em 1960.<\/p>\n<\/p><\/div>\n<p><br \/>\n<br \/><a href=\"https:\/\/agenciabrasil.ebc.com.br\/saude\/noticia\/2024-07\/nana-caymmi-e-internada-no-rio-de-janeiro-com-arritmia-cardiaca\" rel=\"noopener\">Ag\u00eancia Brasil <\/a><\/p>\n","protected":false},"excerpt":{"rendered":"<p>A cantora Nana Caymmi, de 83 anos, est\u00e1\u00a0internada na Unidade Coronariana da Casa de Sa\u00fade S\u00e3o Jos\u00e9, no Rio de Janeiro. Ela deu\u00a0entrada na emerg\u00eancia, na madrugada desta sexta-feira (26). A artista foi atendida na emerg\u00eancia com um quadro de arritmia card\u00edaca. N\u00e3o h\u00e1 previs\u00e3o\u00a0de alta da interna\u00e7\u00e3o. Em 2016, a cantora passou por uma [&hellip;]<\/p>\n","protected":false},"author":1,"featured_media":269,"comment_status":"open","ping_status":"open","sticky":false,"template":"","format":"standard","meta":{"_jetpack_newsletter_access":"","_jetpack_dont_email_post_to_subs":false,"_jetpack_newsletter_tier_id":0,"_jetpack_memberships_contains_paywalled_content":false,"_mbp_banners":[],"_jetpack_feature_clip_id":0,"_jetpack_memberships_contains_paid_content":false,"footnotes":"","jetpack_publicize_message":"","jetpack_publicize_feature_enabled":true,"jetpack_social_post_already_shared":true,"jetpack_social_options":{"image_generator_settings":{"template":"highway","default_image_id":0,"font":"","enabled":false},"version":2},"jetpack_post_was_ever_published":false},"categories":[15],"tags":[],"class_list":["post-11094","post","type-post","status-publish","format-standard","has-post-thumbnail","category-saude"],"jetpack_publicize_connections":[],"jetpack-related-posts":[],"jetpack_shortlink":"https:\/\/wp.me\/p7Eq1F-2SW","jetpack_sharing_enabled":true,"jetpack_featured_media_url":"https:\/\/i0.wp.com\/guialimeira.com.br\/news\/wp-content\/uploads\/2024\/03\/thumb_1200x600_agbrasil.png?fit=1200%2C600&ssl=1","_links":{"self":[{"href":"https:\/\/guialimeira.com.br\/news\/wp-json\/wp\/v2\/posts\/11094","targetHints":{"allow":["GET"]}}],"collection":[{"href":"https:\/\/guialimeira.com.br\/news\/wp-json\/wp\/v2\/posts"}],"about":[{"href":"https:\/\/guialimeira.com.br\/news\/wp-json\/wp\/v2\/types\/post"}],"author":[{"embeddable":true,"href":"https:\/\/guialimeira.com.br\/news\/wp-json\/wp\/v2\/users\/1"}],"replies":[{"embeddable":true,"href":"https:\/\/guialimeira.com.br\/news\/wp-json\/wp\/v2\/comments?post=11094"}],"version-history":[{"count":0,"href":"https:\/\/guialimeira.com.br\/news\/wp-json\/wp\/v2\/posts\/11094\/revisions"}],"wp:featuredmedia":[{"embeddable":true,"href":"https:\/\/guialimeira.com.br\/news\/wp-json\/wp\/v2\/media\/269"}],"wp:attachment":[{"href":"https:\/\/guialimeira.com.br\/news\/wp-json\/wp\/v2\/media?parent=11094"}],"wp:term":[{"taxonomy":"category","embeddable":true,"href":"https:\/\/guialimeira.com.br\/news\/wp-json\/wp\/v2\/categories?post=11094"},{"taxonomy":"post_tag","embeddable":true,"href":"https:\/\/guialimeira.com.br\/news\/wp-json\/wp\/v2\/tags?post=11094"}],"curies":[{"name":"wp","href":"https:\/\/api.w.org\/{rel}","templated":true}]}}