{"id":11084,"date":"2024-07-27T15:05:49","date_gmt":"2024-07-27T18:05:49","guid":{"rendered":"https:\/\/guialimeira.com.br\/2024\/07\/27\/brasil-se-classifica-as-finais-dos-400m-livre-da-natacao-em-paris\/"},"modified":"2024-07-27T15:05:49","modified_gmt":"2024-07-27T18:05:49","slug":"brasil-se-classifica-as-finais-dos-400m-livre-da-natacao-em-paris","status":"publish","type":"post","link":"https:\/\/guialimeira.com.br\/news\/brasil-se-classifica-as-finais-dos-400m-livre-da-natacao-em-paris\/","title":{"rendered":"Brasil se classifica \u00e0s finais dos 400m livre da nata\u00e7\u00e3o em Paris"},"content":{"rendered":"<p> <br \/>\n<\/p>\n<div>\n<p>A nata\u00e7\u00e3o brasileira estreou em grande estilo neste s\u00e1bado (27) na La Def\u00e9nse Arena, em Paris. Os cariocas Maria Fernanda Costa, a Maf\u00ea, e Guilherme Costa, tamb\u00e9m conhecido pelo apelido de Cachorr\u00e3o, se classificaram \u00e0s finais dos 400 metros livre. A decis\u00e3o por medalhas ocorrer\u00e1 logo mais: \u00e0s 15h42 (hor\u00e1rio de Bras\u00edlia) na disputa masculina, e \u00e0s 15h52 na feminina.<img data-recalc-dims=\"1\" decoding=\"async\" src=\"https:\/\/i0.wp.com\/agenciabrasil.ebc.com.br\/ebc.png?w=696&#038;ssl=1\" style=\"width:1px; height:1px; display:inline;\"\/><img data-recalc-dims=\"1\" decoding=\"async\" src=\"https:\/\/i0.wp.com\/agenciabrasil.ebc.com.br\/ebc.gif?w=696&#038;ssl=1\" style=\"width:1px; height:1px; display:inline;\"\/><\/p>\n<p>Ap\u00f3s 76 anos, a estreante em Olimp\u00edadas Maf\u00ea Costa, de 22 anos, colocou o Brasil de volta em uma final por disputa de medalha dos 400m livre. Entre 21 participantes da fase classificat\u00f3ria, a carioca fez o s\u00e9timo melhor tempo (4min03s47). A primeira colocada foi a norte-americana Katle Ledecky (4min02s19), que t\u00eam no curr\u00edculo 10 medalhas ol\u00edmpicas.<\/p>\n<blockquote class=\"twitter-tweet\">\n<p dir=\"ltr\" lang=\"pt\" xml:lang=\"pt\">FINAL EM DOSE DUPLA! \ud83c\udfca\ud83c\udffb<\/p>\n<p>No primeiro dia da nata\u00e7\u00e3o em <a href=\"https:\/\/twitter.com\/hashtag\/Paris2024?src=hash&amp;ref_src=twsrc%5Etfw\" rel=\"noopener\">#Paris2024<\/a>, o <a href=\"https:\/\/twitter.com\/hashtag\/TimeBrasil?src=hash&amp;ref_src=twsrc%5Etfw\" rel=\"noopener\">#TimeBrasil<\/a> conquistou duas vagas nas finais dos 400m livre.<\/p>\n<p>Mafe Costa concluiu a bateria na quinta posi\u00e7\u00e3o, com o tempo de 4:03.47, e a s\u00e9tima coloca\u00e7\u00e3o geral no feminino. E Guilherme Costa, o Cachorr\u00e3o,\u2026 <a href=\"https:\/\/t.co\/NjplDoGj4O\">pic.twitter.com\/NjplDoGj4O<\/a><\/p>\n<p>\u2014 Time Brasil (@timebrasil) <a href=\"https:\/\/twitter.com\/timebrasil\/status\/1817151050526199839?ref_src=twsrc%5Etfw\" rel=\"noopener\">July 27, 2024<\/a><\/p><\/blockquote>\n<blockquote>\n<p>\u201cNadar de manh\u00e3 \u00e9 sempre um pouco dif\u00edcil. Ainda mais estrear. Estou tentando me acostumar. Cada vez que abro uma competi\u00e7\u00e3o \u00e9 um passo \u00e0 frente. Foi o passo suficiente para entrar em uma final. Foi bem apertado. Queria ter feito melhor, mas o nervosismo e o frio na barriga podem ter mexido comigo. Mas fico grata por ter entrado na minha primeira final ol\u00edmpica&#8221;, disse Maf\u00ea, em depoimento ao Comit\u00ea Ol\u00edmpico do Brasil).<\/p>\n<\/blockquote>\n<p>A brasileira decidir\u00e1 o p\u00f3dio com outras sete nadadoras; Katie Ledecky (Estados Unidos), Ariarne Titmus (Austr\u00e1lia), Erika Fairweather (Nova Zel\u00e2ndia), Summer McIntosh (Canad\u00e1), Jamie Perkins (Austr\u00e1lia), Paige Madden (Estados Unidos) e Isabel Gose (Alemanha).\u00a0<\/p>\n<p>O Brasil contou ainda com Gabrielle Roncato na classificat\u00f3ria dos 400m livre feminino,que terminou na 16\u00aa coloca\u00e7\u00e3o geral.<\/p>\n<p>Na disputa masculina, Cachorr\u00e3o obteve o segundo melhor tempo entre 16 competidores na classificat\u00f3ria, e ganhou o direito de disputar a final em uma das raias centrais da piscina.O carioca encerrou os 400m livre em 3min44s23, atr\u00e1s apenas do alem\u00e3o\u00a0Lukas Martens (3min44s13).<\/p>\n<blockquote>\n<p>\u201cMinha inten\u00e7\u00e3o maior era chegar na frente e consegui, independentemente do tempo que eu iria fazer. E fiquei mais feliz ainda por ter feito o segundo tempo geral. Na final certamente o pessoal vai nadar mais r\u00e1pido, mas eu tamb\u00e9m vou, e espero bater na frente de todos\u201d, declarou Cachorr\u00e3o, confiante, ap\u00f3s a prova eliminat\u00f3ria.<\/p>\n<\/blockquote><\/div>\n<p><script async src=\"\/\/platform.twitter.com\/widgets.js\" charset=\"utf-8\"><\/script><br \/>\n<br \/><br \/>\n<br \/><a href=\"https:\/\/agenciabrasil.ebc.com.br\/esportes\/noticia\/2024-07\/brasil-se-classifica-finais-dos-400m-livre-da-natacao-em-paris\" rel=\"noopener\">Ag\u00eancia Brasil<\/a><\/p>\n","protected":false},"excerpt":{"rendered":"<p>A nata\u00e7\u00e3o brasileira estreou em grande estilo neste s\u00e1bado (27) na La Def\u00e9nse Arena, em Paris. Os cariocas Maria Fernanda Costa, a Maf\u00ea, e Guilherme Costa, tamb\u00e9m conhecido pelo apelido de Cachorr\u00e3o, se classificaram \u00e0s finais dos 400 metros livre. A decis\u00e3o por medalhas ocorrer\u00e1 logo mais: \u00e0s 15h42 (hor\u00e1rio de Bras\u00edlia) na disputa masculina, [&hellip;]<\/p>\n","protected":false},"author":1,"featured_media":11085,"comment_status":"open","ping_status":"open","sticky":false,"template":"","format":"standard","meta":{"_jetpack_newsletter_access":"","_jetpack_dont_email_post_to_subs":false,"_jetpack_newsletter_tier_id":0,"_jetpack_memberships_contains_paywalled_content":false,"_mbp_banners":[],"_jetpack_feature_clip_id":0,"_jetpack_memberships_contains_paid_content":false,"footnotes":"","jetpack_publicize_message":"","jetpack_publicize_feature_enabled":true,"jetpack_social_post_already_shared":true,"jetpack_social_options":{"image_generator_settings":{"template":"highway","default_image_id":0,"font":"","enabled":false},"version":2},"jetpack_post_was_ever_published":false},"categories":[23],"tags":[],"class_list":["post-11084","post","type-post","status-publish","format-standard","has-post-thumbnail","category-esportes"],"jetpack_publicize_connections":[],"jetpack-related-posts":[],"jetpack_shortlink":"https:\/\/wp.me\/p7Eq1F-2SM","jetpack_sharing_enabled":true,"jetpack_featured_media_url":"https:\/\/i0.wp.com\/guialimeira.com.br\/news\/wp-content\/uploads\/2024\/07\/mafe_costa_natacao_brasil_paris_2024.jpg?fit=1600%2C800&ssl=1","_links":{"self":[{"href":"https:\/\/guialimeira.com.br\/news\/wp-json\/wp\/v2\/posts\/11084","targetHints":{"allow":["GET"]}}],"collection":[{"href":"https:\/\/guialimeira.com.br\/news\/wp-json\/wp\/v2\/posts"}],"about":[{"href":"https:\/\/guialimeira.com.br\/news\/wp-json\/wp\/v2\/types\/post"}],"author":[{"embeddable":true,"href":"https:\/\/guialimeira.com.br\/news\/wp-json\/wp\/v2\/users\/1"}],"replies":[{"embeddable":true,"href":"https:\/\/guialimeira.com.br\/news\/wp-json\/wp\/v2\/comments?post=11084"}],"version-history":[{"count":0,"href":"https:\/\/guialimeira.com.br\/news\/wp-json\/wp\/v2\/posts\/11084\/revisions"}],"wp:featuredmedia":[{"embeddable":true,"href":"https:\/\/guialimeira.com.br\/news\/wp-json\/wp\/v2\/media\/11085"}],"wp:attachment":[{"href":"https:\/\/guialimeira.com.br\/news\/wp-json\/wp\/v2\/media?parent=11084"}],"wp:term":[{"taxonomy":"category","embeddable":true,"href":"https:\/\/guialimeira.com.br\/news\/wp-json\/wp\/v2\/categories?post=11084"},{"taxonomy":"post_tag","embeddable":true,"href":"https:\/\/guialimeira.com.br\/news\/wp-json\/wp\/v2\/tags?post=11084"}],"curies":[{"name":"wp","href":"https:\/\/api.w.org\/{rel}","templated":true}]}}