{"id":11051,"date":"2024-07-26T21:48:49","date_gmt":"2024-07-27T00:48:49","guid":{"rendered":"https:\/\/guialimeira.com.br\/2024\/07\/26\/basquete-masculino-na-olimpiada-tem-brasil-de-volta-e-show-de-craques\/"},"modified":"2024-07-26T21:48:49","modified_gmt":"2024-07-27T00:48:49","slug":"basquete-masculino-na-olimpiada-tem-brasil-de-volta-e-show-de-craques","status":"publish","type":"post","link":"https:\/\/guialimeira.com.br\/news\/basquete-masculino-na-olimpiada-tem-brasil-de-volta-e-show-de-craques\/","title":{"rendered":"Basquete masculino na Olimp\u00edada tem Brasil de volta e show de craques"},"content":{"rendered":"<p> <br \/>\n<\/p>\n<div>\n<p>Neste s\u00e1bado (27)\u00a0ser\u00e1 dada a partida em um dos torneios mais badalados entre as muitas atra\u00e7\u00f5es no card\u00e1pio esportivo dos Jogos Ol\u00edmpicos de Paris. A programa\u00e7\u00e3o do basquete masculino tem quatro jogos hoje, come\u00e7ando com o duelo entre Austr\u00e1lia e Espanha, \u00e0s 6h (hor\u00e1rio de Bras\u00edlia). O cronograma tamb\u00e9m reserva a estreia do Brasil, \u00e0s 12h15, diante da sele\u00e7\u00e3o da casa, a Fran\u00e7a. A primeira fase, composta por 12\u00a0equipes divididas em tr\u00eas chaves com quatro sele\u00e7\u00f5es cada, ser\u00e1 toda disputada na cidade de\u00a0Lille. J\u00e1 os mata-matas (jogos eliminat\u00f3rios) ser\u00e3o em Paris. Em 2024, o torneio chega com diversas atra\u00e7\u00f5es, principalmente para os f\u00e3s brasileiros.<img data-recalc-dims=\"1\" decoding=\"async\" src=\"https:\/\/i0.wp.com\/agenciabrasil.ebc.com.br\/ebc.png?w=696&#038;ssl=1\" style=\"width:1px; height:1px; display:inline;\"\/><img data-recalc-dims=\"1\" decoding=\"async\" src=\"https:\/\/i0.wp.com\/agenciabrasil.ebc.com.br\/ebc.gif?w=696&#038;ssl=1\" style=\"width:1px; height:1px; display:inline;\"\/><\/p>\n<blockquote class=\"twitter-tweet\">\n<p dir=\"ltr\" lang=\"pt\" xml:lang=\"pt\">ANOTA, FAVORITA, COMPARTILHA! Pega o nosso calend\u00e1rio pra primeira fase das Olimp\u00edadas de Paris! \ud83c\udfc0<\/p>\n<p>FALTA POUCO! VAMOOOOOOOOOOOOS! \ud83c\udde7\ud83c\uddf7 <a href=\"https:\/\/t.co\/DSxdEqpz29\">pic.twitter.com\/DSxdEqpz29<\/a><\/p>\n<p>\u2014 Basquete Brasil &#8211; CBB (@basquetebrasil) <a href=\"https:\/\/twitter.com\/basquetebrasil\/status\/1816242447862677764?ref_src=twsrc%5Etfw\" rel=\"noopener\">July 24, 2024<\/a><\/p><\/blockquote>\n<p>Um bom term\u00f4metro do naipe\u00a0dos atletas que estar\u00e3o no torneio \u00e9 que tr\u00eas foram porta-bandeira de seus pa\u00edses na cerim\u00f4nia de abertura dos Jogos: LeBron James (Estados Unidos), Giannis Antetokounmpo (Gr\u00e9cia) e Dennis Schr\u00f6der (Alemanha). Outra forma de se perceber o talento \u00e0 disposi\u00e7\u00e3o \u00e9 que 12\u00a0dos \u00faltimos 15\u00a0pr\u00eamios de MVP (sigla em ingl\u00eas para Jogador Mais Valioso) da NBA, a liga norte-americana de basquete, a\u00a0mais forte do mundo, foram conquistados por jogadores que estar\u00e3o presentes em Lille: LeBron venceu tr\u00eas destes; Antetokounmpo outros dois. Nikola Jokic, da S\u00e9rvia, com mais tr\u00eas e os americanos Stephen Curry (dois), Kevin Durant e Joel Embiid (ambos com um) s\u00e3o os outros vencedores neste recorte.<\/p>\n<p>As duas \u00faltimas campe\u00e3s do mundo, Alemanha e Espanha, est\u00e3o presentes. O Canad\u00e1, medalhista de bronze no \u00faltimo Mundial e repleto de atletas da NBA no plantel, tamb\u00e9m. Assim como a Austr\u00e1lia, bronze em T\u00f3quio.\u00a0<\/p>\n<div class=\"dnd-widget-wrapper context-cheio_8colunas type-image\">\n<div class=\"dnd-atom-rendered\"><!-- scald=393894:cheio_8colunas --><\/p>\n<div class=\"shadow overflow-hidden rounded-lg d-block w-100\">\n            <img data-recalc-dims=\"1\" decoding=\"async\" src=\"https:\/\/i0.wp.com\/agenciabrasil.ebc.com.br\/sites\/default\/files\/thumbnails\/image\/loading_v2.gif?w=696&#038;ssl=1\" data-echo=\"https:\/\/imagens.ebc.com.br\/Wc_VuN86TR6YfAUCaohB4ISwqU0=\/754x0\/smart\/https:\/\/agenciabrasil.ebc.com.br\/sites\/default\/files\/thumbnails\/image\/2024\/07\/26\/lebron_james_eua_basq_paris_2024.jpg?itok=6qXSsdyN\" alt=\"Paris 2024 Olympics - Basketball Training - Pierre Mauroy Stadium, Villeneuve-d'Ascq, France - July 24, 2024. LeBron James of the U.S. during training. REUTERS\/Brian Snyder\" title=\"Reuters\/Brian Snyder\/Direitos Reservados\" class=\"flex-fill img-cover\"\/><br \/>\n        <img data-recalc-dims=\"1\" decoding=\"async\" src=\"https:\/\/i0.wp.com\/imagens.ebc.com.br\/Wc_VuN86TR6YfAUCaohB4ISwqU0%3D\/754x0\/smart\/https%3A\/\/agenciabrasil.ebc.com.br\/sites\/default\/files\/thumbnails\/image\/2024\/07\/26\/lebron_james_eua_basq_paris_2024.jpg?w=696&#038;ssl=1\" alt=\"Paris 2024 Olympics - Basketball Training - Pierre Mauroy Stadium, Villeneuve-d'Ascq, France - July 24, 2024. LeBron James of the U.S. during training. REUTERS\/Brian Snyder\" title=\"Reuters\/Brian Snyder\/Direitos Reservados\" class=\"flex-fill img-cover\"\/>\n    <\/div>\n<p><!-- END scald=393894 --><\/div>\n<div class=\"dnd-caption-wrapper\">\n<p><!--copyright=393894-->\u00a0LeBron James, hoje aos 39 anos, volta a uma Olimp\u00edada depois de 12\u00a0anos. Ele integra a sele\u00e7\u00e3o norte-americana que tem ainda Stephen Curry , Kevin Durant,\u00a0Anthony Edwards, Jayson Tatum e Devin Booker.- <strong>Reuters\/Brian Snyder\/Direitos Reservados<\/strong><!--END copyright=393894--><\/p>\n<\/div>\n<\/div>\n<p>Mas n\u00e3o h\u00e1 como negar que todos os olhos estar\u00e3o na sele\u00e7\u00e3o dos Estados Unidos, que volta a levar \u00e0s quadras o que tem de melhor. S\u00e3o quatro ouros nas \u00faltimas quatro Olimp\u00edadas, mas as duas \u00faltimas campanhas encontraram percal\u00e7os, com elencos desfalcados. Desta vez, a federa\u00e7\u00e3o do pa\u00eds fez um trabalho para convencer os atletas de mais renome a defenderem a sele\u00e7\u00e3o norte-americana.\u00a0LeBron James, hoje aos 39 anos, volta a uma Olimp\u00edada depois de 12\u00a0anos. Stephen Curry, aos 36 anos, jogar\u00e1 a competi\u00e7\u00e3o pela primeira vez na carreira. O veterano Kevin Durant chega para tentar o quarto ouro consecutivo de sua carreira. O resto do elenco \u00e9 composto por jogadores estabelecidos como estrelas mais jovens na NBA, como Anthony Edwards, Jayson Tatum e Devin Booker.<\/p>\n<p>Junto a tantos pesos-pesados, aparece o Brasil. Depois de ficar de fora de T\u00f3quio e disputar os Jogos do Rio como pa\u00eds-sede, a sele\u00e7\u00e3o voltou a conquistar na quadra uma vaga ol\u00edmpica depois de doze anos. O gostinho da vit\u00f3ria na final do Pr\u00e9-Ol\u00edmpico contra a anfitri\u00e3 Let\u00f4nia, h\u00e1 pouco menos de tr\u00eas semanas, permanece na boca dos jogadores brasileiros, que chegam \u00e0 Fran\u00e7a sem press\u00e3o por resultados. O ala-armador Vitor Benite, um dos tr\u00eas atletas (junto com Marcelinho Huertas e Raulzinho) que t\u00eam participa\u00e7\u00e3o ol\u00edmpica no curr\u00edculo, oferece uma perspectiva diferente da simples presen\u00e7a do Brasil entre as 12\u00a0sele\u00e7\u00f5es.<\/p>\n<blockquote>\n<p>&#8220;O torcedor brasileiro est\u00e1 muito acostumado a ganhar, mas pouco acostumado a curtir o esporte. No basquete, estar nas Olimp\u00edadas por si s\u00f3 j\u00e1 \u00e9 algo muito grande para o pa\u00eds. Basta olhar para a Europa: a It\u00e1lia, a Cro\u00e1cia e a Eslov\u00eania do Luka Doncic [astro do Dallas Mavericks, da NBA]\u00a0ficaram de fora. \u00c9 l\u00f3gico que temos muita ambi\u00e7\u00e3o de ir bem, uma medalha seria um sonho mas ter chegado l\u00e1 mostra que o que vem sendo feito est\u00e1 funcionando. Quem apoia e quer ajudar no crescimento do basquete do Brasil tem que utilizar isso, independente do que acontecer daqui para frente&#8221;, diz o atleta de 34 anos.<\/p>\n<\/blockquote>\n<div class=\"dnd-widget-wrapper context-cheio_8colunas type-image\">\n<div class=\"dnd-atom-rendered\"><!-- scald=393895:cheio_8colunas --><\/p>\n<div class=\"shadow overflow-hidden rounded-lg d-block w-100\">\n            <img data-recalc-dims=\"1\" decoding=\"async\" src=\"https:\/\/i0.wp.com\/agenciabrasil.ebc.com.br\/sites\/default\/files\/thumbnails\/image\/loading_v2.gif?w=696&#038;ssl=1\" data-echo=\"https:\/\/imagens.ebc.com.br\/JiVR95QkthPMey13JAGMMMszPSg=\/754x0\/smart\/https:\/\/agenciabrasil.ebc.com.br\/sites\/default\/files\/thumbnails\/image\/2024\/07\/26\/vitor_benite_brasil_basquete_.jpg?itok=vuV3akcD\" alt=\"Vitor Benite - sele\u00e7\u00e3o brasileira de basquete - masculina - Brasil\" title=\"Reprodu\u00e7\u00e3o Instagram\/Vitor Benite\" class=\"flex-fill img-cover\"\/><br \/>\n        <img data-recalc-dims=\"1\" decoding=\"async\" src=\"https:\/\/i0.wp.com\/imagens.ebc.com.br\/JiVR95QkthPMey13JAGMMMszPSg%3D\/754x0\/smart\/https%3A\/\/agenciabrasil.ebc.com.br\/sites\/default\/files\/thumbnails\/image\/2024\/07\/26\/vitor_benite_brasil_basquete_.jpg?w=696&#038;ssl=1\" alt=\"Vitor Benite - sele\u00e7\u00e3o brasileira de basquete - masculina - Brasil\" title=\"Reprodu\u00e7\u00e3o Instagram\/Vitor Benite\" class=\"flex-fill img-cover\"\/>\n    <\/div>\n<p><!-- END scald=393895 --><\/div>\n<div class=\"dnd-caption-wrapper\">\n<p><!--copyright=393895-->O ala-armador Vitor Benite (foto) \u00e9 um dos\u00a0dos tr\u00eas atletas da sele\u00e7\u00e3o &#8211; junto com Marcelinho Huertas e Raulzinho &#8211; com experi\u00eancia de Olimp\u00edadas anteriores &#8211; <strong>Reprodu\u00e7\u00e3o Instagram\/Vitor Benite<\/strong><!--END copyright=393895--><\/p>\n<\/div>\n<\/div>\n<h2>Sele\u00e7\u00e3o brasileira chega com energia renovada<\/h2>\n<p>Se apenas tr\u00eas atletas brasileiros t\u00eam experi\u00eancia em Olimp\u00edadas, nove v\u00e3o estrear. E pegaram um grande desafio logo na primeira vez. O Brasil est\u00e1 no grupo B. A Fran\u00e7a, dona da casa que tem a jovem estrela Victor Wembanyama no elenco, \u00e9 a advers\u00e1ria na estreia. Depois, a Alemanha. Por \u00faltimo, o Jap\u00e3o. Os dois mais bem colocados de cada chave avan\u00e7am \u00e0s quartas, assim como os dois melhores terceiros colocados no geral.\u00a0<\/p>\n<blockquote>\n<p>&#8220;Como vai ser a primeira para muitos aqui, todo mundo est\u00e1 ansioso. At\u00e9 por termos no nosso grupo o atual campe\u00e3o do mundo e a sele\u00e7\u00e3o da casa, toda aquela aten\u00e7\u00e3o com o Wembanyama. Mas jogar essas competi\u00e7\u00f5es super importantes \u00e9 realizar sonhos para mim e me faz crescer como jogador&#8221;, revela o armador Georginho.<\/p>\n<\/blockquote>\n<p>No Pr\u00e9-Ol\u00edmpico da Let\u00f4nia, o t\u00e9cnico do Brasil, o croata Aleksandar Petrovic, que comandou a sele\u00e7\u00e3o de 2017 a 2021 e retornou em abril deste ano, encontrou algumas respostas sobre como montar a equipe. Ele est\u00e1 otimista.<\/p>\n<blockquote>\n<p>&#8220;Esta sele\u00e7\u00e3o tem uma defesa ferrenha. Foi ela que nos salvou no Pr\u00e9-Ol\u00edmpico. Agora estamos encontrando um ritmo mais fluido no ataque. Penso que vamos praticar um \u00f3timo basquete na Olimp\u00edada. Temos no m\u00ednimo duas ou tr\u00eas op\u00e7\u00f5es de como jogar contra a Fran\u00e7a. Chegamos preparados e temos chances de ir \u00e0s quartas&#8221;, acredita o treinador.<\/p>\n<\/blockquote>\n<p>Uma das respostas encontradas em Riga foi Bruno Caboclo. O atleta de 28 anos, que tem 2,06m de altura e 2,31m de envergadura, se encontrou como piv\u00f4 de uma forma\u00e7\u00e3o mais baixa e flex\u00edvel. Ele foi eleito o melhor jogador do torneio.<\/p>\n<blockquote>\n<p>&#8220;Acho que posso dizer que estou na minha melhor fase. Uma vers\u00e3o diferente. Mais protagonista. Isso aconteceu porque antes exploravam mais o meu lado defensivo mas come\u00e7aram a ver tamb\u00e9m o meu potencial ofensivo e usar mais isso. Estou vindo de tr\u00eas anos muito bons e pretendo continuar neste ritmo&#8221;, exp\u00f5e Caboclo.<\/p>\n<\/blockquote>\n<div class=\"dnd-widget-wrapper context-cheio_8colunas type-image\">\n<div class=\"dnd-atom-rendered\"><!-- scald=393917:cheio_8colunas --><\/p>\n<div class=\"shadow overflow-hidden rounded-lg d-block w-100\">\n            <img data-recalc-dims=\"1\" decoding=\"async\" src=\"https:\/\/i0.wp.com\/agenciabrasil.ebc.com.br\/sites\/default\/files\/thumbnails\/image\/loading_v2.gif?w=696&#038;ssl=1\" data-echo=\"https:\/\/imagens.ebc.com.br\/_XAApfPbN3Rmh6R5rWHllqWSi5c=\/754x0\/smart\/https:\/\/agenciabrasil.ebc.com.br\/sites\/default\/files\/thumbnails\/image\/2024\/07\/26\/gui_santos_petrovic_didi_basquete_brasil_paris_2024.jpeg?itok=Wk-jFbhK\" alt=\"Gui Santos, Petrovic, Didi, sele\u00e7\u00e3o brasleira de basquete masculino - Paris 2024 - Brasil\" title=\"Wander Roberto\/COB\/Direitos Reservados\" class=\"flex-fill img-cover\"\/><br \/>\n        <img data-recalc-dims=\"1\" decoding=\"async\" src=\"https:\/\/i0.wp.com\/imagens.ebc.com.br\/_XAApfPbN3Rmh6R5rWHllqWSi5c%3D\/754x0\/smart\/https%3A\/\/agenciabrasil.ebc.com.br\/sites\/default\/files\/thumbnails\/image\/2024\/07\/26\/gui_santos_petrovic_didi_basquete_brasil_paris_2024.jpeg?w=696&#038;ssl=1\" alt=\"Gui Santos, Petrovic, Didi, sele\u00e7\u00e3o brasleira de basquete masculino - Paris 2024 - Brasil\" title=\"Wander Roberto\/COB\/Direitos Reservados\" class=\"flex-fill img-cover\"\/>\n    <\/div>\n<p><!-- END scald=393917 --><\/div>\n<div class=\"dnd-caption-wrapper\">\n<p>O t\u00e9cnico Petrovic conversa com o jogador\u00a0Gui Santos (esquerda) e Didi durante treino da sele\u00e7\u00e3o brasileira em Paris\u00a0<strong>Wander Roberto\/COB\/Direitos Reservados<\/strong><!--END copyright=393917--><\/p>\n<\/div>\n<\/div>\n<p>No caminho at\u00e9 a vaga, tamb\u00e9m chamou a aten\u00e7\u00e3o como Petrovic rodou o elenco. Jogadores que come\u00e7aram com poucos minutos ou vindo do banco tiveram mais chances nos \u00faltimos jogos e vice-versa. A sensa\u00e7\u00e3o no grupo \u00e9 de que todos podem ser \u00fateis.<\/p>\n<blockquote>\n<p>&#8220;Na sele\u00e7\u00e3o n\u00e3o \u00e9 s\u00f3 um jogador que vai dar show sempre. Se um estiver mal, outro vai compensar. Essa \u00e9 a nossa identidade, todos est\u00e3o aqui por todos. No Pr\u00e9-Ol\u00edmpico, eu estava sendo titular mas na final n\u00e3o comecei. Mas acabou sendo um dos jogos em que eu mais tive minutos. Independente de quem come\u00e7a ou termina a partida, o importante \u00e9 l\u00e1 em cima no placar estar o Brasil sempre na frente&#8221;, pontua\u00a0o ala Gui Santos.<\/p>\n<\/blockquote>\n<p><em>*\u00a0Igor Santos \u00e9 comentarista de basquete no programa Stadium, da TV Brasil<\/em><\/p>\n<\/p><\/div>\n<p><script async src=\"\/\/platform.twitter.com\/widgets.js\" charset=\"utf-8\"><\/script><br \/>\n<br \/><br \/>\n<br \/><a href=\"https:\/\/agenciabrasil.ebc.com.br\/esportes\/noticia\/2024-07\/basquete-masculino-na-olimpiada-tem-brasil-de-volta-e-show-de-craques\" rel=\"noopener\">Ag\u00eancia Brasil<\/a><\/p>\n","protected":false},"excerpt":{"rendered":"<p>Neste s\u00e1bado (27)\u00a0ser\u00e1 dada a partida em um dos torneios mais badalados entre as muitas atra\u00e7\u00f5es no card\u00e1pio esportivo dos Jogos Ol\u00edmpicos de Paris. A programa\u00e7\u00e3o do basquete masculino tem quatro jogos hoje, come\u00e7ando com o duelo entre Austr\u00e1lia e Espanha, \u00e0s 6h (hor\u00e1rio de Bras\u00edlia). O cronograma tamb\u00e9m reserva a estreia do Brasil, \u00e0s [&hellip;]<\/p>\n","protected":false},"author":1,"featured_media":11052,"comment_status":"open","ping_status":"open","sticky":false,"template":"","format":"standard","meta":{"_jetpack_newsletter_access":"","_jetpack_dont_email_post_to_subs":false,"_jetpack_newsletter_tier_id":0,"_jetpack_memberships_contains_paywalled_content":false,"_mbp_banners":[],"_jetpack_feature_clip_id":0,"_jetpack_memberships_contains_paid_content":false,"footnotes":"","jetpack_publicize_message":"","jetpack_publicize_feature_enabled":true,"jetpack_social_post_already_shared":true,"jetpack_social_options":{"image_generator_settings":{"template":"highway","default_image_id":0,"font":"","enabled":false},"version":2},"jetpack_post_was_ever_published":false},"categories":[23],"tags":[],"class_list":["post-11051","post","type-post","status-publish","format-standard","has-post-thumbnail","category-esportes"],"jetpack_publicize_connections":[],"jetpack-related-posts":[],"jetpack_shortlink":"https:\/\/wp.me\/p7Eq1F-2Sf","jetpack_sharing_enabled":true,"jetpack_featured_media_url":"https:\/\/i0.wp.com\/guialimeira.com.br\/news\/wp-content\/uploads\/2024\/07\/bruno_caboclo_selelecao_basq_paris_2024.jpeg?fit=1600%2C800&ssl=1","_links":{"self":[{"href":"https:\/\/guialimeira.com.br\/news\/wp-json\/wp\/v2\/posts\/11051","targetHints":{"allow":["GET"]}}],"collection":[{"href":"https:\/\/guialimeira.com.br\/news\/wp-json\/wp\/v2\/posts"}],"about":[{"href":"https:\/\/guialimeira.com.br\/news\/wp-json\/wp\/v2\/types\/post"}],"author":[{"embeddable":true,"href":"https:\/\/guialimeira.com.br\/news\/wp-json\/wp\/v2\/users\/1"}],"replies":[{"embeddable":true,"href":"https:\/\/guialimeira.com.br\/news\/wp-json\/wp\/v2\/comments?post=11051"}],"version-history":[{"count":0,"href":"https:\/\/guialimeira.com.br\/news\/wp-json\/wp\/v2\/posts\/11051\/revisions"}],"wp:featuredmedia":[{"embeddable":true,"href":"https:\/\/guialimeira.com.br\/news\/wp-json\/wp\/v2\/media\/11052"}],"wp:attachment":[{"href":"https:\/\/guialimeira.com.br\/news\/wp-json\/wp\/v2\/media?parent=11051"}],"wp:term":[{"taxonomy":"category","embeddable":true,"href":"https:\/\/guialimeira.com.br\/news\/wp-json\/wp\/v2\/categories?post=11051"},{"taxonomy":"post_tag","embeddable":true,"href":"https:\/\/guialimeira.com.br\/news\/wp-json\/wp\/v2\/tags?post=11051"}],"curies":[{"name":"wp","href":"https:\/\/api.w.org\/{rel}","templated":true}]}}