{"id":11027,"date":"2024-07-26T17:30:50","date_gmt":"2024-07-26T20:30:50","guid":{"rendered":"https:\/\/guialimeira.com.br\/2024\/07\/26\/celso-amorim-viaja-a-venezuela-para-acompanhar-eleicao-de-domingo\/"},"modified":"2024-07-26T17:30:50","modified_gmt":"2024-07-26T20:30:50","slug":"celso-amorim-viaja-a-venezuela-para-acompanhar-eleicao-de-domingo","status":"publish","type":"post","link":"https:\/\/guialimeira.com.br\/news\/celso-amorim-viaja-a-venezuela-para-acompanhar-eleicao-de-domingo\/","title":{"rendered":"Celso Amorim viaja \u00e0 Venezuela para acompanhar elei\u00e7\u00e3o de domingo"},"content":{"rendered":"<p> <br \/>\n<\/p>\n<div>\n<p>O assessor especial da Presid\u00eancia da Rep\u00fablica, Celso Amorim, embarca nesta sexta-feira (26) para a Venezuela para acompanhar as elei\u00e7\u00f5es presidenciais. O pleito ocorre no pr\u00f3ximo domingo (28) e ter\u00e1 na disputa o atual presidente, Nicol\u00e1s Maduro, e mais nove concorrentes.<img data-recalc-dims=\"1\" decoding=\"async\" src=\"https:\/\/i0.wp.com\/agenciabrasil.ebc.com.br\/ebc.png?w=696&#038;ssl=1\" style=\"width:1px; height:1px; display:inline;\"\/><img data-recalc-dims=\"1\" decoding=\"async\" src=\"https:\/\/i0.wp.com\/agenciabrasil.ebc.com.br\/ebc.gif?w=696&#038;ssl=1\" style=\"width:1px; height:1px; display:inline;\"\/><\/p>\n<div class=\"dnd-widget-wrapper context-grande_6colunas type-image atom-align-left\">\n<div class=\"dnd-atom-rendered\"><!-- scald=333998:grande_6colunas {\"additionalClasses\":\"\"} --><\/p>\n<div class=\"shadow overflow-hidden rounded-lg d-block w-100\">\n            <img data-recalc-dims=\"1\" decoding=\"async\" src=\"https:\/\/i0.wp.com\/agenciabrasil.ebc.com.br\/sites\/default\/files\/thumbnails\/image\/loading_v2.gif?w=696&#038;ssl=1\" data-echo=\"https:\/\/imagens.ebc.com.br\/yJKeqlUtVAWutzLzknB5923kmsY=\/463x0\/smart\/https:\/\/agenciabrasil.ebc.com.br\/sites\/default\/files\/thumbnails\/image\/26062023-pzzb0481.jpg?itok=ErSKTFpu\" alt=\"Bras\u00edlia (DF) 26\/06\/2023 - O assessor especial da presid\u00eancia, Celso Amorim, durante visita do  presidente da Argentina, Alberto Fern\u00e1ndez. Foto: F\u00e1bio Rodrigues-Pozzebom\/ Ag\u00eancia Brasil\" title=\"Fabio Rodrigues-Pozzebom\/ Ag\u00eancia Brasil\" class=\"flex-fill img-cover\"\/><br \/>\n        <img data-recalc-dims=\"1\" decoding=\"async\" src=\"https:\/\/i0.wp.com\/imagens.ebc.com.br\/yJKeqlUtVAWutzLzknB5923kmsY%3D\/463x0\/smart\/https%3A\/\/agenciabrasil.ebc.com.br\/sites\/default\/files\/thumbnails\/image\/26062023-pzzb0481.jpg?w=696&#038;ssl=1\" alt=\"Bras\u00edlia (DF) 26\/06\/2023 - O assessor especial da presid\u00eancia, Celso Amorim, durante visita do  presidente da Argentina, Alberto Fern\u00e1ndez. Foto: F\u00e1bio Rodrigues-Pozzebom\/ Ag\u00eancia Brasil\" title=\"Fabio Rodrigues-Pozzebom\/ Ag\u00eancia Brasil\" class=\"flex-fill img-cover\"\/>\n    <\/div>\n<p><!-- END scald=333998 --><\/div>\n<div class=\"dnd-caption-wrapper\">\n<p><!--copyright=333998-->O ex-chanceler Celso Amorim &#8211; <strong>Fabio Rodrigues-Pozzebom\/Ag\u00eancia Brasil<\/strong><!--END copyright=333998--><\/p>\n<\/div>\n<\/div>\n<p>A informa\u00e7\u00e3o sobre a ida do ex-chanceler Amorim ao pa\u00eds vizinho foi confirmada pelo presidente Luiz In\u00e1cio Lula da Silva nesta manh\u00e3, ap\u00f3s participar de um evento. Nos \u00faltimos dias, o presidente defendeu a presen\u00e7a de observadores internacionais no pleito.<\/p>\n<p>Cerca de 21 milh\u00f5es de venezuelanos dever\u00e3o eleger o pr\u00f3ximo presidente.<\/p>\n<p>O <a href=\"https:\/\/agenciabrasil.ebc.com.br\/internacional\/noticia\/2024-07\/entenda-como-funciona-e-quais-criticas-eleicao-da-venezuela\" target=\"_blank\" rel=\"noopener\">processo eleitoral<\/a> na Venezuela tem sido questionado por pot\u00eancias como os Estados Unidos e pela Uni\u00e3o Europeia, sobretudo em pontos como a seguran\u00e7a do resultado das elei\u00e7\u00f5es. Na quarta-feira (24), o Tribunal Superior Eleitoral (TSE) <a href=\"https:\/\/agenciabrasil.ebc.com.br\/justica\/noticia\/2024-07\/tse-cancela-envio-de-servidores-para-acompanhar-eleicao-na-venezuela\" target=\"_blank\" rel=\"noopener\">desistiu <\/a>de enviar dois representantes para acompanhar o pleito, ap\u00f3s Nicol\u00e1s Maduro afirmar que as elei\u00e7\u00f5es no Brasil n\u00e3o s\u00e3o auditadas.<\/p>\n<p>Nos \u00faltimos anos, por conta dos questionamentos, os principais partidos de oposi\u00e7\u00e3o vinham boicotando as elei\u00e7\u00f5es nacionais.\u00a0<\/p>\n<p>A Venezuela enfrenta um bloqueio financeiro e comercial pelo menos desde 2017, quando pot\u00eancias como Estados Unidos, Canad\u00e1, Reino Unido e Uni\u00e3o Europeia passaram a n\u00e3o reconhecer a legitimidade do governo Maduro.<\/p>\n<p>O pa\u00eds vizinho tamb\u00e9m passou por grave crise econ\u00f4mica no per\u00edodo, com hiperinfla\u00e7\u00e3o e perda de cerca de 75% do PIB (Produto Interno Bruto, soma de todos os bens e servi\u00e7os produzidos no pa\u00eds), o que resultou na migra\u00e7\u00e3o de mais de 7 milh\u00f5es de pessoas.<\/p>\n<p>Desde meados de 2021, o pa\u00eds vem mostrando alguma recupera\u00e7\u00e3o econ\u00f4mica. A hiperinfla\u00e7\u00e3o foi controlada, e a economia voltou a crescer em 2022 e 2023, por\u00e9m, os sal\u00e1rios continuam baixos e os servi\u00e7os p\u00fablicos deteriorados.<\/p>\n<\/p><\/div>\n<p><br \/>\n<br \/><a href=\"https:\/\/agenciabrasil.ebc.com.br\/internacional\/noticia\/2024-07\/celso-amorim-viaja-venezuela-para-acompanhar-eleicao-de-domingo\" rel=\"noopener\">Ag\u00eancia Brasil <\/a><\/p>\n","protected":false},"excerpt":{"rendered":"<p>O assessor especial da Presid\u00eancia da Rep\u00fablica, Celso Amorim, embarca nesta sexta-feira (26) para a Venezuela para acompanhar as elei\u00e7\u00f5es presidenciais. O pleito ocorre no pr\u00f3ximo domingo (28) e ter\u00e1 na disputa o atual presidente, Nicol\u00e1s Maduro, e mais nove concorrentes. O ex-chanceler Celso Amorim &#8211; Fabio Rodrigues-Pozzebom\/Ag\u00eancia Brasil A informa\u00e7\u00e3o sobre a ida do [&hellip;]<\/p>\n","protected":false},"author":1,"featured_media":11028,"comment_status":"open","ping_status":"open","sticky":false,"template":"","format":"standard","meta":{"_jetpack_newsletter_access":"","_jetpack_dont_email_post_to_subs":false,"_jetpack_newsletter_tier_id":0,"_jetpack_memberships_contains_paywalled_content":false,"_mbp_banners":[],"_jetpack_feature_clip_id":0,"_jetpack_memberships_contains_paid_content":false,"footnotes":"","jetpack_publicize_message":"","jetpack_publicize_feature_enabled":true,"jetpack_social_post_already_shared":true,"jetpack_social_options":{"image_generator_settings":{"template":"highway","default_image_id":0,"font":"","enabled":false},"version":2},"jetpack_post_was_ever_published":false},"categories":[25],"tags":[],"class_list":["post-11027","post","type-post","status-publish","format-standard","has-post-thumbnail","category-internacional"],"jetpack_publicize_connections":[],"jetpack-related-posts":[],"jetpack_shortlink":"https:\/\/wp.me\/p7Eq1F-2RR","jetpack_sharing_enabled":true,"jetpack_featured_media_url":"https:\/\/i0.wp.com\/guialimeira.com.br\/news\/wp-content\/uploads\/2024\/07\/2024-07-19t070521z_910614661_rc22y8aiplr4_rtrmadp_3_venezuela-election1.jpg?fit=1600%2C800&ssl=1","_links":{"self":[{"href":"https:\/\/guialimeira.com.br\/news\/wp-json\/wp\/v2\/posts\/11027","targetHints":{"allow":["GET"]}}],"collection":[{"href":"https:\/\/guialimeira.com.br\/news\/wp-json\/wp\/v2\/posts"}],"about":[{"href":"https:\/\/guialimeira.com.br\/news\/wp-json\/wp\/v2\/types\/post"}],"author":[{"embeddable":true,"href":"https:\/\/guialimeira.com.br\/news\/wp-json\/wp\/v2\/users\/1"}],"replies":[{"embeddable":true,"href":"https:\/\/guialimeira.com.br\/news\/wp-json\/wp\/v2\/comments?post=11027"}],"version-history":[{"count":0,"href":"https:\/\/guialimeira.com.br\/news\/wp-json\/wp\/v2\/posts\/11027\/revisions"}],"wp:featuredmedia":[{"embeddable":true,"href":"https:\/\/guialimeira.com.br\/news\/wp-json\/wp\/v2\/media\/11028"}],"wp:attachment":[{"href":"https:\/\/guialimeira.com.br\/news\/wp-json\/wp\/v2\/media?parent=11027"}],"wp:term":[{"taxonomy":"category","embeddable":true,"href":"https:\/\/guialimeira.com.br\/news\/wp-json\/wp\/v2\/categories?post=11027"},{"taxonomy":"post_tag","embeddable":true,"href":"https:\/\/guialimeira.com.br\/news\/wp-json\/wp\/v2\/tags?post=11027"}],"curies":[{"name":"wp","href":"https:\/\/api.w.org\/{rel}","templated":true}]}}