{"id":1098,"date":"2024-04-06T13:02:44","date_gmt":"2024-04-06T16:02:44","guid":{"rendered":"https:\/\/guialimeira.com.br\/2024\/04\/06\/comite-ira-monitorar-politicas-contra-violencias-a-pessoas-lgbtqia\/"},"modified":"2024-04-06T13:02:44","modified_gmt":"2024-04-06T16:02:44","slug":"comite-ira-monitorar-politicas-contra-violencias-a-pessoas-lgbtqia","status":"publish","type":"post","link":"https:\/\/guialimeira.com.br\/news\/comite-ira-monitorar-politicas-contra-violencias-a-pessoas-lgbtqia\/","title":{"rendered":"Comit\u00ea ir\u00e1 monitorar pol\u00edticas contra viol\u00eancias a pessoas LGBTQIA+"},"content":{"rendered":"<p> <br \/>\n<\/p>\n<div>\n<p>O Brasil tem, a partir desta sexta-feira (5), um Comit\u00ea de Monitoramento da Estrat\u00e9gia Nacional de Enfrentamento \u00e0 Viol\u00eancia contra Pessoas LGBTQIA+, sigla para se referir a pessoas l\u00e9sbicas, <em>gays,<\/em> bissexuais, travestis, mulheres e homens transexuais, n\u00e3o bin\u00e1rias e demais dissid\u00eancias sexuais e de g\u00eanero.<img data-recalc-dims=\"1\" decoding=\"async\" src=\"https:\/\/i0.wp.com\/agenciabrasil.ebc.com.br\/ebc.png?w=696&#038;ssl=1\" style=\"width:1px; height:1px; display:inline;\"\/><img data-recalc-dims=\"1\" decoding=\"async\" src=\"https:\/\/i0.wp.com\/agenciabrasil.ebc.com.br\/ebc.gif?w=696&#038;ssl=1\" style=\"width:1px; height:1px; display:inline;\"\/><\/p>\n<p>O novo comit\u00ea ter\u00e1 como miss\u00e3o combater viol\u00eancias motivadas pela condi\u00e7\u00e3o sexual e identidade de g\u00eanero das v\u00edtimas.<\/p>\n<p>O Dossi\u00ea de Mortes e Viol\u00eancias contra LGBTI+ no Brasil, elaborado pelo <a href=\"https:\/\/observatoriomorteseviolenciaslgbtibrasil.org\/dossie\/mortes-lgbt-2022\/\" target=\"_blank\" rel=\"noopener\">Observat\u00f3rio de Mortes e Viol\u00eancias contra LGBTI+ no Brasil<\/a> denuncia que, em 2022, ocorreram 273 mortes LGBT de forma violenta no pa\u00eds, sendo 228 assassinatos, sobretudo de pessoas trans e <em>gays<\/em>, al\u00e9m de 30 suic\u00eddios e 15 outras causas.\u00a0 O levantamento aponta que o Brasil assassinou um LGBT a cada 32 horas, em 2022.<\/p>\n<p>A homofobia \u00e9 crime, ap\u00f3s julgamento do Supremo Tribunal Federal, em 2019, tal como o racismo. A pena pode variar entre 1 e 5 anos, dependendo do ato homof\u00f3bico, al\u00e9m de multa.<\/p>\n<h2>O comit\u00ea<\/h2>\n<p>A portaria publicada pelo Minist\u00e9rio dos Direitos Humanos e da Cidadania (MDHC) no <a href=\"https:\/\/www.in.gov.br\/web\/dou\/-\/portaria-n-4-de-4-de-abril-de-2024-552216596\" target=\"_blank\" rel=\"noopener\"><em>Di\u00e1rio Oficial da Uni\u00e3o<\/em><\/a>, prev\u00ea que a atua\u00e7\u00e3o do Comit\u00ea de Monitoramento da Estrat\u00e9gia Nacional de Enfrentamento \u00e0 Viol\u00eancia contra Pessoas LGBTQIA+ ter\u00e1 dura\u00e7\u00e3o prevista de dois anos, podendo ser prorrogada.<\/p>\n<p>Neste per\u00edodo, o grupo dever\u00e1 acompanhar, monitorar e apoiar a articula\u00e7\u00e3o e implementa\u00e7\u00e3o de pol\u00edticas p\u00fablicas para combater as viola\u00e7\u00f5es de direitos desse segmento social. Na pr\u00e1tica, o comit\u00ea dever\u00e1 colaborar tecnicamente em programas, planos, projetos e a\u00e7\u00f5es que tenham o prop\u00f3sito de proteger e promover a defesa dos direitos das pessoas LGBTQIA+ em situa\u00e7\u00e3o de vulnerabilidade ou risco social.<\/p>\n<p>Al\u00e9m disso, a representa\u00e7\u00e3o deve monitorar dados de viol\u00eancia com desenvolvimento de metodologia para compila\u00e7\u00e3o desses indicadores para que sirvam de base em processos de tomada de decis\u00e3o.<\/p>\n<p>A estrat\u00e9gia deve, ainda, construir a Rede de Enfrentamento \u00e0 Viol\u00eancia contra Pessoas LGBTQIA+, composta por entidades p\u00fablicas e n\u00e3o governamentais.<\/p>\n<p>No fim de cada ano, o comit\u00ea dever\u00e1 elaborar relat\u00f3rio final com a an\u00e1lise detalhada do progresso, de desafios enfrentados e recomenda\u00e7\u00f5es para aprimoramento desta estrat\u00e9gia.<\/p>\n<p>O Comit\u00ea ser\u00e1 composto por tr\u00eas representantes da Secretaria Nacional dos Direitos das Pessoas LGBTQIA+, um integrante do Conselho Nacional dos Direitos das Pessoas LGBTQIA+; e dois representantes da sociedade civil. Al\u00e9m deles, poder\u00e3o comparecer nas reuni\u00f5es do colegiado como convidados e, portanto, sem direito a voto, os representantes de outros \u00f3rg\u00e3os e entidades p\u00fablicas ou privadas, empresas, especialistas, pesquisadores e membros da comunidade LGBTQIA+, como forma de fortalecer a participa\u00e7\u00e3o social.<\/p>\n<h2>Casas de Acolhimento<\/h2>\n<p>Nesta sexta-feira, o MDHC ainda instituiu outro comit\u00ea de monitoramento do Programa Nacional de Fortalecimento das Casas de Acolhimento LGBTQIA+, por meio de portaria.<\/p>\n<p>Chamado de Comit\u00ea Acolher+, esta iniciativa tem o objetivo de fortalecer e implementar casas de acolhimento provis\u00f3rio para pessoas LGBTQIA+ em situa\u00e7\u00e3o de viol\u00eancia, abandono familiar ou na possibilidade de rompimento desses v\u00ednculos, em raz\u00e3o da identidade de g\u00eanero, orienta\u00e7\u00e3o sexual e\/ou caracter\u00edsticas sexuais. O p\u00fablico-alvo s\u00e3o pessoas do segmento LGBTQIA+ entre 18 e 65 anos.<\/p>\n<p>As casas de acolhimento a m\u00e9dio e longo prazo pretendem ser ambientes acolhedores e seguros, com estrutura de resid\u00eancia compartilhada a m\u00e9dio e longo prazo, com a oferta alimenta\u00e7\u00e3o e higiene nestes abrigos.<\/p>\n<\/p><\/div>\n<p><br \/>\n<br \/><a href=\"https:\/\/agenciabrasil.ebc.com.br\/direitos-humanos\/noticia\/2024-04\/comite-ira-monitorar-politicas-contra-violencias-pessoas-lgbtq\" rel=\"noopener\">Ag\u00eancia Brasil<\/a><\/p>\n","protected":false},"excerpt":{"rendered":"<p>O Brasil tem, a partir desta sexta-feira (5), um Comit\u00ea de Monitoramento da Estrat\u00e9gia Nacional de Enfrentamento \u00e0 Viol\u00eancia contra Pessoas LGBTQIA+, sigla para se referir a pessoas l\u00e9sbicas, gays, bissexuais, travestis, mulheres e homens transexuais, n\u00e3o bin\u00e1rias e demais dissid\u00eancias sexuais e de g\u00eanero. O novo comit\u00ea ter\u00e1 como miss\u00e3o combater viol\u00eancias motivadas pela [&hellip;]<\/p>\n","protected":false},"author":1,"featured_media":1099,"comment_status":"open","ping_status":"open","sticky":false,"template":"","format":"standard","meta":{"_jetpack_newsletter_access":"","_jetpack_dont_email_post_to_subs":false,"_jetpack_newsletter_tier_id":0,"_jetpack_memberships_contains_paywalled_content":false,"_mbp_banners":[],"_jetpack_feature_clip_id":0,"_jetpack_memberships_contains_paid_content":false,"footnotes":"","jetpack_publicize_message":"","jetpack_publicize_feature_enabled":true,"jetpack_social_post_already_shared":true,"jetpack_social_options":{"image_generator_settings":{"template":"highway","default_image_id":0,"font":"","enabled":false},"version":2},"jetpack_post_was_ever_published":false},"categories":[22],"tags":[],"class_list":["post-1098","post","type-post","status-publish","format-standard","has-post-thumbnail","category-nacional"],"jetpack_publicize_connections":[],"jetpack-related-posts":[],"jetpack_shortlink":"https:\/\/wp.me\/p7Eq1F-hI","jetpack_sharing_enabled":true,"jetpack_featured_media_url":"https:\/\/i0.wp.com\/guialimeira.com.br\/news\/wp-content\/uploads\/2024\/04\/dsc7175.jpg?fit=1600%2C800&ssl=1","_links":{"self":[{"href":"https:\/\/guialimeira.com.br\/news\/wp-json\/wp\/v2\/posts\/1098","targetHints":{"allow":["GET"]}}],"collection":[{"href":"https:\/\/guialimeira.com.br\/news\/wp-json\/wp\/v2\/posts"}],"about":[{"href":"https:\/\/guialimeira.com.br\/news\/wp-json\/wp\/v2\/types\/post"}],"author":[{"embeddable":true,"href":"https:\/\/guialimeira.com.br\/news\/wp-json\/wp\/v2\/users\/1"}],"replies":[{"embeddable":true,"href":"https:\/\/guialimeira.com.br\/news\/wp-json\/wp\/v2\/comments?post=1098"}],"version-history":[{"count":0,"href":"https:\/\/guialimeira.com.br\/news\/wp-json\/wp\/v2\/posts\/1098\/revisions"}],"wp:featuredmedia":[{"embeddable":true,"href":"https:\/\/guialimeira.com.br\/news\/wp-json\/wp\/v2\/media\/1099"}],"wp:attachment":[{"href":"https:\/\/guialimeira.com.br\/news\/wp-json\/wp\/v2\/media?parent=1098"}],"wp:term":[{"taxonomy":"category","embeddable":true,"href":"https:\/\/guialimeira.com.br\/news\/wp-json\/wp\/v2\/categories?post=1098"},{"taxonomy":"post_tag","embeddable":true,"href":"https:\/\/guialimeira.com.br\/news\/wp-json\/wp\/v2\/tags?post=1098"}],"curies":[{"name":"wp","href":"https:\/\/api.w.org\/{rel}","templated":true}]}}