{"id":10966,"date":"2024-07-25T18:21:49","date_gmt":"2024-07-25T21:21:49","guid":{"rendered":"https:\/\/guialimeira.com.br\/2024\/07\/25\/tiro-com-arco-brasil-fatura-vaga-de-duplas-mistas-na-estreia-em-paris\/"},"modified":"2024-07-25T18:21:49","modified_gmt":"2024-07-25T21:21:49","slug":"tiro-com-arco-brasil-fatura-vaga-de-duplas-mistas-na-estreia-em-paris","status":"publish","type":"post","link":"https:\/\/guialimeira.com.br\/news\/tiro-com-arco-brasil-fatura-vaga-de-duplas-mistas-na-estreia-em-paris\/","title":{"rendered":"Tiro com arco: Brasil fatura vaga de duplas mistas na estreia em Paris"},"content":{"rendered":"<p> <br \/>\n<\/p>\n<div>\n<p>Primeiros atletas brasileiros a estrear na Olimp\u00edada de Paris, os arqueiros Marcus Vin\u00edcius Almeida e Ana Luiza Caetano somaram pontos suficientes na fase classificat\u00f3ria (ranqueamento) para assegurarem presen\u00e7a do pa\u00eds na disputa de duplas mistas do tiro com arco. N\u00famero 1 do ranking mundial, Marcus somou 673 pontos no arco individual (17\u00ba lugar) e Ana Lu\u00edza 660 pontos (19\u00ba ) nas provas realizadas na Esplanada des Invalides A dupla nacional\u00a0ficou na 10\u00aa posi\u00e7\u00e3o entre as 16 que disputar\u00e3o as mistas.<img data-recalc-dims=\"1\" decoding=\"async\" src=\"https:\/\/i0.wp.com\/agenciabrasil.ebc.com.br\/ebc.png?w=696&#038;ssl=1\" style=\"width:1px; height:1px; display:inline;\"\/><img data-recalc-dims=\"1\" decoding=\"async\" src=\"https:\/\/i0.wp.com\/agenciabrasil.ebc.com.br\/ebc.gif?w=696&#038;ssl=1\" style=\"width:1px; height:1px; display:inline;\"\/><\/p>\n<blockquote class=\"twitter-tweet\">\n<p dir=\"ltr\" lang=\"pt\" xml:lang=\"pt\">In\u00edcio positivo! \ud83e\udd29<\/p>\n<p>Na estreia em <a href=\"https:\/\/twitter.com\/hashtag\/Paris2024?src=hash&amp;ref_src=twsrc%5Etfw\" rel=\"noopener\">#Paris2024<\/a>, Marcus D&#8217;Almeida terminou o ranqueamento do tiro com arco na 17\u00aa posi\u00e7\u00e3o, com 673 pontos. Com esse resultado, o Brasil se classificou para a disputa de duplas mistas!<\/p>\n<p>Vamos com tudo para as eliminat\u00f3rias! \ud83c\udde7\ud83c\uddf7\ud83d\udd25<a href=\"https:\/\/twitter.com\/hashtag\/TimeBrasil?src=hash&amp;ref_src=twsrc%5Etfw\" rel=\"noopener\">#TimeBrasil<\/a> <a href=\"https:\/\/t.co\/b4FjZdRI2x\">pic.twitter.com\/b4FjZdRI2x<\/a><\/p>\n<p>\u2014 Time Brasil (@timebrasil) <a href=\"https:\/\/twitter.com\/timebrasil\/status\/1816497210286027049?ref_src=twsrc%5Etfw\" rel=\"noopener\">July 25, 2024<\/a><\/p><\/blockquote>\n<blockquote>\n<p>\u201cO principal era classificar a equipe mista, que foi o que a gente fez. Agora \u00e9 seguir o plano, intensificar os treinamentos tamb\u00e9m para o misto. Estamos prontos, sabemos o que precisamos fazer na hora. Agora \u00e9 ter calma e trabalhar bem at\u00e9 o dia da prova\u201d, projetou Marcus, que competiu \u00e0 tarde quando os term\u00f4metros em Paris mostravam 35 graus.<\/p>\n<\/blockquote>\n<p>No in\u00edcio deste ano, Marcus D&#8217;Almeida, nascido em Maric\u00e1 (RJ), foi <a href=\"https:\/\/agenciabrasil.ebc.com.br\/esportes\/noticia\/2024-02\/tiro-com-arco-marcus-dalmeida-e-eleito-melhor-arqueiro-do-mundo\" rel=\"noopener\"><strong>eleito o melhor arqueiro do mundo de 2023,\u00a0 pela World Archery,<\/strong><\/a> a federa\u00e7\u00e3o internacional da modalidade. Nesta quinta (25) em Paris, al\u00e9m do calor, Marcus\u00a0driblar tamb\u00e9m a instabilidade do vento, que variou\u00a0de forma lateral e frontal, segundo ele.\u00a0Das 72 flechas que disparou , sete foram direto ao alvo e 28 na \u00e1rea dos 10 pontos. Tamb\u00e9m acertou 34 vezes na zona dos nove pontos e s\u00f3 tr\u00eas na de oito pontos. Em primeiro lugar no ranqueamento ficou o sul-coreano Kim Woojin, com 686 pontos.<\/p>\n<div class=\"dnd-widget-wrapper context-cheio_8colunas type-image\">\n<div class=\"dnd-atom-rendered\"><!-- scald=393675:cheio_8colunas --><\/p>\n<div class=\"shadow overflow-hidden rounded-lg d-block w-100\">\n            <img data-recalc-dims=\"1\" decoding=\"async\" src=\"https:\/\/i0.wp.com\/agenciabrasil.ebc.com.br\/sites\/default\/files\/thumbnails\/image\/loading_v2.gif?w=696&#038;ssl=1\" data-echo=\"https:\/\/imagens.ebc.com.br\/Eiv0qGGVVOR7hQgqrycIRlCpVK4=\/754x0\/smart\/https:\/\/agenciabrasil.ebc.com.br\/sites\/default\/files\/thumbnails\/image\/2024\/07\/25\/ana_luiza_caetano_tiro_com_arco_paris.jpg?itok=YFby4h6B\" alt=\"2024.07.25 - Jogos Ol\u00edmpicos Paris 2024 - Tiro Com Arco - A atleta Ana Luiza em a\u00e7\u00e3o na fase de ranqueamento das Olimp\u00edadas. - Foto: Miriam Jeske\/COB\" title=\"Miriam Jeske\/COB\/Direitos Reservados\" class=\"flex-fill img-cover\"\/><br \/>\n        <img data-recalc-dims=\"1\" decoding=\"async\" src=\"https:\/\/i0.wp.com\/imagens.ebc.com.br\/Eiv0qGGVVOR7hQgqrycIRlCpVK4%3D\/754x0\/smart\/https%3A\/\/agenciabrasil.ebc.com.br\/sites\/default\/files\/thumbnails\/image\/2024\/07\/25\/ana_luiza_caetano_tiro_com_arco_paris.jpg?w=696&#038;ssl=1\" alt=\"2024.07.25 - Jogos Ol\u00edmpicos Paris 2024 - Tiro Com Arco - A atleta Ana Luiza em a\u00e7\u00e3o na fase de ranqueamento das Olimp\u00edadas. - Foto: Miriam Jeske\/COB\" title=\"Miriam Jeske\/COB\/Direitos Reservados\" class=\"flex-fill img-cover\"\/>\n    <\/div>\n<p><!-- END scald=393675 --><\/div>\n<div class=\"dnd-caption-wrapper\">\n<p>\u00a0Ana Luiza Caetano disputar\u00e1 as eliminat\u00f3rias das duplas mistas ao lado de\u00a0Marcus D&#8217;Almeida no pr\u00f3ximo dia 2 de agosto, a partir das 5h46 (hor\u00e1rio de Bras\u00edlia &#8211; <strong>Miriam Jeske\/COB\/Direitos Reservados<\/strong><!--END copyright=393675--><\/p>\n<\/div>\n<\/div>\n<p>Na pr\u00f3xima ter\u00e7a (30), Ana Lu\u00edza competir\u00e1 na disputa individual feminina a partir das 7h (hor\u00e1rio de Bras\u00edlia) e Marcus na masculina com in\u00edcio \u00e0s 8h (hor\u00e1rio de Bras\u00edlia). As eliminat\u00f3rias das duplas mistas ocorrer\u00e3o a partir das 5h46 de 2 de agosto.<\/p>\n<\/p><\/div>\n<p><script async src=\"\/\/platform.twitter.com\/widgets.js\" charset=\"utf-8\"><\/script><br \/>\n<br \/><br \/>\n<br \/><a href=\"https:\/\/agenciabrasil.ebc.com.br\/esportes\/noticia\/2024-07\/tiro-com-arco-brasil-fatura-vaga-de-duplas-mistas-na-estreia-em-paris\" rel=\"noopener\">Ag\u00eancia Brasil<\/a><\/p>\n","protected":false},"excerpt":{"rendered":"<p>Primeiros atletas brasileiros a estrear na Olimp\u00edada de Paris, os arqueiros Marcus Vin\u00edcius Almeida e Ana Luiza Caetano somaram pontos suficientes na fase classificat\u00f3ria (ranqueamento) para assegurarem presen\u00e7a do pa\u00eds na disputa de duplas mistas do tiro com arco. N\u00famero 1 do ranking mundial, Marcus somou 673 pontos no arco individual (17\u00ba lugar) e Ana [&hellip;]<\/p>\n","protected":false},"author":1,"featured_media":10967,"comment_status":"open","ping_status":"open","sticky":false,"template":"","format":"standard","meta":{"_jetpack_newsletter_access":"","_jetpack_dont_email_post_to_subs":false,"_jetpack_newsletter_tier_id":0,"_jetpack_memberships_contains_paywalled_content":false,"_mbp_banners":[],"_jetpack_feature_clip_id":0,"_jetpack_memberships_contains_paid_content":false,"footnotes":"","jetpack_publicize_message":"","jetpack_publicize_feature_enabled":true,"jetpack_social_post_already_shared":true,"jetpack_social_options":{"image_generator_settings":{"template":"highway","default_image_id":0,"font":"","enabled":false},"version":2},"jetpack_post_was_ever_published":false},"categories":[23],"tags":[],"class_list":["post-10966","post","type-post","status-publish","format-standard","has-post-thumbnail","category-esportes"],"jetpack_publicize_connections":[],"jetpack-related-posts":[],"jetpack_shortlink":"https:\/\/wp.me\/p7Eq1F-2QS","jetpack_sharing_enabled":true,"jetpack_featured_media_url":"https:\/\/i0.wp.com\/guialimeira.com.br\/news\/wp-content\/uploads\/2024\/07\/marcus_vinicius_dalmeida_tiro_com_arco_paris_2024.jpg?fit=1600%2C800&ssl=1","_links":{"self":[{"href":"https:\/\/guialimeira.com.br\/news\/wp-json\/wp\/v2\/posts\/10966","targetHints":{"allow":["GET"]}}],"collection":[{"href":"https:\/\/guialimeira.com.br\/news\/wp-json\/wp\/v2\/posts"}],"about":[{"href":"https:\/\/guialimeira.com.br\/news\/wp-json\/wp\/v2\/types\/post"}],"author":[{"embeddable":true,"href":"https:\/\/guialimeira.com.br\/news\/wp-json\/wp\/v2\/users\/1"}],"replies":[{"embeddable":true,"href":"https:\/\/guialimeira.com.br\/news\/wp-json\/wp\/v2\/comments?post=10966"}],"version-history":[{"count":0,"href":"https:\/\/guialimeira.com.br\/news\/wp-json\/wp\/v2\/posts\/10966\/revisions"}],"wp:featuredmedia":[{"embeddable":true,"href":"https:\/\/guialimeira.com.br\/news\/wp-json\/wp\/v2\/media\/10967"}],"wp:attachment":[{"href":"https:\/\/guialimeira.com.br\/news\/wp-json\/wp\/v2\/media?parent=10966"}],"wp:term":[{"taxonomy":"category","embeddable":true,"href":"https:\/\/guialimeira.com.br\/news\/wp-json\/wp\/v2\/categories?post=10966"},{"taxonomy":"post_tag","embeddable":true,"href":"https:\/\/guialimeira.com.br\/news\/wp-json\/wp\/v2\/tags?post=10966"}],"curies":[{"name":"wp","href":"https:\/\/api.w.org\/{rel}","templated":true}]}}