{"id":10962,"date":"2024-07-25T17:59:00","date_gmt":"2024-07-25T20:59:00","guid":{"rendered":"https:\/\/guialimeira.com.br\/2024\/07\/25\/samu-192-no-rio-esta-fora-do-ar-veja-para-quais-telefones-ligar\/"},"modified":"2024-07-25T17:59:00","modified_gmt":"2024-07-25T20:59:00","slug":"samu-192-no-rio-esta-fora-do-ar-veja-para-quais-telefones-ligar","status":"publish","type":"post","link":"https:\/\/guialimeira.com.br\/news\/samu-192-no-rio-esta-fora-do-ar-veja-para-quais-telefones-ligar\/","title":{"rendered":"Samu 192 no Rio est\u00e1 fora do ar; veja para quais telefones ligar"},"content":{"rendered":"<p> <br \/>\n<\/p>\n<div>\n<p>O servi\u00e7o do Samu 192 na cidade do Rio de Janeiro est\u00e1 temporariamente fora do ar, comunicou na tarde desta quinta-feira (25) a Secretaria de Estado de Sa\u00fade. Segundo a secretaria, uma queda no sistema da operadora Oi provocou a paralisa\u00e7\u00e3o.\u00a0<img data-recalc-dims=\"1\" decoding=\"async\" src=\"https:\/\/i0.wp.com\/agenciabrasil.ebc.com.br\/ebc.png?w=696&#038;ssl=1\" style=\"width:1px; height:1px; display:inline;\"\/><img data-recalc-dims=\"1\" decoding=\"async\" src=\"https:\/\/i0.wp.com\/agenciabrasil.ebc.com.br\/ebc.gif?w=696&#038;ssl=1\" style=\"width:1px; height:1px; display:inline;\"\/><\/p>\n<p>O servi\u00e7o est\u00e1 sendo realizado em car\u00e1ter emergencial por meio de quatro telefones:<\/p>\n<p>021 &#8211; 968738302<\/p>\n<p>021 &#8211; 96874-3032<\/p>\n<p>021 &#8211; 96873-4084<\/p>\n<p>021 &#8211; 96874-2364<\/p>\n<p>O <a href=\"https:\/\/www.gov.br\/saude\/pt-br\/assuntos\/saude-de-a-a-z\/s\/samu-192\" target=\"_blank\" rel=\"noopener\">Servi\u00e7o de Atendimento M\u00f3vel de Urg\u00eancia<\/a>, mais conhecido como Samu, atende os casos de urg\u00eancia e emerg\u00eancia. O servi\u00e7o \u00e9 gratuito e funciona 24 horas por dia e 7 dias por semana.<\/p>\n<p>O Samu foi criado em 2003 e faz parte da Pol\u00edtica Nacional de Urg\u00eancias e Emerg\u00eancias. Ao ligar para o 192, a popula\u00e7\u00e3o recebe socorro nas resid\u00eancias, locais de trabalho e vias p\u00fablicas.\u00a0<\/p>\n<\/p><\/div>\n<p><br \/>\n<br \/><a href=\"https:\/\/agenciabrasil.ebc.com.br\/saude\/noticia\/2024-07\/samu-192-no-rio-esta-fora-do-ar-veja-para-quais-telefones-ligar\" rel=\"noopener\">Ag\u00eancia Brasil <\/a><\/p>\n","protected":false},"excerpt":{"rendered":"<p>O servi\u00e7o do Samu 192 na cidade do Rio de Janeiro est\u00e1 temporariamente fora do ar, comunicou na tarde desta quinta-feira (25) a Secretaria de Estado de Sa\u00fade. Segundo a secretaria, uma queda no sistema da operadora Oi provocou a paralisa\u00e7\u00e3o.\u00a0 O servi\u00e7o est\u00e1 sendo realizado em car\u00e1ter emergencial por meio de quatro telefones: 021 [&hellip;]<\/p>\n","protected":false},"author":1,"featured_media":10963,"comment_status":"open","ping_status":"open","sticky":false,"template":"","format":"standard","meta":{"_jetpack_newsletter_access":"","_jetpack_dont_email_post_to_subs":false,"_jetpack_newsletter_tier_id":0,"_jetpack_memberships_contains_paywalled_content":false,"_mbp_banners":[],"_jetpack_feature_clip_id":0,"_jetpack_memberships_contains_paid_content":false,"footnotes":"","jetpack_publicize_message":"","jetpack_publicize_feature_enabled":true,"jetpack_social_post_already_shared":true,"jetpack_social_options":{"image_generator_settings":{"template":"highway","default_image_id":0,"font":"","enabled":false},"version":2},"jetpack_post_was_ever_published":false},"categories":[15],"tags":[],"class_list":["post-10962","post","type-post","status-publish","format-standard","has-post-thumbnail","category-saude"],"jetpack_publicize_connections":[],"jetpack-related-posts":[],"jetpack_shortlink":"https:\/\/wp.me\/p7Eq1F-2QO","jetpack_sharing_enabled":true,"jetpack_featured_media_url":"https:\/\/i0.wp.com\/guialimeira.com.br\/news\/wp-content\/uploads\/2024\/07\/11112010-11102010mca0068.jpg?fit=1600%2C800&ssl=1","_links":{"self":[{"href":"https:\/\/guialimeira.com.br\/news\/wp-json\/wp\/v2\/posts\/10962","targetHints":{"allow":["GET"]}}],"collection":[{"href":"https:\/\/guialimeira.com.br\/news\/wp-json\/wp\/v2\/posts"}],"about":[{"href":"https:\/\/guialimeira.com.br\/news\/wp-json\/wp\/v2\/types\/post"}],"author":[{"embeddable":true,"href":"https:\/\/guialimeira.com.br\/news\/wp-json\/wp\/v2\/users\/1"}],"replies":[{"embeddable":true,"href":"https:\/\/guialimeira.com.br\/news\/wp-json\/wp\/v2\/comments?post=10962"}],"version-history":[{"count":0,"href":"https:\/\/guialimeira.com.br\/news\/wp-json\/wp\/v2\/posts\/10962\/revisions"}],"wp:featuredmedia":[{"embeddable":true,"href":"https:\/\/guialimeira.com.br\/news\/wp-json\/wp\/v2\/media\/10963"}],"wp:attachment":[{"href":"https:\/\/guialimeira.com.br\/news\/wp-json\/wp\/v2\/media?parent=10962"}],"wp:term":[{"taxonomy":"category","embeddable":true,"href":"https:\/\/guialimeira.com.br\/news\/wp-json\/wp\/v2\/categories?post=10962"},{"taxonomy":"post_tag","embeddable":true,"href":"https:\/\/guialimeira.com.br\/news\/wp-json\/wp\/v2\/tags?post=10962"}],"curies":[{"name":"wp","href":"https:\/\/api.w.org\/{rel}","templated":true}]}}