{"id":1096,"date":"2024-04-06T12:38:43","date_gmt":"2024-04-06T15:38:43","guid":{"rendered":"https:\/\/guialimeira.com.br\/2024\/04\/06\/brasil-quase-16-mil-morreram-em-acidentes-de-trabalho-em-sete-anos\/"},"modified":"2024-04-06T12:38:43","modified_gmt":"2024-04-06T15:38:43","slug":"brasil-quase-16-mil-morreram-em-acidentes-de-trabalho-em-sete-anos","status":"publish","type":"post","link":"https:\/\/guialimeira.com.br\/news\/brasil-quase-16-mil-morreram-em-acidentes-de-trabalho-em-sete-anos\/","title":{"rendered":"Brasil: quase 16 mil morreram em acidentes de trabalho em sete anos"},"content":{"rendered":"<p> <br \/>\n<\/p>\n<div>\n<p>Dados do Anu\u00e1rio Estat\u00edstico de Acidentes de Trabalho mostram que 15,9 mil pessoas morreram no Brasil em acidentes do trabalho de 2016 a 2022. Segundo o levantamento, houve um aumento de 25,4% nos \u00f3bitos no per\u00edodo: saltaram de 2.265, em 2016, para 2.842, em 2022 &#8211; o \u00faltimo ano com dados consolidados.<img data-recalc-dims=\"1\" decoding=\"async\" src=\"https:\/\/i0.wp.com\/agenciabrasil.ebc.com.br\/ebc.png?w=696&#038;ssl=1\" style=\"width:1px; height:1px; display:inline;\"\/><img data-recalc-dims=\"1\" decoding=\"async\" src=\"https:\/\/i0.wp.com\/agenciabrasil.ebc.com.br\/ebc.gif?w=696&#038;ssl=1\" style=\"width:1px; height:1px; display:inline;\"\/><\/p>\n<p>O diretor de Conhecimento e Tecnologia da Funda\u00e7\u00e3o Jorge Duprat Figueiredo de Seguran\u00e7a e Medicina do Trabalho (Fundacentro), Rem\u00edgio Todeschini, ressalta que os n\u00fameros consideram apenas as mortes de trabalhadores com carteira assinada.<\/p>\n<blockquote>\n<p>\u201cEsses s\u00e3o os acidentados que t\u00eam v\u00ednculo de CLT [Consolida\u00e7\u00e3o das Leis do Trabalho]. Porque, por exemplo, todo o pessoal de aplicativos est\u00e1 fora da\u00ed. E a\u00ed quando voc\u00ea fala em geral no Brasil, voc\u00ea tem 12 mil mortos de motocicleta no pa\u00eds por ano. E a grande maioria deles \u00e9 de trabalhadores que n\u00e3o t\u00eam registro\u201d, destaca.<\/p>\n<\/blockquote>\n<p>Os dados mostram ainda um aumento de 11,7% no n\u00famero de acidentes trabalhistas t\u00edpicos\u00a0que n\u00e3o resultaram em morte, no per\u00edodo de 2016 a 2022: subiram de 354.084 para 418.684. Os acidentes de trajeto tamb\u00e9m registraram eleva\u00e7\u00e3o, de 16%: aumentaram de 108.150, em 2016, para 125.505, em 2022.<\/p>\n<p>No total, os casos de acidentes t\u00edpicos, incapacidade permanente, doen\u00e7as do trabalho, \u00f3bitos, e acidentes de trajeto somaram 656.667\u00a0em 2022, uma alta de 10,6% sobre o registrado em 2016.\u00a0<\/p>\n<p>Todeschini cita como medidas para diminuir esse cen\u00e1rio a vigil\u00e2ncia e a cobran\u00e7a permanente das normas de seguran\u00e7a do trabalho, a implementa\u00e7\u00e3o de programas de gerenciamento de riscos\u00a0dentro dos locais de trabalho, e a instala\u00e7\u00e3o de processos de participa\u00e7\u00e3o do trabalhador nas comiss\u00f5es internas de preven\u00e7\u00e3o de acidentes.<\/p>\n<p>\u201c\u00c9 preciso que haja uma revers\u00e3o das pol\u00edticas compensat\u00f3rias e indenizat\u00f3rias para pol\u00edticas de promo\u00e7\u00e3o, prote\u00e7\u00e3o, preven\u00e7\u00e3o dos acidentes, com essa participa\u00e7\u00e3o ativa dos envolvidos\u201d, destaca.<\/p>\n<\/p><\/div>\n<p><br \/>\n<br \/><a href=\"https:\/\/agenciabrasil.ebc.com.br\/geral\/noticia\/2024-04\/brasil-quase-16-mil-morreram-em-acidentes-de-trabalho-em-sete-anos\" rel=\"noopener\">Ag\u00eancia Brasil<\/a><\/p>\n","protected":false},"excerpt":{"rendered":"<p>Dados do Anu\u00e1rio Estat\u00edstico de Acidentes de Trabalho mostram que 15,9 mil pessoas morreram no Brasil em acidentes do trabalho de 2016 a 2022. Segundo o levantamento, houve um aumento de 25,4% nos \u00f3bitos no per\u00edodo: saltaram de 2.265, em 2016, para 2.842, em 2022 &#8211; o \u00faltimo ano com dados consolidados. O diretor de [&hellip;]<\/p>\n","protected":false},"author":1,"featured_media":1097,"comment_status":"open","ping_status":"open","sticky":false,"template":"","format":"standard","meta":{"_jetpack_newsletter_access":"","_jetpack_dont_email_post_to_subs":false,"_jetpack_newsletter_tier_id":0,"_jetpack_memberships_contains_paywalled_content":false,"_mbp_banners":[],"_jetpack_feature_clip_id":0,"_jetpack_memberships_contains_paid_content":false,"footnotes":"","jetpack_publicize_message":"","jetpack_publicize_feature_enabled":true,"jetpack_social_post_already_shared":true,"jetpack_social_options":{"image_generator_settings":{"template":"highway","default_image_id":0,"font":"","enabled":false},"version":2},"jetpack_post_was_ever_published":false},"categories":[1],"tags":[],"class_list":["post-1096","post","type-post","status-publish","format-standard","has-post-thumbnail","category-geral"],"jetpack_publicize_connections":[],"jetpack-related-posts":[],"jetpack_shortlink":"https:\/\/wp.me\/p7Eq1F-hG","jetpack_sharing_enabled":true,"jetpack_featured_media_url":"https:\/\/i0.wp.com\/guialimeira.com.br\/news\/wp-content\/uploads\/2024\/04\/17530596475_1135cb62d3_o.jpg?fit=1600%2C800&ssl=1","_links":{"self":[{"href":"https:\/\/guialimeira.com.br\/news\/wp-json\/wp\/v2\/posts\/1096","targetHints":{"allow":["GET"]}}],"collection":[{"href":"https:\/\/guialimeira.com.br\/news\/wp-json\/wp\/v2\/posts"}],"about":[{"href":"https:\/\/guialimeira.com.br\/news\/wp-json\/wp\/v2\/types\/post"}],"author":[{"embeddable":true,"href":"https:\/\/guialimeira.com.br\/news\/wp-json\/wp\/v2\/users\/1"}],"replies":[{"embeddable":true,"href":"https:\/\/guialimeira.com.br\/news\/wp-json\/wp\/v2\/comments?post=1096"}],"version-history":[{"count":0,"href":"https:\/\/guialimeira.com.br\/news\/wp-json\/wp\/v2\/posts\/1096\/revisions"}],"wp:featuredmedia":[{"embeddable":true,"href":"https:\/\/guialimeira.com.br\/news\/wp-json\/wp\/v2\/media\/1097"}],"wp:attachment":[{"href":"https:\/\/guialimeira.com.br\/news\/wp-json\/wp\/v2\/media?parent=1096"}],"wp:term":[{"taxonomy":"category","embeddable":true,"href":"https:\/\/guialimeira.com.br\/news\/wp-json\/wp\/v2\/categories?post=1096"},{"taxonomy":"post_tag","embeddable":true,"href":"https:\/\/guialimeira.com.br\/news\/wp-json\/wp\/v2\/tags?post=1096"}],"curies":[{"name":"wp","href":"https:\/\/api.w.org\/{rel}","templated":true}]}}