{"id":10884,"date":"2024-07-24T14:31:50","date_gmt":"2024-07-24T17:31:50","guid":{"rendered":"https:\/\/guialimeira.com.br\/2024\/07\/24\/fundo-para-pandemias-lanca-mobilizacao-com-doacoes-de-alemanha-e-eua\/"},"modified":"2024-07-24T14:31:50","modified_gmt":"2024-07-24T17:31:50","slug":"fundo-para-pandemias-lanca-mobilizacao-com-doacoes-de-alemanha-e-eua","status":"publish","type":"post","link":"https:\/\/guialimeira.com.br\/news\/fundo-para-pandemias-lanca-mobilizacao-com-doacoes-de-alemanha-e-eua\/","title":{"rendered":"Fundo para Pandemias lan\u00e7a mobiliza\u00e7\u00e3o com doa\u00e7\u00f5es de Alemanha e EUA"},"content":{"rendered":"<p> <br \/>\n<\/p>\n<div>\n<p>Criado em 2022, o Fundo para Pandemias (<em>The Pandemic Fund<\/em>)\u00a0lan\u00e7ou uma mobiliza\u00e7\u00e3o internacional por investimentos nesta quarta-feira (24), no Rio de Janeiro, durante evento paralelo ao encontro de ministros de finan\u00e7as e presidentes de bancos centrais do G20, grupo formado pelas 19 maiores economias do planeta, mais Uni\u00e3o Europeia e Uni\u00e3o Africana.<img data-recalc-dims=\"1\" decoding=\"async\" src=\"https:\/\/i0.wp.com\/agenciabrasil.ebc.com.br\/ebc.png?w=696&#038;ssl=1\" style=\"width:1px; height:1px; display:inline;\"\/><img data-recalc-dims=\"1\" decoding=\"async\" src=\"https:\/\/i0.wp.com\/agenciabrasil.ebc.com.br\/ebc.gif?w=696&#038;ssl=1\" style=\"width:1px; height:1px; display:inline;\"\/><\/p>\n<p>Pensada ap\u00f3s a crise sanit\u00e1ria que se deu com a pandemia de covid-19, a iniciativa \u00e9 o primeiro mecanismo de financiamento global dedicado a ajudar pa\u00edses vulner\u00e1veis a combater surtos pand\u00eamicos no futuro.<\/p>\n<p>\u201cTodos temos interesse na preven\u00e7\u00e3o, detec\u00e7\u00e3o e gest\u00e3o de emerg\u00eancias de sa\u00fade. Essa \u00e9 a miss\u00e3o do Fundo para Pandemias\u201d, afirmou a chefe executiva do projeto, Priya Basu. Para manter as a\u00e7\u00f5es do fundo, o prop\u00f3sito da campanha de investimentos \u00e9 arrecadar US$ 2 bilh\u00f5es em novos financiamentos para os pr\u00f3ximos dois anos.\u00a0<\/p>\n<p>Formado por diferentes institui\u00e7\u00f5es, como Banco Interamericano de Desenvolvimento (BID), o Banco Mundial (Bird), o Banco Europeu de Investimentos (BEI), a Organiza\u00e7\u00e3o das Na\u00e7\u00f5es Unidas para a Alimenta\u00e7\u00e3o e a Agricultura (FAO) e a Organiza\u00e7\u00e3o Mundial da Sa\u00fade (OMS), em sua primeira chamada de propostas, o projeto arrecadou US$ 667 milh\u00f5es do governo norte-americano e US$ 54 milh\u00f5es do governo alem\u00e3o.\u00a0<\/p>\n<p>Fazendo refer\u00eancia ao presidente Joe Biden, a secret\u00e1ria do Tesouro dos Estados Unidos, Janet Yellen, disse acreditar &#8220;que um Fundo para Pandemias, com todos os recursos, nos permitir\u00e1 prevenir, preparar e responder melhor \u00e0s pandemias, protegendo americanos e pessoas ao redor do mundo de enormes custos humanos e econ\u00f4micos\u201d. Compartilhando do mesmo pensamento, a ministra do Desenvolvimento da Alemanha, Svenja Schulze, destacou que a iniciativa \u00e9 \u201cfundamental para alcan\u00e7ar uma melhor prepara\u00e7\u00e3o global para surtos de doen\u00e7as infecciosas\u201d.<\/p>\n<p>Para impulsionar a seguran\u00e7a sanit\u00e1ria local e global, a FAO participar\u00e1 da implementa\u00e7\u00e3o de 12 projetos no valor de US$ 264 milh\u00f5es, como parte da primeira rodada de financiamento do Fundo para Pandemias. As propostas envolvem a participa\u00e7\u00e3o da organiza\u00e7\u00e3o em parceria com os governos e outras ag\u00eancias, como a OMS, o Fundo das Na\u00e7\u00f5es Unidas para a Inf\u00e2ncia (Unicef), o Banco Mundial e o Banco Asi\u00e1tico de Desenvolvimento.<\/p>\n<p><em>*Estagi\u00e1ria sob supervis\u00e3o de Vin\u00edcius Lisboa<\/em><\/p>\n<\/p><\/div>\n<p><br \/>\n<br \/><a href=\"https:\/\/agenciabrasil.ebc.com.br\/saude\/noticia\/2024-07\/fundo-para-pandemias-lanca-mobilizacao-com-doacoes-de-alemanha-e-eua\" rel=\"noopener\">Ag\u00eancia Brasil <\/a><\/p>\n","protected":false},"excerpt":{"rendered":"<p>Criado em 2022, o Fundo para Pandemias (The Pandemic Fund)\u00a0lan\u00e7ou uma mobiliza\u00e7\u00e3o internacional por investimentos nesta quarta-feira (24), no Rio de Janeiro, durante evento paralelo ao encontro de ministros de finan\u00e7as e presidentes de bancos centrais do G20, grupo formado pelas 19 maiores economias do planeta, mais Uni\u00e3o Europeia e Uni\u00e3o Africana. Pensada ap\u00f3s a [&hellip;]<\/p>\n","protected":false},"author":1,"featured_media":10885,"comment_status":"open","ping_status":"open","sticky":false,"template":"","format":"standard","meta":{"_jetpack_newsletter_access":"","_jetpack_dont_email_post_to_subs":false,"_jetpack_newsletter_tier_id":0,"_jetpack_memberships_contains_paywalled_content":false,"_mbp_banners":[],"_jetpack_feature_clip_id":0,"_jetpack_memberships_contains_paid_content":false,"footnotes":"","jetpack_publicize_message":"","jetpack_publicize_feature_enabled":true,"jetpack_social_post_already_shared":true,"jetpack_social_options":{"image_generator_settings":{"template":"highway","default_image_id":0,"font":"","enabled":false},"version":2},"jetpack_post_was_ever_published":false},"categories":[15],"tags":[],"class_list":["post-10884","post","type-post","status-publish","format-standard","has-post-thumbnail","category-saude"],"jetpack_publicize_connections":[],"jetpack-related-posts":[],"jetpack_shortlink":"https:\/\/wp.me\/p7Eq1F-2Py","jetpack_sharing_enabled":true,"jetpack_featured_media_url":"https:\/\/i0.wp.com\/guialimeira.com.br\/news\/wp-content\/uploads\/2024\/07\/1000004119.jpg?fit=1600%2C800&ssl=1","_links":{"self":[{"href":"https:\/\/guialimeira.com.br\/news\/wp-json\/wp\/v2\/posts\/10884","targetHints":{"allow":["GET"]}}],"collection":[{"href":"https:\/\/guialimeira.com.br\/news\/wp-json\/wp\/v2\/posts"}],"about":[{"href":"https:\/\/guialimeira.com.br\/news\/wp-json\/wp\/v2\/types\/post"}],"author":[{"embeddable":true,"href":"https:\/\/guialimeira.com.br\/news\/wp-json\/wp\/v2\/users\/1"}],"replies":[{"embeddable":true,"href":"https:\/\/guialimeira.com.br\/news\/wp-json\/wp\/v2\/comments?post=10884"}],"version-history":[{"count":0,"href":"https:\/\/guialimeira.com.br\/news\/wp-json\/wp\/v2\/posts\/10884\/revisions"}],"wp:featuredmedia":[{"embeddable":true,"href":"https:\/\/guialimeira.com.br\/news\/wp-json\/wp\/v2\/media\/10885"}],"wp:attachment":[{"href":"https:\/\/guialimeira.com.br\/news\/wp-json\/wp\/v2\/media?parent=10884"}],"wp:term":[{"taxonomy":"category","embeddable":true,"href":"https:\/\/guialimeira.com.br\/news\/wp-json\/wp\/v2\/categories?post=10884"},{"taxonomy":"post_tag","embeddable":true,"href":"https:\/\/guialimeira.com.br\/news\/wp-json\/wp\/v2\/tags?post=10884"}],"curies":[{"name":"wp","href":"https:\/\/api.w.org\/{rel}","templated":true}]}}