{"id":10874,"date":"2024-07-24T12:37:53","date_gmt":"2024-07-24T15:37:53","guid":{"rendered":"https:\/\/guialimeira.com.br\/2024\/07\/24\/g20-banco-mundial-declara-apoio-a-alianca-global-contra-a-fome\/"},"modified":"2024-07-24T12:37:53","modified_gmt":"2024-07-24T15:37:53","slug":"g20-banco-mundial-declara-apoio-a-alianca-global-contra-a-fome","status":"publish","type":"post","link":"https:\/\/guialimeira.com.br\/news\/g20-banco-mundial-declara-apoio-a-alianca-global-contra-a-fome\/","title":{"rendered":"G20: Banco Mundial declara apoio \u00e0 Alian\u00e7a Global contra a Fome"},"content":{"rendered":"<p> <br \/>\n<\/p>\n<div>\n<p>O Banco Mundial, organismo internacional de fomento ao desenvolvimento, manifestou apoio, nesta quarta-feira (24), \u00e0 Alian\u00e7a Global contra a Fome e a Pobreza, que est\u00e1 sendo lan\u00e7ada durante evento do G20, grupo das 20 principais economias do mundo, no Rio de Janeiro.<img data-recalc-dims=\"1\" decoding=\"async\" src=\"https:\/\/i0.wp.com\/agenciabrasil.ebc.com.br\/ebc.png?w=696&#038;ssl=1\" style=\"width:1px; height:1px; display:inline;\"\/><img data-recalc-dims=\"1\" decoding=\"async\" src=\"https:\/\/i0.wp.com\/agenciabrasil.ebc.com.br\/ebc.gif?w=696&#038;ssl=1\" style=\"width:1px; height:1px; display:inline;\"\/><\/p>\n<p>A declara\u00e7\u00e3o de apoio foi feita pelo presidente do Banco Mundial, o indiano Ajay Banga, durante encontro com o presidente Luiz In\u00e1cio Lula da Silva, no Galp\u00e3o da Cidadania, sede da ONG A\u00e7\u00e3o da Cidadania, onde acontece o pr\u00e9-lan\u00e7amento da Alian\u00e7a Global.<\/p>\n<p>A <a href=\"https:\/\/agenciabrasil.ebc.com.br\/direitos-humanos\/noticia\/2024-07\/programas-sociais-abrangentes-ajudam-paises-combater-fome-e-pobreza\" target=\"_blank\" rel=\"noopener\">Alian\u00e7a Global \u00e9 uma das prioridades da presid\u00eancia brasileira do G20<\/a> e consiste em um conjunto de medidas que visam canalizar recursos e trocas de experi\u00eancia para erradicar a inseguran\u00e7a alimentar no mundo.\u00a0<\/p>\n<p>No encontro com o presidente brasileiro, Ajay Banga elogiou os conceitos da iniciativa proposta e os resultados do programa Bolsa Fam\u00edlia. Ele disse que costuma citar o programa de transfer\u00eancia de renda do governo brasileiro como exemplo de pol\u00edtica social bem-sucedida, que chega efetivamente para quem mais precisa.\u00a0<\/p>\n<p>Apesar de ter sido lan\u00e7ada no foro do G20, a Alian\u00e7a Global \u00e9 aberta a pa\u00edses de fora do grupo, al\u00e9m de organismos internacionais. Nessa etapa, acontece a formaliza\u00e7\u00e3o de documentos e abre-se caminho para a ades\u00e3o de pa\u00edses interessados.\u00a0<\/p>\n<p>O lan\u00e7amento oficial da A\u00e7\u00e3o Global ser\u00e1 na reuni\u00e3o de c\u00fapula do G20, nos dias 18 e 19 de novembro, tamb\u00e9m no Rio de Janeiro.\u00a0<\/p>\n<p>Na conversa de trabalho, que teve presen\u00e7a tamb\u00e9m dos ministros da Fazenda, Fernando Haddad; das Rela\u00e7\u00f5es Exteriores, Mauro Vieira, e do assessor especial da Presid\u00eancia da Rep\u00fablica, Celso Amorim, o presidente do Banco Mundial trocou informa\u00e7\u00f5es sobre investimentos p\u00fablicos e privados, e elogiou o Sistema \u00danico de Sa\u00fade e o programa Farm\u00e1cia Popular.<\/p>\n<\/p><\/div>\n<p><br \/>\n<br \/><a href=\"https:\/\/agenciabrasil.ebc.com.br\/internacional\/noticia\/2024-07\/g20-banco-mundial-declara-apoio-alianca-global-contra-fome\" rel=\"noopener\">Ag\u00eancia Brasil <\/a><\/p>\n","protected":false},"excerpt":{"rendered":"<p>O Banco Mundial, organismo internacional de fomento ao desenvolvimento, manifestou apoio, nesta quarta-feira (24), \u00e0 Alian\u00e7a Global contra a Fome e a Pobreza, que est\u00e1 sendo lan\u00e7ada durante evento do G20, grupo das 20 principais economias do mundo, no Rio de Janeiro. A declara\u00e7\u00e3o de apoio foi feita pelo presidente do Banco Mundial, o indiano [&hellip;]<\/p>\n","protected":false},"author":1,"featured_media":10875,"comment_status":"open","ping_status":"open","sticky":false,"template":"","format":"standard","meta":{"_jetpack_newsletter_access":"","_jetpack_dont_email_post_to_subs":false,"_jetpack_newsletter_tier_id":0,"_jetpack_memberships_contains_paywalled_content":false,"_mbp_banners":[],"_jetpack_feature_clip_id":0,"_jetpack_memberships_contains_paid_content":false,"footnotes":"","jetpack_publicize_message":"","jetpack_publicize_feature_enabled":true,"jetpack_social_post_already_shared":true,"jetpack_social_options":{"image_generator_settings":{"template":"highway","default_image_id":0,"font":"","enabled":false},"version":2},"jetpack_post_was_ever_published":false},"categories":[25],"tags":[],"class_list":["post-10874","post","type-post","status-publish","format-standard","has-post-thumbnail","category-internacional"],"jetpack_publicize_connections":[],"jetpack-related-posts":[],"jetpack_shortlink":"https:\/\/wp.me\/p7Eq1F-2Po","jetpack_sharing_enabled":true,"jetpack_featured_media_url":"https:\/\/i0.wp.com\/guialimeira.com.br\/news\/wp-content\/uploads\/2024\/07\/1000004244.jpg?fit=1600%2C800&ssl=1","_links":{"self":[{"href":"https:\/\/guialimeira.com.br\/news\/wp-json\/wp\/v2\/posts\/10874","targetHints":{"allow":["GET"]}}],"collection":[{"href":"https:\/\/guialimeira.com.br\/news\/wp-json\/wp\/v2\/posts"}],"about":[{"href":"https:\/\/guialimeira.com.br\/news\/wp-json\/wp\/v2\/types\/post"}],"author":[{"embeddable":true,"href":"https:\/\/guialimeira.com.br\/news\/wp-json\/wp\/v2\/users\/1"}],"replies":[{"embeddable":true,"href":"https:\/\/guialimeira.com.br\/news\/wp-json\/wp\/v2\/comments?post=10874"}],"version-history":[{"count":0,"href":"https:\/\/guialimeira.com.br\/news\/wp-json\/wp\/v2\/posts\/10874\/revisions"}],"wp:featuredmedia":[{"embeddable":true,"href":"https:\/\/guialimeira.com.br\/news\/wp-json\/wp\/v2\/media\/10875"}],"wp:attachment":[{"href":"https:\/\/guialimeira.com.br\/news\/wp-json\/wp\/v2\/media?parent=10874"}],"wp:term":[{"taxonomy":"category","embeddable":true,"href":"https:\/\/guialimeira.com.br\/news\/wp-json\/wp\/v2\/categories?post=10874"},{"taxonomy":"post_tag","embeddable":true,"href":"https:\/\/guialimeira.com.br\/news\/wp-json\/wp\/v2\/tags?post=10874"}],"curies":[{"name":"wp","href":"https:\/\/api.w.org\/{rel}","templated":true}]}}