{"id":10870,"date":"2024-07-24T11:28:59","date_gmt":"2024-07-24T14:28:59","guid":{"rendered":"https:\/\/guialimeira.com.br\/2024\/07\/24\/bahia-confirma-duas-mortes-por-febre-oropouche\/"},"modified":"2024-07-24T11:28:59","modified_gmt":"2024-07-24T14:28:59","slug":"bahia-confirma-duas-mortes-por-febre-oropouche","status":"publish","type":"post","link":"https:\/\/guialimeira.com.br\/news\/bahia-confirma-duas-mortes-por-febre-oropouche\/","title":{"rendered":"Bahia confirma duas mortes por febre oropouche"},"content":{"rendered":"<p> <br \/>\n<\/p>\n<div>\n<p>A Secretaria da Sa\u00fade do Estado da Bahia (Sesab) confirmou duas mortes por febre oropouche, ap\u00f3s an\u00e1lises realizadas pela C\u00e2mara T\u00e9cnica de An\u00e1lise de \u00d3bitos da Diretoria de Vigil\u00e2ncia Epidemiol\u00f3gica estadual. A infec\u00e7\u00e3o \u00e9 provocada pelo v\u00edrus\u00a0<em>Orthobunyavirus oropoucheense<\/em>\u00a0(Orov) transmitido por mosquito.<img data-recalc-dims=\"1\" decoding=\"async\" src=\"https:\/\/i0.wp.com\/agenciabrasil.ebc.com.br\/ebc.png?w=696&#038;ssl=1\" style=\"width:1px; height:1px; display:inline;\"\/><img data-recalc-dims=\"1\" decoding=\"async\" src=\"https:\/\/i0.wp.com\/agenciabrasil.ebc.com.br\/ebc.gif?w=696&#038;ssl=1\" style=\"width:1px; height:1px; display:inline;\"\/><\/p>\n<p>De acordo com a Sesab, o primeiro \u00f3bito confirmado foi de uma mulher\u00a0sem comorbidades, com 21 anos de idade, em 27 de mar\u00e7o. A v\u00edtima era moradora do munic\u00edpio de Valen\u00e7a (BA).<\/p>\n<p>A segunda morte confirmada\u00a0tamb\u00e9m foi de\u00a0uma mulher\u00a0sem registro de comorbidades. A moradora de Camamu (BA) tinha 24 anos e faleceu em Itabuna (BA), em 10 de maio. A morte foi divulgada somente nesta segunda-feira (22), ap\u00f3s a realiza\u00e7\u00e3o de exames para confirmar a causa do \u00f3bito.<\/p>\n<p>A secretaria baiana relata que as pacientes que morreram\u00a0por febre oropuche apresentaram sintomas como\u00a0febre, dor de cabe\u00e7a, dor retro-orbital (na parte mais profunda do olho), mialgia (dor muscular), n\u00e1useas, v\u00f4mitos, diarreia, dores em membros inferiores e fraqueza. Ambas evolu\u00edram com sinais mais graves como: manchas vermelhas e roxas pelo corpo, sangramento nasal, gengival e vaginal, sonol\u00eancia e v\u00f4mito com hipotens\u00e3o, sangramento grave, e apresentaram queda abrupta de hemoglobina e plaquetas no sangue.<\/p>\n<h2>Investiga\u00e7\u00e3o<\/h2>\n<p>O Minist\u00e9rio da Sa\u00fade ainda investiga mais uma morte suspeita de febre oropouche em Santa Catarina.\u00a0<\/p>\n<p>Em 2023 foram confirmados 832 casos da doen\u00e7a e, em 2024, foram feitos 7.236 registros de febre oropouche em 16 estados, o que representa\u00a0aumento de 770,19% no n\u00famero de casos notificados. Os infectados primeiramente estavam\u00a0concentrados na Regi\u00e3o Norte, passaram a ser identificados tamb\u00e9m em outras regi\u00f5es do pa\u00eds.<\/p>\n<p>A detec\u00e7\u00e3o de casos da doen\u00e7a foi ampliada para todo o pa\u00eds em 2023, ap\u00f3s o Minist\u00e9rio da Sa\u00fade disponibilizar diagn\u00f3sticos para a rede nacional de Laborat\u00f3rios Centrais de Sa\u00fade P\u00fablica (Lacen).<\/p>\n<h2>Alertas<\/h2>\n<p>A Organiza\u00e7\u00e3o Pan-Americana da Sa\u00fade (Opas) destacou o aumento nos casos da doen\u00e7a\u00a0sobretudo em munic\u00edpios do Amazonas, Acre e Roraima. Esses tr\u00eas estados fazem fronteira com outros pa\u00edses da bacia Amaz\u00f4nica: Bol\u00edvia, Col\u00f4mbia, Peru e Venezuela.<\/p>\n<p>Na sexta-feira (18), a Opas emitiu um alerta epidemiol\u00f3gico informando os pa\u00edses membros sobre a identifica\u00e7\u00e3o de poss\u00edveis casos, atualmente em investiga\u00e7\u00e3o no Brasil, de transmiss\u00e3o do v\u00edrus Orov\u00a0da m\u00e3e para o beb\u00ea durante a gesta\u00e7\u00e3o. O alerta recomenda refor\u00e7ar a vigil\u00e2ncia diante da poss\u00edvel ocorr\u00eancia de casos similares em outros pa\u00edses, com a circula\u00e7\u00e3o do v\u00edrus Orov\u00a0e outros arbov\u00edrus.<\/p>\n<p>O organismo internacional informou no alerta que uma gestante residente em Pernambuco apresentou sintomas de oropouche na 30\u00aa semana de gesta\u00e7\u00e3o. Ap\u00f3s confirma\u00e7\u00e3o laboratorial da infec\u00e7\u00e3o, foi constatada a morte do feto. O segundo caso suspeito foi notificado no mesmo estado. A gestante apresentou sintomas semelhantes ao da primeira gestante e ocorreu um aborto espont\u00e2neo.<\/p>\n<h2>Nota t\u00e9cnica<\/h2>\n<p>No \u00faltimo dia 11, o Minist\u00e9rio da Sa\u00fade emitiu uma nota t\u00e9cnica a todos os estados e munic\u00edpios recomendando o refor\u00e7o da vigil\u00e2ncia em sa\u00fade sobre a possibilidade de transmiss\u00e3o vertical do v\u00edrus.\u00a0Com a <a href=\"https:\/\/agenciabrasil.ebc.com.br\/saude\/noticia\/2024-07\/saude-recomenda-atencao-para-casos-de-febre-oropouche-no-pais\" target=\"_blank\" rel=\"noopener\">nota t\u00e9cnica<\/a>, o minist\u00e9rio pretende tamb\u00e9m orientar a sociedade sobre a arbovirose. \u00a0\u00a0<\/p>\n<p>A medida foi adotada ap\u00f3s o Instituto Evandro Chagas (IEC\/MS) detectar a presen\u00e7a do genoma do v\u00edrus em um caso de morte fetal, e de anticorpos em amostras de quatro rec\u00e9m-nascidos com microcefalia.<\/p>\n<p>No entanto, o minist\u00e9rio destacou que n\u00e3o h\u00e1 evid\u00eancias cient\u00edficas consistentes sobre a transmiss\u00e3o do v\u00edrus Orov\u00a0da m\u00e3e infectada para o beb\u00ea durante a gesta\u00e7\u00e3o e nem sobre o\u00a0efeito da infec\u00e7\u00e3o\u00a0sobre malforma\u00e7\u00e3o de beb\u00eas ou aborto.<\/p>\n<h2>Febre Oropouche<\/h2>\n<p>A febre Oropouche \u00e9 uma doen\u00e7a viral. O v\u00edrus Orov\u00a0\u00e9 transmitido, principalmente, por meio da picada de um mosquito conhecido como maruim (<em>Culicoides paraensis<\/em>), bem como por esp\u00e9cies do mosquito\u00a0Culex.\u00a0No Brasil, o v\u00edrus\u00a0foi isolado pela primeira vez em 1960.<\/p>\n<p>O minist\u00e9rio explicou que a febre oropouche pode ser confundida com a dengue.\u00a0\u00a0A doen\u00e7a evolui com febre de in\u00edcio s\u00fabito, cefaleia (dor de cabe\u00e7a), mialgia (dor muscular) e artralgia (dor articular). Outros sintomas como tontura, dor retro-ocular, calafrios, fotofobia, n\u00e1useas e v\u00f4mitos tamb\u00e9m s\u00e3o relatados.<\/p>\n<p>Os sintomas duram cerca de 2 a 7 dias. Mas, at\u00e9 60% dos pacientes podem apresentar recorr\u00eancia dos sintomas, ap\u00f3s 1 a 2 semanas a partir das manifesta\u00e7\u00f5es iniciais. A maioria das pessoas t\u00eam evolu\u00e7\u00e3o benigna e sem sequelas, mesmo nos casos mais graves.<\/p>\n<p>At\u00e9 o momento, \u00a0n\u00e3o h\u00e1 terapias\u00a0espec\u00edfica\u00a0para a febre oropouche. O tratamento apenas alivia os sintomas.<\/p>\n<\/p><\/div>\n<p><br \/>\n<br \/><a href=\"https:\/\/agenciabrasil.ebc.com.br\/saude\/noticia\/2024-07\/bahia-confirma-duas-mortes-por-febre-oropouche\" rel=\"noopener\">Ag\u00eancia Brasil <\/a><\/p>\n","protected":false},"excerpt":{"rendered":"<p>A Secretaria da Sa\u00fade do Estado da Bahia (Sesab) confirmou duas mortes por febre oropouche, ap\u00f3s an\u00e1lises realizadas pela C\u00e2mara T\u00e9cnica de An\u00e1lise de \u00d3bitos da Diretoria de Vigil\u00e2ncia Epidemiol\u00f3gica estadual. A infec\u00e7\u00e3o \u00e9 provocada pelo v\u00edrus\u00a0Orthobunyavirus oropoucheense\u00a0(Orov) transmitido por mosquito. De acordo com a Sesab, o primeiro \u00f3bito confirmado foi de uma mulher\u00a0sem comorbidades, [&hellip;]<\/p>\n","protected":false},"author":1,"featured_media":10871,"comment_status":"open","ping_status":"open","sticky":false,"template":"","format":"standard","meta":{"_jetpack_newsletter_access":"","_jetpack_dont_email_post_to_subs":false,"_jetpack_newsletter_tier_id":0,"_jetpack_memberships_contains_paywalled_content":false,"_mbp_banners":[],"_jetpack_feature_clip_id":0,"_jetpack_memberships_contains_paid_content":false,"footnotes":"","jetpack_publicize_message":"","jetpack_publicize_feature_enabled":true,"jetpack_social_post_already_shared":true,"jetpack_social_options":{"image_generator_settings":{"template":"highway","default_image_id":0,"font":"","enabled":false},"version":2},"jetpack_post_was_ever_published":false},"categories":[15],"tags":[],"class_list":["post-10870","post","type-post","status-publish","format-standard","has-post-thumbnail","category-saude"],"jetpack_publicize_connections":[],"jetpack-related-posts":[],"jetpack_shortlink":"https:\/\/wp.me\/p7Eq1F-2Pk","jetpack_sharing_enabled":true,"jetpack_featured_media_url":"https:\/\/i0.wp.com\/guialimeira.com.br\/news\/wp-content\/uploads\/2024\/07\/31012024-124a7772.jpg?fit=1600%2C800&ssl=1","_links":{"self":[{"href":"https:\/\/guialimeira.com.br\/news\/wp-json\/wp\/v2\/posts\/10870","targetHints":{"allow":["GET"]}}],"collection":[{"href":"https:\/\/guialimeira.com.br\/news\/wp-json\/wp\/v2\/posts"}],"about":[{"href":"https:\/\/guialimeira.com.br\/news\/wp-json\/wp\/v2\/types\/post"}],"author":[{"embeddable":true,"href":"https:\/\/guialimeira.com.br\/news\/wp-json\/wp\/v2\/users\/1"}],"replies":[{"embeddable":true,"href":"https:\/\/guialimeira.com.br\/news\/wp-json\/wp\/v2\/comments?post=10870"}],"version-history":[{"count":0,"href":"https:\/\/guialimeira.com.br\/news\/wp-json\/wp\/v2\/posts\/10870\/revisions"}],"wp:featuredmedia":[{"embeddable":true,"href":"https:\/\/guialimeira.com.br\/news\/wp-json\/wp\/v2\/media\/10871"}],"wp:attachment":[{"href":"https:\/\/guialimeira.com.br\/news\/wp-json\/wp\/v2\/media?parent=10870"}],"wp:term":[{"taxonomy":"category","embeddable":true,"href":"https:\/\/guialimeira.com.br\/news\/wp-json\/wp\/v2\/categories?post=10870"},{"taxonomy":"post_tag","embeddable":true,"href":"https:\/\/guialimeira.com.br\/news\/wp-json\/wp\/v2\/tags?post=10870"}],"curies":[{"name":"wp","href":"https:\/\/api.w.org\/{rel}","templated":true}]}}