{"id":10853,"date":"2024-07-24T05:49:28","date_gmt":"2024-07-24T08:49:28","guid":{"rendered":"https:\/\/guialimeira.com.br\/?p=10853"},"modified":"2024-07-24T05:49:31","modified_gmt":"2024-07-24T08:49:31","slug":"limeira-tera-vacinacao-em-tres-locais-neste-sabado-27","status":"publish","type":"post","link":"https:\/\/guialimeira.com.br\/news\/limeira-tera-vacinacao-em-tres-locais-neste-sabado-27\/","title":{"rendered":"Limeira ter\u00e1 vacina\u00e7\u00e3o em tr\u00eas locais neste s\u00e1bado (27)\u00a0"},"content":{"rendered":"\n<p class=\"wp-block-paragraph\">Acontece neste s\u00e1bado (27), das 8h \u00e0s 13h, um novo plant\u00e3o de vacina\u00e7\u00e3o. Realizada pela Secretaria de Sa\u00fade de Limeira, a iniciativa ter\u00e1 imuniza\u00e7\u00e3o contra Covid-19, gripe, febre amarela, dengue e as doen\u00e7as previstas no Calend\u00e1rio de Vacina\u00e7\u00e3o.&nbsp;<\/p>\n\n\n\n<p class=\"wp-block-paragraph\">A imuniza\u00e7\u00e3o contra Covid-19 ser\u00e1 na UBS Dores 2, para crian\u00e7as de seis meses a 11 anos, e na UBS Vista Alegre, para maiores de 12 anos. A atualiza\u00e7\u00e3o vacinal e as doses contra a gripe estar\u00e3o dispon\u00edveis nas duas unidades. J\u00e1 no drive-thru do Parque Cidade ser\u00e1 poss\u00edvel vacinar-se&nbsp;contra dengue, gripe, Covid-19 (maiores de 5 anos) e febre amarela.<\/p>\n\n\n\n<p class=\"wp-block-paragraph\">A Secretaria de Sa\u00fade orienta que \u00e9 necess\u00e1rio apresentar os documentos pessoais, Carteira de Vacina\u00e7\u00e3o, comprovante de resid\u00eancia e Cart\u00e3o SUS. Menores de 18 anos devem estar acompanhados pelos pais ou respons\u00e1veis. A vacina\u00e7\u00e3o da gripe est\u00e1 dispon\u00edvel para toda popula\u00e7\u00e3o maior de 6 meses. J\u00e1 a da dengue \u00e9 direcionada a crian\u00e7as e adolescentes de 10 a 14 anos.<\/p>\n\n\n\n<p class=\"wp-block-paragraph\"><strong>SERVI\u00c7O:&nbsp;<\/strong><\/p>\n\n\n\n<p class=\"wp-block-paragraph\">UBS Nossa Senhora das Dores 2 \u2013 Avenida Vit\u00f3rio Bortolan, 1.080 (Covid-19 \u2013 de seis meses a 11 anos, gripe e atualiza\u00e7\u00e3o vacinal)<\/p>\n\n\n\n<p class=\"wp-block-paragraph\">UBS Vista Alegre \u2013 Rua Alberto Pelegrino, s\/n\u00ba (Covid-19 \u2013 maiores de 12 anos, gripe e atualiza\u00e7\u00e3o vacinal)<\/p>\n\n\n\n<p class=\"wp-block-paragraph\">Drive-thru do Parque Cidade \u2013 entrada pelo anel vi\u00e1rio (Covid-19 \u2013 maiores de 5 anos, gripe, febre amarela e dengue<\/p>\n","protected":false},"excerpt":{"rendered":"<p>Acontece neste s\u00e1bado (27), das 8h \u00e0s 13h, um novo plant\u00e3o de vacina\u00e7\u00e3o. Realizada pela Secretaria de Sa\u00fade de Limeira, a iniciativa ter\u00e1 imuniza\u00e7\u00e3o contra Covid-19, gripe, febre amarela, dengue e as doen\u00e7as previstas no Calend\u00e1rio de Vacina\u00e7\u00e3o.&nbsp; A imuniza\u00e7\u00e3o contra Covid-19 ser\u00e1 na UBS Dores 2, para crian\u00e7as de seis meses a 11 anos, [&hellip;]<\/p>\n","protected":false},"author":1,"featured_media":7642,"comment_status":"open","ping_status":"open","sticky":false,"template":"","format":"standard","meta":{"_jetpack_newsletter_access":"","_jetpack_dont_email_post_to_subs":false,"_jetpack_newsletter_tier_id":0,"_jetpack_memberships_contains_paywalled_content":false,"_mbp_banners":[],"_jetpack_feature_clip_id":0,"_jetpack_memberships_contains_paid_content":false,"footnotes":"","jetpack_publicize_message":"","jetpack_publicize_feature_enabled":true,"jetpack_social_post_already_shared":true,"jetpack_social_options":{"image_generator_settings":{"template":"highway","default_image_id":0,"font":"","enabled":false},"version":2},"jetpack_post_was_ever_published":false},"categories":[16,15],"tags":[],"class_list":["post-10853","post","type-post","status-publish","format-standard","has-post-thumbnail","category-local","category-saude"],"jetpack_publicize_connections":[],"jetpack-related-posts":[],"jetpack_shortlink":"https:\/\/wp.me\/p7Eq1F-2P3","jetpack_sharing_enabled":true,"jetpack_featured_media_url":"https:\/\/i0.wp.com\/guialimeira.com.br\/news\/wp-content\/uploads\/2024\/06\/campanha_estadual_do_dia_d_de_vacinacao_contra_o_sarampo_no_rio20200201_0133.jpg?fit=1600%2C800&ssl=1","_links":{"self":[{"href":"https:\/\/guialimeira.com.br\/news\/wp-json\/wp\/v2\/posts\/10853","targetHints":{"allow":["GET"]}}],"collection":[{"href":"https:\/\/guialimeira.com.br\/news\/wp-json\/wp\/v2\/posts"}],"about":[{"href":"https:\/\/guialimeira.com.br\/news\/wp-json\/wp\/v2\/types\/post"}],"author":[{"embeddable":true,"href":"https:\/\/guialimeira.com.br\/news\/wp-json\/wp\/v2\/users\/1"}],"replies":[{"embeddable":true,"href":"https:\/\/guialimeira.com.br\/news\/wp-json\/wp\/v2\/comments?post=10853"}],"version-history":[{"count":1,"href":"https:\/\/guialimeira.com.br\/news\/wp-json\/wp\/v2\/posts\/10853\/revisions"}],"predecessor-version":[{"id":10854,"href":"https:\/\/guialimeira.com.br\/news\/wp-json\/wp\/v2\/posts\/10853\/revisions\/10854"}],"wp:featuredmedia":[{"embeddable":true,"href":"https:\/\/guialimeira.com.br\/news\/wp-json\/wp\/v2\/media\/7642"}],"wp:attachment":[{"href":"https:\/\/guialimeira.com.br\/news\/wp-json\/wp\/v2\/media?parent=10853"}],"wp:term":[{"taxonomy":"category","embeddable":true,"href":"https:\/\/guialimeira.com.br\/news\/wp-json\/wp\/v2\/categories?post=10853"},{"taxonomy":"post_tag","embeddable":true,"href":"https:\/\/guialimeira.com.br\/news\/wp-json\/wp\/v2\/tags?post=10853"}],"curies":[{"name":"wp","href":"https:\/\/api.w.org\/{rel}","templated":true}]}}