{"id":1084,"date":"2024-04-05T23:49:42","date_gmt":"2024-04-06T02:49:42","guid":{"rendered":"https:\/\/guialimeira.com.br\/2024\/04\/05\/marinho-projeto-garante-renda-maior-para-motoristas-de-aplicativo\/"},"modified":"2024-04-05T23:49:42","modified_gmt":"2024-04-06T02:49:42","slug":"marinho-projeto-garante-renda-maior-para-motoristas-de-aplicativo","status":"publish","type":"post","link":"https:\/\/guialimeira.com.br\/news\/marinho-projeto-garante-renda-maior-para-motoristas-de-aplicativo\/","title":{"rendered":"Marinho: projeto garante renda maior para motoristas de aplicativo"},"content":{"rendered":"<p> <br \/>\n<\/p>\n<div>\n<p>O <a href=\"https:\/\/agenciabrasil.ebc.com.br\/politica\/noticia\/2024-03\/lula-assina-projeto-que-regula-atividade-de-motoristas-de-aplicativo\" rel=\"noopener\">projeto de lei<\/a> apresentado pelo governo federal para regulamentar o trabalho de motoristas de aplicativo garante que os profissionais ter\u00e3o uma remunera\u00e7\u00e3o maior do que a atual, trabalhando o mesmo n\u00famero de horas. A garantia foi dada nesta sexta-feira (5) pelo ministro do Trabalho e Emprego, Luiz Marinho, em entrevista ao programa <strong>Rep\u00f3rter Brasil<\/strong>, da <strong>TV Brasil<\/strong>.<img data-recalc-dims=\"1\" decoding=\"async\" src=\"https:\/\/i0.wp.com\/agenciabrasil.ebc.com.br\/ebc.png?w=696&#038;ssl=1\" style=\"width:1px; height:1px; display:inline;\"\/><img data-recalc-dims=\"1\" decoding=\"async\" src=\"https:\/\/i0.wp.com\/agenciabrasil.ebc.com.br\/ebc.gif?w=696&#038;ssl=1\" style=\"width:1px; height:1px; display:inline;\"\/><\/p>\n<p>Segundo ele, ap\u00f3s a aprova\u00e7\u00e3o do projeto de lei, a remunera\u00e7\u00e3o m\u00e9dia dos motoristas vai crescer, porque a renda m\u00ednima ser\u00e1 de R$ 32,10 por hora. \u201cEstamos garantindo que trabalhando a mesma quantidade de horas, com a remunera\u00e7\u00e3o m\u00ednima, contribuindo para a previd\u00eancia para ter cobertura, voc\u00ea vai levar mais dinheiro para casa. Hoje n\u00e3o tem garantia de remunera\u00e7\u00e3o m\u00ednima, \u00e9 a empresa que estabelece\u201d, explicou Marinho.\u00a0\u00a0<\/p>\n<p>Ele ressaltou que, como o projeto ser\u00e1 discutido pelo Congresso Nacional, poder\u00e1 haver mudan\u00e7as na proposta, se a categoria desejar. Segundo Marinho, ap\u00f3s a aprova\u00e7\u00e3o da lei, o governo poder\u00e1 estudar uma linha de cr\u00e9dito para facilitar a compra do carro zero quil\u00f4metro ou reduzir a loca\u00e7\u00e3o de ve\u00edculos para motoristas de aplicativo.\u00a0<\/p>\n<p>No projeto de lei, o governo prop\u00f5e o valor que deve ser pago por hora trabalhada e contribui\u00e7\u00e3o ao Instituto Nacional do Seguro Social (INSS). Os trabalhadores pagar\u00e3o 7,5% sobre a remunera\u00e7\u00e3o. O percentual a ser recolhido pelos empregadores ser\u00e1 de 20%.<\/p>\n<p>Segundo o PL, a jornada de trabalho ser\u00e1 de 8 horas di\u00e1rias, podendo chegar ao m\u00e1ximo de 12 horas. N\u00e3o haver\u00e1 acordo de exclusividade. O motorista poder\u00e1 trabalhar para quantas plataformas desejar.<\/p>\n<p>Assista \u00e0 entrevista:\u00a0<\/p>\n<p><span class=\"embed-youtube\" style=\"text-align:center; display: block;\"><iframe loading=\"lazy\" class=\"youtube-player\" width=\"696\" height=\"392\" src=\"https:\/\/www.youtube.com\/embed\/QaePqu0oEfo?version=3&#038;rel=1&#038;showsearch=0&#038;showinfo=1&#038;iv_load_policy=1&#038;fs=1&#038;hl=pt-BR&#038;autohide=2&#038;wmode=transparent\" allowfullscreen=\"true\" style=\"border:0;\" sandbox=\"allow-scripts allow-same-origin allow-popups allow-presentation allow-popups-to-escape-sandbox\"><\/iframe><\/span><\/p>\n<\/p><\/div>\n<p><br \/>\n<br \/><a href=\"https:\/\/agenciabrasil.ebc.com.br\/geral\/noticia\/2024-04\/marinho-projeto-garante-renda-maior-para-motoristas-de-aplicativo\" rel=\"noopener\">Ag\u00eancia Brasil<\/a><\/p>\n","protected":false},"excerpt":{"rendered":"<p>O projeto de lei apresentado pelo governo federal para regulamentar o trabalho de motoristas de aplicativo garante que os profissionais ter\u00e3o uma remunera\u00e7\u00e3o maior do que a atual, trabalhando o mesmo n\u00famero de horas. A garantia foi dada nesta sexta-feira (5) pelo ministro do Trabalho e Emprego, Luiz Marinho, em entrevista ao programa Rep\u00f3rter Brasil, [&hellip;]<\/p>\n","protected":false},"author":1,"featured_media":1085,"comment_status":"open","ping_status":"open","sticky":false,"template":"","format":"standard","meta":{"_jetpack_newsletter_access":"","_jetpack_dont_email_post_to_subs":false,"_jetpack_newsletter_tier_id":0,"_jetpack_memberships_contains_paywalled_content":false,"_mbp_banners":[],"_jetpack_feature_clip_id":0,"_jetpack_memberships_contains_paid_content":false,"footnotes":"","jetpack_publicize_message":"","jetpack_publicize_feature_enabled":true,"jetpack_social_post_already_shared":true,"jetpack_social_options":{"image_generator_settings":{"template":"highway","default_image_id":0,"font":"","enabled":false},"version":2},"jetpack_post_was_ever_published":false},"categories":[22],"tags":[],"class_list":["post-1084","post","type-post","status-publish","format-standard","has-post-thumbnail","category-nacional"],"jetpack_publicize_connections":[],"jetpack-related-posts":[],"jetpack_shortlink":"https:\/\/wp.me\/p7Eq1F-hu","jetpack_sharing_enabled":true,"jetpack_featured_media_url":"https:\/\/i0.wp.com\/guialimeira.com.br\/news\/wp-content\/uploads\/2024\/04\/0d7a0730.jpg?fit=1600%2C800&ssl=1","_links":{"self":[{"href":"https:\/\/guialimeira.com.br\/news\/wp-json\/wp\/v2\/posts\/1084","targetHints":{"allow":["GET"]}}],"collection":[{"href":"https:\/\/guialimeira.com.br\/news\/wp-json\/wp\/v2\/posts"}],"about":[{"href":"https:\/\/guialimeira.com.br\/news\/wp-json\/wp\/v2\/types\/post"}],"author":[{"embeddable":true,"href":"https:\/\/guialimeira.com.br\/news\/wp-json\/wp\/v2\/users\/1"}],"replies":[{"embeddable":true,"href":"https:\/\/guialimeira.com.br\/news\/wp-json\/wp\/v2\/comments?post=1084"}],"version-history":[{"count":0,"href":"https:\/\/guialimeira.com.br\/news\/wp-json\/wp\/v2\/posts\/1084\/revisions"}],"wp:featuredmedia":[{"embeddable":true,"href":"https:\/\/guialimeira.com.br\/news\/wp-json\/wp\/v2\/media\/1085"}],"wp:attachment":[{"href":"https:\/\/guialimeira.com.br\/news\/wp-json\/wp\/v2\/media?parent=1084"}],"wp:term":[{"taxonomy":"category","embeddable":true,"href":"https:\/\/guialimeira.com.br\/news\/wp-json\/wp\/v2\/categories?post=1084"},{"taxonomy":"post_tag","embeddable":true,"href":"https:\/\/guialimeira.com.br\/news\/wp-json\/wp\/v2\/tags?post=1084"}],"curies":[{"name":"wp","href":"https:\/\/api.w.org\/{rel}","templated":true}]}}