{"id":10814,"date":"2024-07-23T14:30:53","date_gmt":"2024-07-23T17:30:53","guid":{"rendered":"https:\/\/guialimeira.com.br\/2024\/07\/23\/isaquias-e-raquel-kochhan-serao-os-porta-bandeiras-do-brasil-em-paris\/"},"modified":"2024-07-23T14:30:53","modified_gmt":"2024-07-23T17:30:53","slug":"isaquias-e-raquel-kochhan-serao-os-porta-bandeiras-do-brasil-em-paris","status":"publish","type":"post","link":"https:\/\/guialimeira.com.br\/news\/isaquias-e-raquel-kochhan-serao-os-porta-bandeiras-do-brasil-em-paris\/","title":{"rendered":"Isaquias e Raquel Kochhan ser\u00e3o os porta-bandeiras do Brasil em Paris"},"content":{"rendered":"<p> <br \/>\n<\/p>\n<div>\n<p>O cano\u00edsta de velocidade Isaquias Queiroz e a jogadora Raquel Kochhan, uma das l\u00edderes da <a href=\"https:\/\/agenciabrasil.ebc.com.br\/esportes\/noticia\/2024-07\/selecao-feminina-de-rugby-sevens-e-convocada-para-jogos-de-paris\" rel=\"noopener\"><strong>sele\u00e7\u00e3o feminina de rugby <\/strong><\/a>foram escolhidos pelo Comit\u00ea Ol\u00edmpico do Brasil (COB) como porta-bandeiras da delega\u00e7\u00e3o nacional na cerim\u00f4nia de abertura da Olimp\u00edada de Paris, na sexta-feira (26), com in\u00edcio \u00e0s 14h30 (hor\u00e1rio de Bras\u00edlia). Isaquias \u00e9 o \u00fanico brasileiro que subiu ao p\u00f3dio tr\u00eas vezes em uma mesma edi\u00e7\u00e3o dos Jogos (Rio 2016). J\u00e1 a catarinense Raquel, se recuperou de um c\u00e2ncer descoberto ap\u00f3s sua participa\u00e7\u00e3o na edi\u00e7\u00e3o de T\u00f3quio.<img data-recalc-dims=\"1\" decoding=\"async\" src=\"https:\/\/i0.wp.com\/agenciabrasil.ebc.com.br\/ebc.png?w=696&#038;ssl=1\" style=\"width:1px; height:1px; display:inline;\"\/><img data-recalc-dims=\"1\" decoding=\"async\" src=\"https:\/\/i0.wp.com\/agenciabrasil.ebc.com.br\/ebc.gif?w=696&#038;ssl=1\" style=\"width:1px; height:1px; display:inline;\"\/><\/p>\n<blockquote>\n<p>&#8220;Fico muito feliz de poder representar minha Bahia, meu Nordeste, o Brasil inteiro. Vai ser uma cerim\u00f4nia incr\u00edvel. Principalmente por poder representar minha modalidade, ainda t\u00edmida no Brasil&#8221;, disse Isaquias, \u00a0\u00a0nascido na pequena Ubaitaba (BA), que coleciona um ouro (C1 1000m, na edi\u00e7\u00e3o de T\u00f3quio), e duas pratas (C1 1000m e C2 1000m) e um bronze (C1 2000m ) na Rio 2016.<\/p>\n<\/blockquote>\n<div class=\"dnd-widget-wrapper context-cheio_8colunas type-image\">\n<div class=\"dnd-atom-rendered\"><!-- scald=393326:cheio_8colunas --><\/p>\n<div class=\"shadow overflow-hidden rounded-lg d-block w-100\">\n            <img data-recalc-dims=\"1\" decoding=\"async\" src=\"https:\/\/i0.wp.com\/agenciabrasil.ebc.com.br\/sites\/default\/files\/thumbnails\/image\/loading_v2.gif?w=696&#038;ssl=1\" data-echo=\"https:\/\/imagens.ebc.com.br\/jQk84hHWG6YY5PstIPKOtQny_go=\/754x0\/smart\/https:\/\/agenciabrasil.ebc.com.br\/sites\/default\/files\/thumbnails\/image\/2024\/07\/23\/raquel_kochhann_porta_band_brasil_paris_2024.jpg?itok=Tr1BS37G\" alt=\"Raquel Kochham, da  sele\u00e7\u00e3o de rugby, ser\u00e1 porta-bandeira do Brasil na  Olimp\u00edada de Paris&#13;&#10;\" title=\"Gaspar N\u00f3brega\/COB\/Direitos Reservados\" class=\"flex-fill img-cover\"\/><br \/>\n        <img data-recalc-dims=\"1\" decoding=\"async\" src=\"https:\/\/i0.wp.com\/imagens.ebc.com.br\/jQk84hHWG6YY5PstIPKOtQny_go%3D\/754x0\/smart\/https%3A\/\/agenciabrasil.ebc.com.br\/sites\/default\/files\/thumbnails\/image\/2024\/07\/23\/raquel_kochhann_porta_band_brasil_paris_2024.jpg?w=696&#038;ssl=1\" alt=\"Raquel Kochham, da  sele\u00e7\u00e3o de rugby, ser\u00e1 porta-bandeira do Brasil na  Olimp\u00edada de Paris&#13;&#10;\" title=\"Gaspar N\u00f3brega\/COB\/Direitos Reservados\" class=\"flex-fill img-cover\"\/>\n    <\/div>\n<p><!-- END scald=393326 --><\/div>\n<div class=\"dnd-caption-wrapper\">\n<p>Rec\u00e9m-recuperada de um c\u00e2ncer, Raquel Kochhan retronou \u00e0s competi\u00e7\u00f5es h\u00e1 pouco mais de seis meses e est\u00e1 prestes disputar a terceira Olimp\u00edada da carreira \u00a0&#8211; <strong>Gaspar N\u00f3brega\/COB\/Direitos Reservados<\/strong><!--END copyright=393326--><\/p>\n<\/div>\n<\/div>\n<p>Natural da cidade de Saudades (SC), Raquel Kochhan faz parte da sele\u00e7\u00e3o feminina de rugby, tamb\u00e9m conhecida pelo apelido de Yaras, desde a Rio 2016. Na edi\u00e7\u00e3o seguinte, no Jap\u00e3o, a jogadora descobriu um caro\u00e7o na mama, que n\u00e3o a impediu de competir. De volta ao Brasil, ap\u00f3s passar por exames, Raquel foi diagnosticada com c\u00e2ncer de mama e com um tumor \u00f3sseo no peito. Ela enfrentou uma mastectomia (retirada das mamas) e seis sess\u00f5es de quimioterapia. Rec\u00e9m-recuperada, h\u00e1 pouco mais de seis meses, ela retornou \u00e0s competi\u00e7\u00f5es e agora est\u00e1 prestes a disputar a terceira olimp\u00edada da carreira.\u00a0 <a href=\"http:\/\/A atleta foi entrevistada pelo programa Stadium,, da TV Brasil, no retorno aos treinos., em janeiro\"><strong>A atleta foi entrevistada pelo programa Stadium,\u00a0da TV Brasil, <\/strong><\/a>no retorno aos treinos no in\u00edcio do ano.<\/p>\n<p>\u201cSer atleta ol\u00edmpico \u00e9 dif\u00edcil. Essa sensa\u00e7\u00e3o de estar na frente, levando a bandeira para o mundo inteiro ver numa cerim\u00f4nia de abertura \u00e9 algo que n\u00e3o consigo explicar em palavras. A minha ficha ainda n\u00e3o caiu, acho que s\u00f3 quando eu estiver l\u00e1 para saber o que vou sentir&#8221;, \u00a0disse a atleta catarinense, de 31 anos, em depoimento ao COB.<\/p>\n<h2>Agenda Paris 2024<\/h2>\n<p><strong>RUGBY\u00a0<\/strong><\/p>\n<p>Yaras estreiam no pr\u00f3ximo domingo (28), ao meio-dia, contra a anfitri\u00e3 Fran\u00e7a, pelo Grupo C e, na sequ\u00eancia, \u00e0s 15h, encaram os Estados Unidos. O Brasil est\u00e1 na Chave C e encerra a fase de grupos \u00e0s 10h de segunda (28) contra o Jap\u00e3o.<\/p>\n<p><strong>CANOAGEM DE VELOCIDADE<\/strong><\/p>\n<p>06 a 10 de agosto<\/p>\n<p>Atletas: Isaquias Queiroz e Mateus Nunes; Jacky Goldmann e Vagner Souta; e Valdenice Concei\u00e7\u00e3o e Ana Paula Vergutz<\/p>\n<\/p><\/div>\n<p><br \/>\n<br \/><a href=\"https:\/\/agenciabrasil.ebc.com.br\/esportes\/noticia\/2024-07\/isaquias-e-raquel-kochhan-serao-os-porta-bandeiras-do-brasil-em-paris\" rel=\"noopener\">Ag\u00eancia Brasil<\/a><\/p>\n","protected":false},"excerpt":{"rendered":"<p>O cano\u00edsta de velocidade Isaquias Queiroz e a jogadora Raquel Kochhan, uma das l\u00edderes da sele\u00e7\u00e3o feminina de rugby foram escolhidos pelo Comit\u00ea Ol\u00edmpico do Brasil (COB) como porta-bandeiras da delega\u00e7\u00e3o nacional na cerim\u00f4nia de abertura da Olimp\u00edada de Paris, na sexta-feira (26), com in\u00edcio \u00e0s 14h30 (hor\u00e1rio de Bras\u00edlia). Isaquias \u00e9 o \u00fanico brasileiro [&hellip;]<\/p>\n","protected":false},"author":1,"featured_media":10815,"comment_status":"open","ping_status":"open","sticky":false,"template":"","format":"standard","meta":{"_jetpack_newsletter_access":"","_jetpack_dont_email_post_to_subs":false,"_jetpack_newsletter_tier_id":0,"_jetpack_memberships_contains_paywalled_content":false,"_mbp_banners":[],"_jetpack_feature_clip_id":0,"_jetpack_memberships_contains_paid_content":false,"footnotes":"","jetpack_publicize_message":"","jetpack_publicize_feature_enabled":true,"jetpack_social_post_already_shared":true,"jetpack_social_options":{"image_generator_settings":{"template":"highway","default_image_id":0,"font":"","enabled":false},"version":2},"jetpack_post_was_ever_published":false},"categories":[23],"tags":[],"class_list":["post-10814","post","type-post","status-publish","format-standard","has-post-thumbnail","category-esportes"],"jetpack_publicize_connections":[],"jetpack-related-posts":[],"jetpack_shortlink":"https:\/\/wp.me\/p7Eq1F-2Oq","jetpack_sharing_enabled":true,"jetpack_featured_media_url":"https:\/\/i0.wp.com\/guialimeira.com.br\/news\/wp-content\/uploads\/2024\/07\/isaquias_queiroz_canoista_porta_band_paris_2024.jpg?fit=1600%2C800&ssl=1","_links":{"self":[{"href":"https:\/\/guialimeira.com.br\/news\/wp-json\/wp\/v2\/posts\/10814","targetHints":{"allow":["GET"]}}],"collection":[{"href":"https:\/\/guialimeira.com.br\/news\/wp-json\/wp\/v2\/posts"}],"about":[{"href":"https:\/\/guialimeira.com.br\/news\/wp-json\/wp\/v2\/types\/post"}],"author":[{"embeddable":true,"href":"https:\/\/guialimeira.com.br\/news\/wp-json\/wp\/v2\/users\/1"}],"replies":[{"embeddable":true,"href":"https:\/\/guialimeira.com.br\/news\/wp-json\/wp\/v2\/comments?post=10814"}],"version-history":[{"count":0,"href":"https:\/\/guialimeira.com.br\/news\/wp-json\/wp\/v2\/posts\/10814\/revisions"}],"wp:featuredmedia":[{"embeddable":true,"href":"https:\/\/guialimeira.com.br\/news\/wp-json\/wp\/v2\/media\/10815"}],"wp:attachment":[{"href":"https:\/\/guialimeira.com.br\/news\/wp-json\/wp\/v2\/media?parent=10814"}],"wp:term":[{"taxonomy":"category","embeddable":true,"href":"https:\/\/guialimeira.com.br\/news\/wp-json\/wp\/v2\/categories?post=10814"},{"taxonomy":"post_tag","embeddable":true,"href":"https:\/\/guialimeira.com.br\/news\/wp-json\/wp\/v2\/tags?post=10814"}],"curies":[{"name":"wp","href":"https:\/\/api.w.org\/{rel}","templated":true}]}}