{"id":10805,"date":"2024-07-23T11:03:04","date_gmt":"2024-07-23T14:03:04","guid":{"rendered":"https:\/\/guialimeira.com.br\/?p=10805"},"modified":"2024-07-23T11:03:07","modified_gmt":"2024-07-23T14:03:07","slug":"corrida-e-caminhada-suzano-faz-bem-reune-mais-de-2-200-participantes-confira-a-lista-de-vencedoresas","status":"publish","type":"post","link":"https:\/\/guialimeira.com.br\/news\/corrida-e-caminhada-suzano-faz-bem-reune-mais-de-2-200-participantes-confira-a-lista-de-vencedoresas\/","title":{"rendered":"Corrida e Caminhada Suzano Faz Bem re\u00fane\u00a0mais de 2.200\u00a0participantes, confira a lista de vencedores(as)"},"content":{"rendered":"\n<h2 class=\"wp-block-heading\"><em>O evento esportivo realizado neste domingo contou com as modalidades de caminhada de 5 km e corridas de 5 km e 10 quil\u00f4metros<\/em><\/h2>\n\n\n\n<h2 class=\"wp-block-heading\">Mais de 2.200 pessoas acordaram cedo no \u00faltimo domingo (21\/07) para participar da &#8220;Corrida e Caminhada Suzano Faz Bem&#8221;, em Americana. O evento, promovido pela Suzano,&nbsp;maior produtora mundial de celulose e refer\u00eancia global na fabrica\u00e7\u00e3o de bioprodutos desenvolvidos a partir de \u00e1rvores plantadas de eucalipto, teve in\u00edcio \u00e0s 7h e contou com a participa\u00e7\u00e3o do maratonista americanense Hugo Farias e dos atletas paral\u00edmpicos Kesley Teodoro e Ketyla Teodoro.<\/h2>\n\n\n\n<h2 class=\"wp-block-heading\">\u201c\u00c9 muito gratificante ver tantas pessoas e t\u00e3o diversas participando deste evento que alia sa\u00fade e solidariedade. Na Suzano, temos o direcionador que diz que s\u00f3 \u00e9 bom para n\u00f3s, se for bom para o mundo, o que est\u00e1 alinhado com o objetivo alcan\u00e7ado por meio da iniciativa ao promovermos um dia de lazer para a comunidade, incentivando a pr\u00e1tica de atividades f\u00edsicas e h\u00e1bitos saud\u00e1veis e ainda o voluntariado entre os participantes\u201d, destaca Marco Ant\u00f4nio Fuzato, diretor de Opera\u00e7\u00f5es Industriais da Unidade da Suzano em Limeira.<\/h2>\n\n\n\n<h2 class=\"wp-block-heading\">As inscri\u00e7\u00f5es dos participantes foram solid\u00e1rias por meio da doa\u00e7\u00e3o de kits compostos por alimentos e produtos de higiene e limpeza. Os donativos ser\u00e3o destinados para a&nbsp;Apae (Associa\u00e7\u00e3o de Pais e Amigos dos Excepcionais) de Americana, o Lar dos Velhinhos S\u00e3o Vicente de Paulo e o Fundo Social de Solidariedade de Americana, al\u00e9m da destina\u00e7\u00e3o de \u00e1gua mineral para o Rio Grande do Sul.<\/h2>\n\n\n\n<p class=\"wp-block-paragraph\">A corrida leva o nome de um programa interno da Suzano \u2013 o Faz Bem -, que atua em cinco pilares da sa\u00fade: preventiva, mental, social, f\u00edsica e ergon\u00f4mica. Por meio desse programa, a empresa desenvolve diversas iniciativas voltadas \u00e0 sa\u00fade, qualidade de vida e bem-estar dos(as) colaboradores(as).&nbsp;&nbsp;<\/p>\n\n\n\n<p class=\"wp-block-paragraph\">A prova foi disputada nas categorias geral masculino e geral feminino, nas dist\u00e2ncias de 5 km e 10 km, e na categoria caminhada, na dist\u00e2ncia de 5 km. Todos os competidores receberam medalhas pela participa\u00e7\u00e3o. J\u00e1 os cinco primeiros colocados das tr\u00eas principais modalidades foram premiados com trof\u00e9us. Tamb\u00e9m foram premiados os tr\u00eas primeiros colocados por categoria (masculino, feminino e por faixa et\u00e1ria a cada dez anos).&nbsp;<\/p>\n\n\n\n<p class=\"wp-block-paragraph\"><strong>Vencedores(as) no ranking geral<\/strong><\/p>\n\n\n\n<p class=\"wp-block-paragraph\"><strong>Corrida de 10 quil\u00f4metros \u2013 Feminino<\/strong><\/p>\n\n\n\n<p class=\"wp-block-paragraph\">1\u00ba lugar: SUELI RAMOS SILVA<\/p>\n\n\n\n<p class=\"wp-block-paragraph\">2\u00ba Lugar: F\u00c1TIMA SILVEIRA<\/p>\n\n\n\n<p class=\"wp-block-paragraph\">3\u00ba Lugar: GISELE CRISTINA GONCALVES SOARES<\/p>\n\n\n\n<p class=\"wp-block-paragraph\">4\u00ba Lugar: JOSIANE VILHENA DA SILVA<\/p>\n\n\n\n<p class=\"wp-block-paragraph\">5\u00ba Lugar: ALESSANDRA WENZEL<\/p>\n\n\n\n<p class=\"wp-block-paragraph\"><strong>Corrida de 10 quil\u00f4metros \u2013 Masculino<\/strong><\/p>\n\n\n\n<p class=\"wp-block-paragraph\">1\u00ba Lugar: FABIANO NOBRE<\/p>\n\n\n\n<p class=\"wp-block-paragraph\">2\u00ba Lugar: BARNABE GOMES DE LIMA<\/p>\n\n\n\n<p class=\"wp-block-paragraph\">3\u00ba Lugar: JOAO PAULO SANTOS SILVA<\/p>\n\n\n\n<p class=\"wp-block-paragraph\">4\u00ba Lugar: ALEXANDRE PACHECO DE OLIVEIRA<\/p>\n\n\n\n<p class=\"wp-block-paragraph\">5\u00ba Lugar: GABRIEL LOPES MARIA<\/p>\n\n\n\n<p class=\"wp-block-paragraph\"><strong>Corrida de 5 quil\u00f4metros \u2013 Feminino<\/strong><\/p>\n\n\n\n<p class=\"wp-block-paragraph\">1\u00ba Lugar: NATALIA REGINA PAINELLI MICHELIM 2<\/p>\n\n\n\n<p class=\"wp-block-paragraph\">2\u00ba Lugar: MIRIAN DE FARIAS<\/p>\n\n\n\n<p class=\"wp-block-paragraph\">3\u00ba Lugar: BRAZ VALDIRENE BRAZ DA SILVA<\/p>\n\n\n\n<p class=\"wp-block-paragraph\">4\u00ba Lugar: ANDRESSSA A DA SILVA<\/p>\n\n\n\n<p class=\"wp-block-paragraph\">5\u00ba Lugar: MAJU<\/p>\n\n\n\n<p class=\"wp-block-paragraph\"><strong>Corrida de 5 quil\u00f4metros \u2013 Masculino<\/strong><\/p>\n\n\n\n<p class=\"wp-block-paragraph\">1\u00ba Lugar: GUILHERME HENRIQUE CIBENE<\/p>\n\n\n\n<p class=\"wp-block-paragraph\">2\u00ba Lugar: MARCELO MALTEZE<\/p>\n\n\n\n<p class=\"wp-block-paragraph\">3\u00ba Lugar: RONE ESTEVES FONSECA<\/p>\n\n\n\n<p class=\"wp-block-paragraph\">4\u00ba Lugar: LUCAS VIEIRA CANAVESI<\/p>\n\n\n\n<p class=\"wp-block-paragraph\">5\u00ba Lugar: JOSE GUSTAVO DA SILVA<\/p>\n\n\n\n<p class=\"wp-block-paragraph\"><strong>Caminhada \u2013 Feminino<\/strong><\/p>\n\n\n\n<p class=\"wp-block-paragraph\">1\u00ba Lugar: BRUNA FERNANDES<\/p>\n\n\n\n<p class=\"wp-block-paragraph\">2\u00ba Lugar: CLAUDILENE RODRIGUES NUNES<\/p>\n\n\n\n<p class=\"wp-block-paragraph\">3\u00ba Lugar: DENISE SIMONE SOUZA DE MORAIS<\/p>\n\n\n\n<p class=\"wp-block-paragraph\">4\u00ba Lugar: GABRIELA CALHEIROS LUCATI<\/p>\n\n\n\n<p class=\"wp-block-paragraph\">5\u00ba Lugar: MARIA DE LOURDES PAULINA DA SILVA<\/p>\n\n\n\n<p class=\"wp-block-paragraph\"><strong>Caminhada \u2013 Masculino<\/strong><\/p>\n\n\n\n<p class=\"wp-block-paragraph\">1\u00ba Lugar: JOAB SOUSA NOVAIS<\/p>\n\n\n\n<p class=\"wp-block-paragraph\">2\u00ba Lugar: ELIZEU JOSUE DA SILVA<\/p>\n\n\n\n<p class=\"wp-block-paragraph\">3\u00ba Lugar: JOEL CASTELLUCI DE OLIVEIRA<\/p>\n\n\n\n<p class=\"wp-block-paragraph\">4\u00ba Lugar: ROBSON DE LIMA SANTOS<\/p>\n\n\n\n<p class=\"wp-block-paragraph\">5\u00ba Lugar: OTAVIO FELICIO BARBOSA<\/p>\n\n\n\n<p class=\"wp-block-paragraph\"><strong>Sobre&nbsp;a Suzano<\/strong><\/p>\n\n\n\n<p class=\"wp-block-paragraph\">A Suzano \u00e9 a maior produtora mundial de celulose, uma das maiores produtoras de pap\u00e9is da Am\u00e9rica Latina, l\u00edder no segmento de papel higi\u00eanico no Brasil e refer\u00eancia no desenvolvimento de solu\u00e7\u00f5es sustent\u00e1veis e inovadoras a partir de mat\u00e9ria-prima de fonte renov\u00e1vel. Nossos produtos e solu\u00e7\u00f5es est\u00e3o presentes na vida de mais de 2 bilh\u00f5es de pessoas, abastecem mais de 100 pa\u00edses e incluem celulose; pap\u00e9is para imprimir e escrever; pap\u00e9is para embalagens, copos e canudos; pap\u00e9is sanit\u00e1rios e produtos absorventes; al\u00e9m de novos bioprodutos desenvolvidos para atender a demanda global. A inova\u00e7\u00e3o e a sustentabilidade orientam nosso prop\u00f3sito de \u201cRenovar a vida a partir da \u00e1rvore\u201d e nosso trabalho no enfrentamento dos desafios da sociedade e do planeta. Com 100 anos de hist\u00f3ria, temos a\u00e7\u00f5es nas bolsas do Brasil (SUZB3) e dos Estados Unidos (SUZ). Saiba mais na p\u00e1gina:&nbsp;<a href=\"https:\/\/www.suzano.com.br\/\" target=\"_blank\" rel=\"noreferrer noopener\">https:\/\/www.suzano.com.br\/<\/a><\/p>\n","protected":false},"excerpt":{"rendered":"<p>O evento esportivo realizado neste domingo contou com as modalidades de caminhada de 5 km e corridas de 5 km e 10 quil\u00f4metros Mais de 2.200 pessoas acordaram cedo no \u00faltimo domingo (21\/07) para participar da &#8220;Corrida e Caminhada Suzano Faz Bem&#8221;, em Americana. O evento, promovido pela Suzano,&nbsp;maior produtora mundial de celulose e refer\u00eancia [&hellip;]<\/p>\n","protected":false},"author":2,"featured_media":10806,"comment_status":"open","ping_status":"open","sticky":false,"template":"","format":"standard","meta":{"_jetpack_newsletter_access":"","_jetpack_dont_email_post_to_subs":false,"_jetpack_newsletter_tier_id":0,"_jetpack_memberships_contains_paywalled_content":false,"_mbp_banners":[],"_jetpack_feature_clip_id":0,"_jetpack_memberships_contains_paid_content":false,"footnotes":"","jetpack_publicize_message":"","jetpack_publicize_feature_enabled":true,"jetpack_social_post_already_shared":true,"jetpack_social_options":{"image_generator_settings":{"template":"highway","default_image_id":0,"font":"","enabled":false},"version":2},"jetpack_post_was_ever_published":false},"categories":[1],"tags":[],"class_list":["post-10805","post","type-post","status-publish","format-standard","has-post-thumbnail","category-geral"],"jetpack_publicize_connections":[],"jetpack-related-posts":[],"jetpack_shortlink":"https:\/\/wp.me\/p7Eq1F-2Oh","jetpack_sharing_enabled":true,"jetpack_featured_media_url":"https:\/\/i0.wp.com\/guialimeira.com.br\/news\/wp-content\/uploads\/2024\/07\/Corrida-Suzano-Faz-Bem-Americana-3-scaled.jpg?fit=2560%2C1920&ssl=1","_links":{"self":[{"href":"https:\/\/guialimeira.com.br\/news\/wp-json\/wp\/v2\/posts\/10805","targetHints":{"allow":["GET"]}}],"collection":[{"href":"https:\/\/guialimeira.com.br\/news\/wp-json\/wp\/v2\/posts"}],"about":[{"href":"https:\/\/guialimeira.com.br\/news\/wp-json\/wp\/v2\/types\/post"}],"author":[{"embeddable":true,"href":"https:\/\/guialimeira.com.br\/news\/wp-json\/wp\/v2\/users\/2"}],"replies":[{"embeddable":true,"href":"https:\/\/guialimeira.com.br\/news\/wp-json\/wp\/v2\/comments?post=10805"}],"version-history":[{"count":1,"href":"https:\/\/guialimeira.com.br\/news\/wp-json\/wp\/v2\/posts\/10805\/revisions"}],"predecessor-version":[{"id":10807,"href":"https:\/\/guialimeira.com.br\/news\/wp-json\/wp\/v2\/posts\/10805\/revisions\/10807"}],"wp:featuredmedia":[{"embeddable":true,"href":"https:\/\/guialimeira.com.br\/news\/wp-json\/wp\/v2\/media\/10806"}],"wp:attachment":[{"href":"https:\/\/guialimeira.com.br\/news\/wp-json\/wp\/v2\/media?parent=10805"}],"wp:term":[{"taxonomy":"category","embeddable":true,"href":"https:\/\/guialimeira.com.br\/news\/wp-json\/wp\/v2\/categories?post=10805"},{"taxonomy":"post_tag","embeddable":true,"href":"https:\/\/guialimeira.com.br\/news\/wp-json\/wp\/v2\/tags?post=10805"}],"curies":[{"name":"wp","href":"https:\/\/api.w.org\/{rel}","templated":true}]}}