{"id":10780,"date":"2024-07-22T20:58:49","date_gmt":"2024-07-22T23:58:49","guid":{"rendered":"https:\/\/guialimeira.com.br\/2024\/07\/22\/lula-e-tony-blair-conversam-sobre-g20-e-combate-a-extremismo\/"},"modified":"2024-07-22T20:58:49","modified_gmt":"2024-07-22T23:58:49","slug":"lula-e-tony-blair-conversam-sobre-g20-e-combate-a-extremismo","status":"publish","type":"post","link":"https:\/\/guialimeira.com.br\/news\/lula-e-tony-blair-conversam-sobre-g20-e-combate-a-extremismo\/","title":{"rendered":"Lula e Tony Blair conversam sobre G20 e combate a extremismo"},"content":{"rendered":"<p> <br \/>\n<\/p>\n<div>\n<p>O presidente Luiz In\u00e1cio Lula da Silva reuniu-se\u00a0nesta segunda feira (22) com\u00a0o ex-primeiro-ministro brit\u00e2nico Tony Blair. De acordo com a Presid\u00eancia da Rep\u00fablica, a conversa, que ocorreu no Pal\u00e1cio do Planalto, teve dura\u00e7\u00e3o de 45 minutos.<img data-recalc-dims=\"1\" decoding=\"async\" src=\"https:\/\/i0.wp.com\/agenciabrasil.ebc.com.br\/ebc.png?w=696&#038;ssl=1\" style=\"width:1px; height:1px; display:inline;\"\/><img data-recalc-dims=\"1\" decoding=\"async\" src=\"https:\/\/i0.wp.com\/agenciabrasil.ebc.com.br\/ebc.gif?w=696&#038;ssl=1\" style=\"width:1px; height:1px; display:inline;\"\/><\/p>\n<p>No encontro, os dois conversaram\u00a0sobre a proposta de reunir l\u00edderes de governos democr\u00e1ticos contra extremismo, em evento paralelo \u00e0 Assembleia Geral das Na\u00e7\u00f5es Unidas, a ser realizada em setembro.<\/p>\n<p>Outro tema foi o G20 e a\u00e7\u00f5es defendidas pelo Brasil contra fome e\u00a0taxa\u00e7\u00e3o de super-ricos.<\/p>\n<p>Conforme a Presid\u00eancia da Rep\u00fablica, o presidente Lula citou n\u00fameros da economia brasileira, como gera\u00e7\u00e3o de mais de 2,5 milh\u00f5es de postos de trabalho formais em 17 meses, crescimento de 11,7% da renda e previs\u00e3o de R$ 120 bilh\u00f5es de investimentos da ind\u00fastria automobil\u00edstica no pa\u00eds nos pr\u00f3ximos anos.\u00a0<\/p>\n<p>Os l\u00edderes abordaram ainda o retorno do Partido Trabalhista ao poder no Reino Unido com a vit\u00f3ria de Keir Starmer para primeiro-ministro nas elei\u00e7\u00f5es\u00a0realizadas neste m\u00eas, encerrando 14 anos de governos dos conservadores.\u00a0<\/p>\n<p>\u00a0<\/p>\n<\/p><\/div>\n<p><br \/>\n<br \/><a href=\"https:\/\/agenciabrasil.ebc.com.br\/internacional\/noticia\/2024-07\/lula-e-tony-blair-conversam-sobre-g20-e-combate-extremismo\" rel=\"noopener\">Ag\u00eancia Brasil <\/a><\/p>\n","protected":false},"excerpt":{"rendered":"<p>O presidente Luiz In\u00e1cio Lula da Silva reuniu-se\u00a0nesta segunda feira (22) com\u00a0o ex-primeiro-ministro brit\u00e2nico Tony Blair. De acordo com a Presid\u00eancia da Rep\u00fablica, a conversa, que ocorreu no Pal\u00e1cio do Planalto, teve dura\u00e7\u00e3o de 45 minutos. No encontro, os dois conversaram\u00a0sobre a proposta de reunir l\u00edderes de governos democr\u00e1ticos contra extremismo, em evento paralelo \u00e0 [&hellip;]<\/p>\n","protected":false},"author":1,"featured_media":10781,"comment_status":"open","ping_status":"open","sticky":false,"template":"","format":"standard","meta":{"_jetpack_newsletter_access":"","_jetpack_dont_email_post_to_subs":false,"_jetpack_newsletter_tier_id":0,"_jetpack_memberships_contains_paywalled_content":false,"_mbp_banners":[],"_jetpack_feature_clip_id":0,"_jetpack_memberships_contains_paid_content":false,"footnotes":"","jetpack_publicize_message":"","jetpack_publicize_feature_enabled":true,"jetpack_social_post_already_shared":true,"jetpack_social_options":{"image_generator_settings":{"template":"highway","default_image_id":0,"font":"","enabled":false},"version":2},"jetpack_post_was_ever_published":false},"categories":[25],"tags":[],"class_list":["post-10780","post","type-post","status-publish","format-standard","has-post-thumbnail","category-internacional"],"jetpack_publicize_connections":[],"jetpack-related-posts":[],"jetpack_shortlink":"https:\/\/wp.me\/p7Eq1F-2NS","jetpack_sharing_enabled":true,"jetpack_featured_media_url":"https:\/\/i0.wp.com\/guialimeira.com.br\/news\/wp-content\/uploads\/2024\/07\/lula_e_tony_blair_-_ricardo_stuckert_-_pr.jpg?fit=1600%2C800&ssl=1","_links":{"self":[{"href":"https:\/\/guialimeira.com.br\/news\/wp-json\/wp\/v2\/posts\/10780","targetHints":{"allow":["GET"]}}],"collection":[{"href":"https:\/\/guialimeira.com.br\/news\/wp-json\/wp\/v2\/posts"}],"about":[{"href":"https:\/\/guialimeira.com.br\/news\/wp-json\/wp\/v2\/types\/post"}],"author":[{"embeddable":true,"href":"https:\/\/guialimeira.com.br\/news\/wp-json\/wp\/v2\/users\/1"}],"replies":[{"embeddable":true,"href":"https:\/\/guialimeira.com.br\/news\/wp-json\/wp\/v2\/comments?post=10780"}],"version-history":[{"count":0,"href":"https:\/\/guialimeira.com.br\/news\/wp-json\/wp\/v2\/posts\/10780\/revisions"}],"wp:featuredmedia":[{"embeddable":true,"href":"https:\/\/guialimeira.com.br\/news\/wp-json\/wp\/v2\/media\/10781"}],"wp:attachment":[{"href":"https:\/\/guialimeira.com.br\/news\/wp-json\/wp\/v2\/media?parent=10780"}],"wp:term":[{"taxonomy":"category","embeddable":true,"href":"https:\/\/guialimeira.com.br\/news\/wp-json\/wp\/v2\/categories?post=10780"},{"taxonomy":"post_tag","embeddable":true,"href":"https:\/\/guialimeira.com.br\/news\/wp-json\/wp\/v2\/tags?post=10780"}],"curies":[{"name":"wp","href":"https:\/\/api.w.org\/{rel}","templated":true}]}}