{"id":10758,"date":"2024-07-22T18:56:48","date_gmt":"2024-07-22T21:56:48","guid":{"rendered":"https:\/\/guialimeira.com.br\/2024\/07\/22\/grupo-de-engajamento-do-g20-defende-remuneracao-do-cuidado-familiar\/"},"modified":"2024-07-22T18:56:48","modified_gmt":"2024-07-22T21:56:48","slug":"grupo-de-engajamento-do-g20-defende-remuneracao-do-cuidado-familiar","status":"publish","type":"post","link":"https:\/\/guialimeira.com.br\/news\/grupo-de-engajamento-do-g20-defende-remuneracao-do-cuidado-familiar\/","title":{"rendered":"Grupo de engajamento do G20 defende remunera\u00e7\u00e3o do cuidado familiar"},"content":{"rendered":"<p> <br \/>\n<\/p>\n<div>\n<p>O trabalho de cuidar de familiares, como crian\u00e7as, idosos e doentes, deve ser valorizado, remunerado e n\u00e3o exclusivo de mulheres. Essa \u00e9 uma das reivindica\u00e7\u00f5es do W20 (Women 20 &#8211; Mulheres 20, em portugu\u00eas), um dos <a href=\"https:\/\/agenciabrasil.ebc.com.br\/economia\/noticia\/2024-02\/b20-c20-y20-conheca-siglas-que-acompanham-o-g20\" target=\"_blank\" rel=\"noopener\">13 grupos de engajamento<\/a> que fazem parte da agenda do G20 e se reuniram, nesta segunda-feira (22), com representantes de minist\u00e9rios das finan\u00e7as e de bancos centrais dos pa\u00edses-membros.<img data-recalc-dims=\"1\" decoding=\"async\" src=\"https:\/\/i0.wp.com\/agenciabrasil.ebc.com.br\/ebc.png?w=696&#038;ssl=1\" style=\"width:1px; height:1px; display:inline;\"\/><img data-recalc-dims=\"1\" decoding=\"async\" src=\"https:\/\/i0.wp.com\/agenciabrasil.ebc.com.br\/ebc.gif?w=696&#038;ssl=1\" style=\"width:1px; height:1px; display:inline;\"\/><\/p>\n<p>O evento faz parte de uma <a href=\"https:\/\/agenciabrasil.ebc.com.br\/economia\/noticia\/2024-07\/g20-inicia-semana-de-encontros-economicos-e-sociais-no-rio\" target=\"_blank\" rel=\"noopener\">semana decisiva para a presid\u00eancia brasileira no G20<\/a>. A prioridade do W20 foi repassada a jornalistas pela l\u00edder Ana Fontes, fundadora e presidente da Rede de Mulheres Empreendedoras.<\/p>\n<p>A empreendedora citou como exemplo o modelo argentino, em que os anos que as mulheres se dedicam \u00e0 cria\u00e7\u00e3o de filhos pequenos conta para a aposentadoria. Mas Ana Fontes destaca que \u00e9 preciso que seja algo direcionado para os dois g\u00eaneros, e n\u00e3o apenas mulheres.<\/p>\n<p>Ela defende que seja repensado o modelo de como a \u201ceconomia do cuidado\u201d \u00e9 vista e remunerada. \u201cSe a gente n\u00e3o paga, ningu\u00e9m valoriza\u201d, avalia. \u201cSocialmente, as pessoas n\u00e3o olham para a economia do cuidado. Ela vai adicionar dinheiro na economia\u201d, acrescenta.<\/p>\n<p>\u201cTem gente que pergunta de onde vai sair esse dinheiro. O mundo n\u00e3o tem falta de dinheiro. O mundo tem falta de a\u00e7\u00f5es direcionadas. O que \u00e9 preciso \u00e9 organizar essa quest\u00e3o financeira\u201d, defende.<\/p>\n<h2>Prioridades<\/h2>\n<p>Ana disse que outra prioridade do grupo \u00e9 \u201colhar a justi\u00e7a clim\u00e1tica com lente e perspectiva de g\u00eanero\u201d. Segundo a empreendedora, s\u00e3o as mulheres as que mais sofrem em situa\u00e7\u00e3o de emerg\u00eancia clim\u00e1tica.<\/p>\n<p>\u201cQuando falta \u00e1gua, quem vai buscar s\u00e3o as mulheres, com a lata na cabe\u00e7a. Quando tem problema de saneamento e as crian\u00e7as ficam com dor de barriga, quem sofre com isso s\u00e3o as mulheres\u201d, exemplifica.<\/p>\n<p>Os dois temas s\u00e3o a novidade da edi\u00e7\u00e3o brasileira do W20. Outras reivindica\u00e7\u00f5es s\u00e3o herdadas de edi\u00e7\u00f5es anteriores como melhorar situa\u00e7\u00e3o de mulheres empreendedoras por meio de acesso ao capital; o enfrentamento \u00e0 viol\u00eancia contra as mulheres; e aumentar a participa\u00e7\u00e3o de mulheres e meninas nas \u00e1reas de stem (sigla em ingl\u00eas para ci\u00eancia, tecnologia, engenharia e matem\u00e1tica).<\/p>\n<p>As representantes brasileiras no W20 ainda buscam consenso para que, em todas as cinco reivindica\u00e7\u00f5es, haja a perspectiva de ra\u00e7a e etnia.<\/p>\n<p>\u201cA quest\u00e3o das ra\u00e7as acaba sobrepondo todas as outras quest\u00f5es, e as vulnerabilidades v\u00e3o se somando\u201d, explicou a l\u00edder do W20. No entanto, ainda n\u00e3o h\u00e1 consenso entre todos os pa\u00edses com representantes no W20.<\/p>\n<p>Ana Fontes disse que percebeu boa recep\u00e7\u00e3o dos representantes dos minist\u00e9rios de finan\u00e7as e de bancos centrais. Ela faz parte de discuss\u00f5es desde 2017 e ressaltou que nunca tinha visto iniciativa como a da presid\u00eancia brasileira do G20, que, por meio do G20 Social, possibilitou o di\u00e1logo pr\u00e9vio entre os representantes da sociedade civil e autoridades.<\/p>\n<p>\u201cFiquei impressionada com a ader\u00eancia ao tema. Obviamente a gente espera que essa ader\u00eancia n\u00e3o seja s\u00f3 achar bacana, mas que aconte\u00e7a na vida real tamb\u00e9m\u201d, disse.<\/p>\n<h2>B20<\/h2>\n<div class=\"dnd-widget-wrapper context-cheio_8colunas type-image\">\n<div class=\"dnd-atom-rendered\"><!-- scald=393208:cheio_8colunas --><\/p>\n<div class=\"shadow overflow-hidden rounded-lg d-block w-100\">\n            <img data-recalc-dims=\"1\" decoding=\"async\" src=\"https:\/\/i0.wp.com\/agenciabrasil.ebc.com.br\/sites\/default\/files\/thumbnails\/image\/loading_v2.gif?w=696&#038;ssl=1\" data-echo=\"https:\/\/imagens.ebc.com.br\/xaFWAc2DfFTaAQ2vvIu7XtWZmIg=\/754x0\/smart\/https:\/\/agenciabrasil.ebc.com.br\/sites\/default\/files\/thumbnails\/image\/2024\/07\/22\/toms2905.jpg?itok=1L-lS-uS\" alt=\"Rio de Janeiro (RJ), 22\/07\/2024 \u2013 A sherpa do B20, Constanza Negri durante a 4\u00aa reuni\u00e3o de Deputies de Finan\u00e7as e Bancos Centrais do G20, no hotel Windsor Barra, na zona oeste do Rio de Janeiro. Foto: Tomaz Silva\/Ag\u00eancia Brasil\" title=\"Tomaz Silva\/Ag\u00eancia Brasil\" class=\"flex-fill img-cover\"\/><br \/>\n        <img data-recalc-dims=\"1\" decoding=\"async\" src=\"https:\/\/i0.wp.com\/imagens.ebc.com.br\/xaFWAc2DfFTaAQ2vvIu7XtWZmIg%3D\/754x0\/smart\/https%3A\/\/agenciabrasil.ebc.com.br\/sites\/default\/files\/thumbnails\/image\/2024\/07\/22\/toms2905.jpg?w=696&#038;ssl=1\" alt=\"Rio de Janeiro (RJ), 22\/07\/2024 \u2013 A sherpa do B20, Constanza Negri durante a 4\u00aa reuni\u00e3o de Deputies de Finan\u00e7as e Bancos Centrais do G20, no hotel Windsor Barra, na zona oeste do Rio de Janeiro. Foto: Tomaz Silva\/Ag\u00eancia Brasil\" title=\"Tomaz Silva\/Ag\u00eancia Brasil\" class=\"flex-fill img-cover\"\/>\n    <\/div>\n<p><!-- END scald=393208 --><\/div>\n<p><h6 class=\"meta\"><!--copyright=393208-->L\u00edder do B20, Constanza Negri, durante reuni\u00e3o do G20 com representantes de minist\u00e9rios das Finan\u00e7as e bancos centrais &#8211; Foto: Tomaz Silva\/Ag\u00eancia Brasil<!--END copyright=393208--><\/h6>\n<\/p>\n<\/div>\n<p>Outro grupo da sociedade civil que participou da reuni\u00e3o nesta segunda-feira foi o B20 (Business 20, reuni\u00e3o de representantes empresariais).<\/p>\n<p>Segundo Constan\u00e7a Negri, l\u00edder do B20, um dos temas priorit\u00e1rios levado \u00e0s autoridades da Trilha de Finan\u00e7as do G20 \u00e9 o financiamento para acelerar a transi\u00e7\u00e3o energ\u00e9tica para uma economia com menos emiss\u00e3o de gases do efeito estufa.<\/p>\n<p>\u201cQue se busque mais formas de facilitar a participa\u00e7\u00e3o e atra\u00e7\u00e3o do capital privado\u201d, defende.<\/p>\n<p>A l\u00edder do B20, que representa tamb\u00e9m a Confedera\u00e7\u00e3o Nacional da Ind\u00fastria (CNI), detalhou que a inten\u00e7\u00e3o do setor privado \u00e9 investir em transi\u00e7\u00e3o energ\u00e9tica cinco vezes mais do que o poder p\u00fablico. \u201cMas para que isso aconte\u00e7a, \u00e9 preciso de algumas medidas para facilitar a forma de operar, seja dos bancos multilaterais e de ag\u00eancias [de fomento ao investimento]\u201d, ressaltou.<\/p>\n<p>Na vis\u00e3o da l\u00edder empresarial, houve entre l\u00edderes p\u00fablicos e representantes dos grupos de engajamento \u201cuma grande sintonia na quest\u00e3o do papel que o financiamento privado tem para alavancar e poder concretizar essa contribui\u00e7\u00e3o para a transi\u00e7\u00e3o energ\u00e9tica\u201d.<\/p>\n<h2>G20<\/h2>\n<p>A presid\u00eancia brasileira do G20 vai at\u00e9 a reuni\u00e3o de c\u00fapula em novembro. O ponto alto do mandato brasileiro \u00e9 a reuni\u00e3o de c\u00fapula, nos dias 18 e 19, quando se reunir\u00e3o no Rio de Janeiro chefes de Estado e de governo.<\/p>\n<p>O G20 \u00e9 composto por 19 pa\u00edses: \u00c1frica do Sul, Alemanha, Ar\u00e1bia Saudita, Argentina, Austr\u00e1lia, Brasil, Canad\u00e1, China, Coreia do Sul, Estados Unidos, Fran\u00e7a, \u00cdndia, Indon\u00e9sia, It\u00e1lia, Jap\u00e3o, M\u00e9xico, Reino Unido, R\u00fassia e Turquia, e dois \u00f3rg\u00e3os regionais: a Uni\u00e3o Africana e a Uni\u00e3o Europeia.<\/p>\n<p>Os integrantes do grupo representam cerca de 85% da economia mundial, mais de 75% do com\u00e9rcio global e cerca de dois ter\u00e7os da popula\u00e7\u00e3o do planeta. A pr\u00f3xima presid\u00eancia do grupo caber\u00e1 \u00e0 \u00c1frica do Sul.<\/p>\n<\/p><\/div>\n<p><br \/>\n<br \/><a href=\"https:\/\/agenciabrasil.ebc.com.br\/internacional\/noticia\/2024-07\/grupo-de-engajamento-do-g20-defende-remuneracao-do-cuidado-familiar\" rel=\"noopener\">Ag\u00eancia Brasil <\/a><\/p>\n","protected":false},"excerpt":{"rendered":"<p>O trabalho de cuidar de familiares, como crian\u00e7as, idosos e doentes, deve ser valorizado, remunerado e n\u00e3o exclusivo de mulheres. Essa \u00e9 uma das reivindica\u00e7\u00f5es do W20 (Women 20 &#8211; Mulheres 20, em portugu\u00eas), um dos 13 grupos de engajamento que fazem parte da agenda do G20 e se reuniram, nesta segunda-feira (22), com representantes [&hellip;]<\/p>\n","protected":false},"author":1,"featured_media":10759,"comment_status":"open","ping_status":"open","sticky":false,"template":"","format":"standard","meta":{"_jetpack_newsletter_access":"","_jetpack_dont_email_post_to_subs":false,"_jetpack_newsletter_tier_id":0,"_jetpack_memberships_contains_paywalled_content":false,"_mbp_banners":[],"_jetpack_feature_clip_id":0,"_jetpack_memberships_contains_paid_content":false,"footnotes":"","jetpack_publicize_message":"","jetpack_publicize_feature_enabled":true,"jetpack_social_post_already_shared":true,"jetpack_social_options":{"image_generator_settings":{"template":"highway","default_image_id":0,"font":"","enabled":false},"version":2},"jetpack_post_was_ever_published":false},"categories":[25],"tags":[],"class_list":["post-10758","post","type-post","status-publish","format-standard","has-post-thumbnail","category-internacional"],"jetpack_publicize_connections":[],"jetpack-related-posts":[],"jetpack_shortlink":"https:\/\/wp.me\/p7Eq1F-2Nw","jetpack_sharing_enabled":true,"jetpack_featured_media_url":"https:\/\/i0.wp.com\/guialimeira.com.br\/news\/wp-content\/uploads\/2024\/07\/toms2928.jpg?fit=1600%2C800&ssl=1","_links":{"self":[{"href":"https:\/\/guialimeira.com.br\/news\/wp-json\/wp\/v2\/posts\/10758","targetHints":{"allow":["GET"]}}],"collection":[{"href":"https:\/\/guialimeira.com.br\/news\/wp-json\/wp\/v2\/posts"}],"about":[{"href":"https:\/\/guialimeira.com.br\/news\/wp-json\/wp\/v2\/types\/post"}],"author":[{"embeddable":true,"href":"https:\/\/guialimeira.com.br\/news\/wp-json\/wp\/v2\/users\/1"}],"replies":[{"embeddable":true,"href":"https:\/\/guialimeira.com.br\/news\/wp-json\/wp\/v2\/comments?post=10758"}],"version-history":[{"count":0,"href":"https:\/\/guialimeira.com.br\/news\/wp-json\/wp\/v2\/posts\/10758\/revisions"}],"wp:featuredmedia":[{"embeddable":true,"href":"https:\/\/guialimeira.com.br\/news\/wp-json\/wp\/v2\/media\/10759"}],"wp:attachment":[{"href":"https:\/\/guialimeira.com.br\/news\/wp-json\/wp\/v2\/media?parent=10758"}],"wp:term":[{"taxonomy":"category","embeddable":true,"href":"https:\/\/guialimeira.com.br\/news\/wp-json\/wp\/v2\/categories?post=10758"},{"taxonomy":"post_tag","embeddable":true,"href":"https:\/\/guialimeira.com.br\/news\/wp-json\/wp\/v2\/tags?post=10758"}],"curies":[{"name":"wp","href":"https:\/\/api.w.org\/{rel}","templated":true}]}}