{"id":10752,"date":"2024-07-22T17:55:48","date_gmt":"2024-07-22T20:55:48","guid":{"rendered":"https:\/\/guialimeira.com.br\/2024\/07\/22\/g20-tecnologia-pode-ser-ferramenta-para-reducao-de-desigualdades\/"},"modified":"2024-07-22T17:55:48","modified_gmt":"2024-07-22T20:55:48","slug":"g20-tecnologia-pode-ser-ferramenta-para-reducao-de-desigualdades","status":"publish","type":"post","link":"https:\/\/guialimeira.com.br\/news\/g20-tecnologia-pode-ser-ferramenta-para-reducao-de-desigualdades\/","title":{"rendered":"G20: tecnologia pode ser ferramenta para redu\u00e7\u00e3o de desigualdades"},"content":{"rendered":"<p> <br \/>\n<\/p>\n<div>\n<p>Os ministros do G20 da Reuni\u00e3o de Desenvolvimento reconhecem a tecnologia como importante ferramenta para a redu\u00e7\u00e3o de desigualdades no mundo. Em documento divulgado nesta segunda-feira (22), ressaltam a import\u00e2ncia da transfer\u00eancia de tecnologia entre pa\u00edses, do acesso a tecnologias digitais e at\u00e9 mesmo do uso dos benef\u00edcios da intelig\u00eancia artificial para que as diferen\u00e7as sociais e econ\u00f4micas entre os pa\u00edses diminuam.<img data-recalc-dims=\"1\" decoding=\"async\" src=\"https:\/\/i0.wp.com\/agenciabrasil.ebc.com.br\/ebc.png?w=696&#038;ssl=1\" style=\"width:1px; height:1px; display:inline;\"\/><img data-recalc-dims=\"1\" decoding=\"async\" src=\"https:\/\/i0.wp.com\/agenciabrasil.ebc.com.br\/ebc.gif?w=696&#038;ssl=1\" style=\"width:1px; height:1px; display:inline;\"\/><\/p>\n<p>\u201cIsso pode possibilitar uma transforma\u00e7\u00e3o r\u00e1pida, combater as desigualdades dentro e entre os pa\u00edses e acelerar a realiza\u00e7\u00e3o do desenvolvimento sustent\u00e1vel nas suas tr\u00eas dimens\u00f5es &#8211; econ\u00f4mica, social e ambiental -, bem como a presta\u00e7\u00e3o de servi\u00e7os p\u00fablicos\u201d, aponta o documento <a href=\"https:\/\/www.gov.br\/mre\/pt-br\/canais_atendimento\/imprensa\/notas-a-imprensa\/documentos-resultantes-da-reuniao-ministerial-de-desenvolvimento-do-g20-rio-de-janeiro-22-e-23-de-julho-de-2024\" target=\"_blank\" rel=\"noopener\">Declara\u00e7\u00e3o Ministerial de Desenvolvimento do G20 para Reduzir as Desigualdades<\/a>.<\/p>\n<p>Em 20 t\u00f3picos, os ministros elencam no documento a\u00e7\u00f5es poss\u00edveis para mitigar as desigualdades. E chamam a aten\u00e7\u00e3o dos pa\u00edses e organiza\u00e7\u00f5es internacionais parceiras para que abordem a necessidade urgente de reduzir as desigualdades dentro e entre os pa\u00edses e de promover oportunidades para todas as pessoas, independentemente de idade, sexo, defici\u00eancia, ra\u00e7a, etnia, origem, religi\u00e3o ou status econ\u00f4mico e outros.\u00a0<\/p>\n<p>\u201cA desigualdade amplifica os impactos negativos e desiguais dos choques com poss\u00edveis consequ\u00eancias a longo prazo\u201d, afirmam os ministros no texto.\u00a0<\/p>\n<p>Entre os compromissos firmados, est\u00e3o o emprego produtivo e a inova\u00e7\u00e3o, apoiados por compet\u00eancias adequadas e transfer\u00eancia de tecnologia em termos volunt\u00e1rios e mutuamente acordados. Os ministros tamb\u00e9m reafirmam o compromisso de \u201creduzir as disparidades digitais e promover o uso inclusivo de dados para o desenvolvimento, aproveitar os benef\u00edcios da intelig\u00eancia artificial (IA) segura, protegida e confi\u00e1vel para o bem e para todos de maneira respons\u00e1vel, inclusiva e centrada no ser humano, melhorar o acesso a servi\u00e7os digitais e infraestrutura p\u00fablica digital e alavancar oportunidades de transforma\u00e7\u00e3o digital para impulsionar o crescimento sustent\u00e1vel e inclusivo\u201d.<\/p>\n<p>Outro t\u00f3pico abordado \u00e9 a quest\u00e3o do emprego: \u201cReafirmamos nosso compromisso em ajudar os pa\u00edses em desenvolvimento a se integrarem melhor \u00e0s cadeias industriais, de valor e de suprimentos globais, e acelerar seu processo de industrializa\u00e7\u00e3o e moderniza\u00e7\u00e3o. Reconhecemos que o desenvolvimento do capital humano \u00e9 essencial para combater a pobreza e a desigualdade\u201d, comprometem-se os ministros.<\/p>\n<p>Outro compromisso estabelecido \u00e9 em rela\u00e7\u00e3o \u00e0 mobiliza\u00e7\u00e3o de recursos, sobretudo para os pa\u00edses mais pobres. Os ministros ressaltam a necessidade de financiamento \u201cacess\u00edvel, adequado e dispon\u00edvel proveniente de todas as fontes\u201d e reconhecem que h\u00e1 desafios para a implementa\u00e7\u00e3o da chamada Agenda de A\u00e7\u00e3o de Adis Abeba (AAAA), considerado um acordo hist\u00f3rico para o investimento em desenvolvimento sustent\u00e1vel. \u201cO progresso n\u00e3o foi compartilhado uniformemente dentro e entre os pa\u00edses, aprofundando ainda mais as desigualdades existentes\u201d, alertam no documento.<\/p>\n<p>Os ministros reconhecem a import\u00e2ncia de facilitar o desenvolvimento, a distribui\u00e7\u00e3o oportuna e o acesso equitativo a vacinas, terapias e diagn\u00f3sticos seguros, eficazes, de qualidade garantida e acess\u00edveis.<\/p>\n<p>Segundo o Minist\u00e9rio das Rela\u00e7\u00f5es Exteriores do Brasil, \u00e9 a primeira vez, em 2 anos e meio, que \u00e9 poss\u00edvel aprovar documentos em n\u00edvel ministerial, o que n\u00e3o ocorreu nas duas \u00faltimas presid\u00eancias do G20 devido a controv\u00e9rsias sobretudo em rela\u00e7\u00e3o a quest\u00f5es geopol\u00edticas entre os pa\u00edses do grupo.<\/p>\n<h2>Reuni\u00f5es do G20<\/h2>\n<p>A Reuni\u00e3o de Desenvolvimento, no \u00e2mbito do G20, vai at\u00e9 esta ter\u00e7a-feira (23), no Rio de Janeiro.\u00a0<\/p>\n<p>E at\u00e9 sexta-feira (26), haver\u00e1 uma s\u00e9rie de encontros de alto n\u00edvel entre autoridades da \u00e1rea econ\u00f4mica dos pa\u00edses que formam o bloco, al\u00e9m de eventos com ministros de \u00e1reas sociais.\u00a0<\/p>\n<p>Um dos pontos altos ser\u00e1 o <a href=\"https:\/\/agenciabrasil.ebc.com.br\/economia\/noticia\/2024-07\/g20-inicia-semana-de-encontros-economicos-e-sociais-no-rio\" target=\"_blank\" rel=\"noopener\">pr\u00e9-lan\u00e7amento da Alian\u00e7a Global contra a Fome e a Pobreza<\/a>.<\/p>\n<p>O G20 \u00e9 composto por Argentina, Austr\u00e1lia, Brasil, Canad\u00e1, China, Fran\u00e7a, Alemanha, \u00cdndia, Indon\u00e9sia, It\u00e1lia, Jap\u00e3o, Rep\u00fablica da Coreia, M\u00e9xico, R\u00fassia, Ar\u00e1bia Saudita, \u00c1frica do Sul, Turquia, Reino Unido e Estados Unidos, al\u00e9m da Uni\u00e3o Europeia.<\/p>\n<p>Os membros do G20 representam cerca de 85% do Produto Interno Bruto (PIB, soma de todos os bens e servi\u00e7os produzidos por um pa\u00eds) global, mais de 75% do com\u00e9rcio global e cerca de dois ter\u00e7os da popula\u00e7\u00e3o mundial.<\/p>\n<p>Desde 2008, os pa\u00edses revezam-se na presid\u00eancia. Esta \u00e9 a primeira vez que o Brasil preside o G20 no atual formato. A C\u00fapula de L\u00edderes ser\u00e1 em novembro, no Rio de Janeiro. At\u00e9 l\u00e1, ser\u00e3o realizadas <a href=\"https:\/\/www.g20.org\/pt-br\/calendario\" target=\"_blank\" rel=\"noopener\">diversas reuni\u00f5es<\/a>.<\/p>\n<\/p><\/div>\n<p><br \/>\n<br \/><a href=\"https:\/\/agenciabrasil.ebc.com.br\/internacional\/noticia\/2024-07\/g20-tecnologia-pode-ser-ferramenta-para-reducao-de-desigualdades\" rel=\"noopener\">Ag\u00eancia Brasil <\/a><\/p>\n","protected":false},"excerpt":{"rendered":"<p>Os ministros do G20 da Reuni\u00e3o de Desenvolvimento reconhecem a tecnologia como importante ferramenta para a redu\u00e7\u00e3o de desigualdades no mundo. Em documento divulgado nesta segunda-feira (22), ressaltam a import\u00e2ncia da transfer\u00eancia de tecnologia entre pa\u00edses, do acesso a tecnologias digitais e at\u00e9 mesmo do uso dos benef\u00edcios da intelig\u00eancia artificial para que as diferen\u00e7as [&hellip;]<\/p>\n","protected":false},"author":1,"featured_media":10753,"comment_status":"open","ping_status":"open","sticky":false,"template":"","format":"standard","meta":{"_jetpack_newsletter_access":"","_jetpack_dont_email_post_to_subs":false,"_jetpack_newsletter_tier_id":0,"_jetpack_memberships_contains_paywalled_content":false,"_mbp_banners":[],"_jetpack_feature_clip_id":0,"_jetpack_memberships_contains_paid_content":false,"footnotes":"","jetpack_publicize_message":"","jetpack_publicize_feature_enabled":true,"jetpack_social_post_already_shared":true,"jetpack_social_options":{"image_generator_settings":{"template":"highway","default_image_id":0,"font":"","enabled":false},"version":2},"jetpack_post_was_ever_published":false},"categories":[25],"tags":[],"class_list":["post-10752","post","type-post","status-publish","format-standard","has-post-thumbnail","category-internacional"],"jetpack_publicize_connections":[],"jetpack-related-posts":[],"jetpack_shortlink":"https:\/\/wp.me\/p7Eq1F-2Nq","jetpack_sharing_enabled":true,"jetpack_featured_media_url":"https:\/\/i0.wp.com\/guialimeira.com.br\/news\/wp-content\/uploads\/2024\/07\/doacoes-computadores_mcamgo_abr_21122023-4.jpg?fit=1600%2C800&ssl=1","_links":{"self":[{"href":"https:\/\/guialimeira.com.br\/news\/wp-json\/wp\/v2\/posts\/10752","targetHints":{"allow":["GET"]}}],"collection":[{"href":"https:\/\/guialimeira.com.br\/news\/wp-json\/wp\/v2\/posts"}],"about":[{"href":"https:\/\/guialimeira.com.br\/news\/wp-json\/wp\/v2\/types\/post"}],"author":[{"embeddable":true,"href":"https:\/\/guialimeira.com.br\/news\/wp-json\/wp\/v2\/users\/1"}],"replies":[{"embeddable":true,"href":"https:\/\/guialimeira.com.br\/news\/wp-json\/wp\/v2\/comments?post=10752"}],"version-history":[{"count":0,"href":"https:\/\/guialimeira.com.br\/news\/wp-json\/wp\/v2\/posts\/10752\/revisions"}],"wp:featuredmedia":[{"embeddable":true,"href":"https:\/\/guialimeira.com.br\/news\/wp-json\/wp\/v2\/media\/10753"}],"wp:attachment":[{"href":"https:\/\/guialimeira.com.br\/news\/wp-json\/wp\/v2\/media?parent=10752"}],"wp:term":[{"taxonomy":"category","embeddable":true,"href":"https:\/\/guialimeira.com.br\/news\/wp-json\/wp\/v2\/categories?post=10752"},{"taxonomy":"post_tag","embeddable":true,"href":"https:\/\/guialimeira.com.br\/news\/wp-json\/wp\/v2\/tags?post=10752"}],"curies":[{"name":"wp","href":"https:\/\/api.w.org\/{rel}","templated":true}]}}