{"id":10737,"date":"2024-07-22T14:52:47","date_gmt":"2024-07-22T17:52:47","guid":{"rendered":"https:\/\/guialimeira.com.br\/2024\/07\/22\/casa-branca-para-especialistas-tendencia-e-que-kamala-seja-candidata\/"},"modified":"2024-07-22T14:52:47","modified_gmt":"2024-07-22T17:52:47","slug":"casa-branca-para-especialistas-tendencia-e-que-kamala-seja-candidata","status":"publish","type":"post","link":"https:\/\/guialimeira.com.br\/news\/casa-branca-para-especialistas-tendencia-e-que-kamala-seja-candidata\/","title":{"rendered":"Casa Branca: para especialistas, tend\u00eancia \u00e9 que Kamala seja candidata"},"content":{"rendered":"<p> <br \/>\n<\/p>\n<div>\n<p>A indica\u00e7\u00e3o da atual vice-presidente dos Estados Unidos (EUA), Kamala Harris, para <a href=\"https:\/\/agenciabrasil.ebc.com.br\/internacional\/noticia\/2024-07\/biden-desiste-de-candidatura-reeleicao-para-presidencia-dos-eua\" target=\"_blank\" rel=\"noopener\">substituir o presidente Joe Biden<\/a> na disputa pela Casa Branca deve ser confirmada pelo Partido Democrata, segundo avalia\u00e7\u00e3o de analistas consultados pela <strong>Ag\u00eancia Brasil<\/strong>.\u00a0<img data-recalc-dims=\"1\" decoding=\"async\" src=\"https:\/\/i0.wp.com\/agenciabrasil.ebc.com.br\/ebc.png?w=696&#038;ssl=1\" style=\"width:1px; height:1px; display:inline;\"\/><img data-recalc-dims=\"1\" decoding=\"async\" src=\"https:\/\/i0.wp.com\/agenciabrasil.ebc.com.br\/ebc.gif?w=696&#038;ssl=1\" style=\"width:1px; height:1px; display:inline;\"\/><\/p>\n<p>Apesar do apoio de Biden \u00e0 vice-presidente,\u00a0<a href=\"https:\/\/agenciabrasil.ebc.com.br\/internacional\/noticia\/2024-07\/kamala-pede-uniao-ao-partido-democrata-para-derrotar-donald-trump\" target=\"_blank\" rel=\"noopener\">Kamala<\/a> precisa ainda ser confirmada pela conven\u00e7\u00e3o do partido, marcada para os dias 19 a 22 de agosto. Apesar de outros nomes poderem surgir para disputa, ap\u00f3s a desist\u00eancia de Biden anunciada neste domingo,\u00a0especialistas acreditam que \u00e9\u00a0dif\u00edcil outro pol\u00edtico democrata se consolidar contra Harris.<\/p>\n<p>O professor de Rela\u00e7\u00f5es Internacionais da Ibmec-RJ, Jos\u00e9 Niemeyer, lembra\u00a0que ela\u00a0recebeu o apoio da maioria das lideran\u00e7as do partido. \u201cDe Clinton, de Obama, da Nancy Pelosi, que \u00e9 muito importante e tem um grande papel no Congresso, al\u00e9m de outras lideran\u00e7as. Por isso, Kamala deve ter a indica\u00e7\u00e3o confirmada como candidata\u201d, afirmou.<\/p>\n<p>A governadora de Michigan, Gretchen Whitmer, poss\u00edvel rival de Kamala na disputa pela Casa Branca, endossou o apoio de Biden \u00e0 sua vice nesta segunda-feira (22). &#8220;Vice-presidente Harris, voc\u00ea tem meu total apoio. Vamos vencer&#8221;, disse a democrata em\u00a0rede social.\u00a0<\/p>\n<p>O presidente do Conselho Diretivo do Washington Brazil Office (WBO), James N. Green, avalia que causa m\u00e1 impress\u00e3o\u00a0algu\u00e9m se lan\u00e7ar contra a vice-presidente e que a confirma\u00e7\u00e3o de Kamala \u00e9 uma quest\u00e3o de formalidade. \u00a0<\/p>\n<p>\u201cN\u00e3o tem nenhuma pessoa ou uma for\u00e7a que v\u00e1\u00a0questionar ela nesse momento. Especialmente porque Biden a indicou e acho que tem um certo sentimento de culpa entre os setores do partido por causa da maneira que ele foi pressionado a renunciar. A pessoa que se lan\u00e7ar contra Kamala vai ficar muito marginalizada e vista como uma pessoa que est\u00e1 contra a possibilidade de vit\u00f3ria\u201d, analisou.<\/p>\n<p>Para Green, a quest\u00e3o chave agora \u00e9 saber quem vai ser a ou o vice de Kamala, que \u00e9 o que deve mobilizar o Partido Democrata. Ainda segundo o analista, a manuten\u00e7\u00e3o de Biden estava dando uma vit\u00f3ria iminente \u00e0 Donald Trump.<\/p>\n<p>\u201cO mais importante agora \u00e9 que se abriu de novo o jogo eleitoral e a possibilidade de Trump ser derrotado. Ela tem possibilidade de ganhar as elei\u00e7\u00f5es, eu acho que pode reverter essa din\u00e2mica que estava muito desfavor\u00e1vel [ao Partido Democrata\u201d, destacou.<\/p>\n<h2>Financiamento<\/h2>\n<p>Como os cerca de US$ 95 milh\u00f5es arrecadados para campanha democrata foram doados quando Joe Biden estava na disputa, republicanos prometem questionar que esse recurso n\u00e3o pode ser transferido para outra candidatura.<\/p>\n<p>\u201cBiden pode transferir os US$ 90 milh\u00f5es para uma entidade independente que pode apoiar a campanha eleitoral dela. Acho que isso n\u00e3o \u00e9 um problema. \u00c9 um discurso dos republicanos para perturbar\u201d, destacou o especialista da WBO, James Green<\/p>\n<p>Para o professor Jos\u00e9 Niemeyer, como Kamala estava como vice de Biden, as doa\u00e7\u00f5es devem ser mantidas. \u201cKamala era a \u00fanica que poderia, do ponto de vista legal, receber essas doa\u00e7\u00f5es de campanha, porque ela \u00e9 vice-presidente. Outros candidatos seria\u00a0mais dif\u00edcil, voc\u00ea teria que come\u00e7ar um novo processo de doa\u00e7\u00e3o\u201d, disse o especialista do Ibmec.<\/p>\n<p>A indica\u00e7\u00e3o de Kamala por Biden fez com que o partido recolhesse, em um \u00fanico dia, cerca de US$ 50 milh\u00f5es de doa\u00e7\u00f5es de \u201camericanos comuns\u201d, segundo informou a Reuters.<\/p>\n<\/p><\/div>\n<p><br \/>\n<br \/><a href=\"https:\/\/agenciabrasil.ebc.com.br\/internacional\/noticia\/2024-07\/casa-branca-para-especialistas-tendencia-e-que-kamala-seja-candidata\" rel=\"noopener\">Ag\u00eancia Brasil <\/a><\/p>\n","protected":false},"excerpt":{"rendered":"<p>A indica\u00e7\u00e3o da atual vice-presidente dos Estados Unidos (EUA), Kamala Harris, para substituir o presidente Joe Biden na disputa pela Casa Branca deve ser confirmada pelo Partido Democrata, segundo avalia\u00e7\u00e3o de analistas consultados pela Ag\u00eancia Brasil.\u00a0 Apesar do apoio de Biden \u00e0 vice-presidente,\u00a0Kamala precisa ainda ser confirmada pela conven\u00e7\u00e3o do partido, marcada para os dias [&hellip;]<\/p>\n","protected":false},"author":1,"featured_media":10738,"comment_status":"open","ping_status":"open","sticky":false,"template":"","format":"standard","meta":{"_jetpack_newsletter_access":"","_jetpack_dont_email_post_to_subs":false,"_jetpack_newsletter_tier_id":0,"_jetpack_memberships_contains_paywalled_content":false,"_mbp_banners":[],"_jetpack_feature_clip_id":0,"_jetpack_memberships_contains_paid_content":false,"footnotes":"","jetpack_publicize_message":"","jetpack_publicize_feature_enabled":true,"jetpack_social_post_already_shared":true,"jetpack_social_options":{"image_generator_settings":{"template":"highway","default_image_id":0,"font":"","enabled":false},"version":2},"jetpack_post_was_ever_published":false},"categories":[25],"tags":[],"class_list":["post-10737","post","type-post","status-publish","format-standard","has-post-thumbnail","category-internacional"],"jetpack_publicize_connections":[],"jetpack-related-posts":[],"jetpack_shortlink":"https:\/\/wp.me\/p7Eq1F-2Nb","jetpack_sharing_enabled":true,"jetpack_featured_media_url":"https:\/\/i0.wp.com\/guialimeira.com.br\/news\/wp-content\/uploads\/2024\/07\/2022-03-10t121458z_1421577673_rc2nzs95vrxf_rtrmadp_3_ukraine-crisis-usa-harris.jpg?fit=1600%2C800&ssl=1","_links":{"self":[{"href":"https:\/\/guialimeira.com.br\/news\/wp-json\/wp\/v2\/posts\/10737","targetHints":{"allow":["GET"]}}],"collection":[{"href":"https:\/\/guialimeira.com.br\/news\/wp-json\/wp\/v2\/posts"}],"about":[{"href":"https:\/\/guialimeira.com.br\/news\/wp-json\/wp\/v2\/types\/post"}],"author":[{"embeddable":true,"href":"https:\/\/guialimeira.com.br\/news\/wp-json\/wp\/v2\/users\/1"}],"replies":[{"embeddable":true,"href":"https:\/\/guialimeira.com.br\/news\/wp-json\/wp\/v2\/comments?post=10737"}],"version-history":[{"count":0,"href":"https:\/\/guialimeira.com.br\/news\/wp-json\/wp\/v2\/posts\/10737\/revisions"}],"wp:featuredmedia":[{"embeddable":true,"href":"https:\/\/guialimeira.com.br\/news\/wp-json\/wp\/v2\/media\/10738"}],"wp:attachment":[{"href":"https:\/\/guialimeira.com.br\/news\/wp-json\/wp\/v2\/media?parent=10737"}],"wp:term":[{"taxonomy":"category","embeddable":true,"href":"https:\/\/guialimeira.com.br\/news\/wp-json\/wp\/v2\/categories?post=10737"},{"taxonomy":"post_tag","embeddable":true,"href":"https:\/\/guialimeira.com.br\/news\/wp-json\/wp\/v2\/tags?post=10737"}],"curies":[{"name":"wp","href":"https:\/\/api.w.org\/{rel}","templated":true}]}}