{"id":10733,"date":"2024-07-22T13:51:49","date_gmt":"2024-07-22T16:51:49","guid":{"rendered":"https:\/\/guialimeira.com.br\/2024\/07\/22\/g20-deve-discutir-guerras-em-gaza-e-ucrania-antes-da-cupula-de-lideres\/"},"modified":"2024-07-22T13:51:49","modified_gmt":"2024-07-22T16:51:49","slug":"g20-deve-discutir-guerras-em-gaza-e-ucrania-antes-da-cupula-de-lideres","status":"publish","type":"post","link":"https:\/\/guialimeira.com.br\/news\/g20-deve-discutir-guerras-em-gaza-e-ucrania-antes-da-cupula-de-lideres\/","title":{"rendered":"G20 deve discutir guerras em Gaza e Ucr\u00e2nia antes da c\u00fapula de l\u00edderes"},"content":{"rendered":"<p> <br \/>\n<\/p>\n<div>\n<p>Em comunicado divulgado nesta segunda-feira (22), a presid\u00eancia brasileira do G20 comprometeu-se a conduzir a discuss\u00e3o sobre as guerras em Gaza e entre R\u00fassia e Ucr\u00e2nia nos pr\u00f3ximos meses, em prepara\u00e7\u00e3o para a C\u00fapula de L\u00edderes do Rio de Janeiro, que ocorrer\u00e1 em novembro.<img data-recalc-dims=\"1\" decoding=\"async\" src=\"https:\/\/i0.wp.com\/agenciabrasil.ebc.com.br\/ebc.png?w=696&#038;ssl=1\" style=\"width:1px; height:1px; display:inline;\"\/><img data-recalc-dims=\"1\" decoding=\"async\" src=\"https:\/\/i0.wp.com\/agenciabrasil.ebc.com.br\/ebc.gif?w=696&#038;ssl=1\" style=\"width:1px; height:1px; display:inline;\"\/><\/p>\n<p>Na declara\u00e7\u00e3o, a presid\u00eancia do grupo, formado pelas 19 maiores economias do planeta, mais Uni\u00e3o Europeia e Uni\u00e3o Africana, admite que h\u00e1 diverg\u00eancia entre os membros e participantes em rela\u00e7\u00e3o a essas quest\u00f5es. \u201cAlguns membros e outros participantes consideraram que essas quest\u00f5es t\u00eam impacto na economia global e devem ser tratadas no G20, enquanto outros n\u00e3o acreditam que o G20 seja f\u00f3rum para discuti-las.\u201d<\/p>\n<p>Diante dessa situa\u00e7\u00e3o, a presid\u00eancia brasileira afirma que conduzir\u00e1 \u201ca discuss\u00e3o sobre essas quest\u00f5es entre os <em>sherpas<\/em>, nos pr\u00f3ximos meses, em prepara\u00e7\u00e3o para a C\u00fapula de L\u00edderes do Rio de Janeiro\u201d. <em>Sherpas <\/em>s\u00e3o representantes pessoais de um chefe de Estado ou de Governo que prepara uma c\u00fapula internacional.<\/p>\n<p>O comunicado acrescenta ainda que, ao recordar a <a href=\"https:\/\/www.gov.br\/mre\/pt-br\/canais_atendimento\/imprensa\/notas-a-imprensa\/declaracao-de-lideres-do-g20-de-nova-delhi-nova-delhi-india-9-e-10-de-setembro-de-2023\" target=\"_blank\" rel=\"noopener\">Declara\u00e7\u00e3o de L\u00edderes de Nova D\u00e9lhi<\/a>, a presid\u00eancia brasileira \u201cinstou os membros a refor\u00e7arem o seu compromisso com o fortalecimento do G20 como uma plataforma eficaz de coopera\u00e7\u00e3o, baseada no consenso como sua ferramenta mais importante&#8221;.<\/p>\n<p>Em Nova D\u00e9lhi, na \u00cdndia, em 2023, os l\u00edderes dos pa\u00edses que comp\u00f5em o G20, expressaram preocupa\u00e7\u00e3o com a guerra na Ucr\u00e2nia. Na declara\u00e7\u00e3o, os l\u00edderes manifestaram \u201cprofunda preocupa\u00e7\u00e3o com o imenso sofrimento humano e o impacto adverso das guerras e conflitos em todo o mundo\u201d.<\/p>\n<p>Os l\u00edderes ainda concordaram em assinar que \u201ctodos os Estados devem abster-se da amea\u00e7a do uso da for\u00e7a ou procurar a aquisi\u00e7\u00e3o territorial contra a integridade territorial e a soberania ou a independ\u00eancia pol\u00edtica de qualquer Estado. O uso ou amea\u00e7a de uso de armas nucleares \u00e9 inadmiss\u00edvel\u201d.<\/p>\n<p>De l\u00e1 para c\u00e1, aumentou a intensidade do conflito no <a href=\"https:\/\/agenciabrasil.ebc.com.br\/internacional\/noticia\/2024-05\/conflito-em-gaza-relembre-propostas-do-brasil-para-fim-da-guerra\" target=\"_blank\" rel=\"noopener\">Oriente M\u00e9dio<\/a>. O Brasil definiu como genoc\u00eddio o conflito que deixou destrui\u00e7\u00e3o e milhares de mortos, sendo tamb\u00e9m milhares deles, crian\u00e7as.<\/p>\n<p>O G20 \u00e9 composto por Argentina, Austr\u00e1lia, Brasil, Canad\u00e1, China, Fran\u00e7a, Alemanha, \u00cdndia, Indon\u00e9sia, It\u00e1lia, Jap\u00e3o, Rep\u00fablica da Coreia, M\u00e9xico, R\u00fassia, Ar\u00e1bia Saudita, \u00c1frica do Sul, Turquia, Reino Unido e Estados Unidos, al\u00e9m da Uni\u00e3o Europeia.<\/p>\n<p>Os membros do G20 representam cerca de 85% do Produto Interno Bruto (PIB, soma de todos os bens e servi\u00e7os produzidos por um pa\u00eds) global, mais de 75% do com\u00e9rcio global e cerca de dois ter\u00e7os da popula\u00e7\u00e3o mundial.<\/p>\n<p>Desde 2008, os pa\u00edses revezam-se na presid\u00eancia. Esta \u00e9 a primeira vez que o Brasil preside o G20 no atual formato.<\/p>\n<\/p><\/div>\n<p><br \/>\n<br \/><a href=\"https:\/\/agenciabrasil.ebc.com.br\/internacional\/noticia\/2024-07\/g20-deve-discutir-guerras-em-gaza-e-ucrania-antes-da-cupula-de-lideres\" rel=\"noopener\">Ag\u00eancia Brasil <\/a><\/p>\n","protected":false},"excerpt":{"rendered":"<p>Em comunicado divulgado nesta segunda-feira (22), a presid\u00eancia brasileira do G20 comprometeu-se a conduzir a discuss\u00e3o sobre as guerras em Gaza e entre R\u00fassia e Ucr\u00e2nia nos pr\u00f3ximos meses, em prepara\u00e7\u00e3o para a C\u00fapula de L\u00edderes do Rio de Janeiro, que ocorrer\u00e1 em novembro. Na declara\u00e7\u00e3o, a presid\u00eancia do grupo, formado pelas 19 maiores economias [&hellip;]<\/p>\n","protected":false},"author":1,"featured_media":10734,"comment_status":"open","ping_status":"open","sticky":false,"template":"","format":"standard","meta":{"_jetpack_newsletter_access":"","_jetpack_dont_email_post_to_subs":false,"_jetpack_newsletter_tier_id":0,"_jetpack_memberships_contains_paywalled_content":false,"_mbp_banners":[],"_jetpack_feature_clip_id":0,"_jetpack_memberships_contains_paid_content":false,"footnotes":"","jetpack_publicize_message":"","jetpack_publicize_feature_enabled":true,"jetpack_social_post_already_shared":true,"jetpack_social_options":{"image_generator_settings":{"template":"highway","default_image_id":0,"font":"","enabled":false},"version":2},"jetpack_post_was_ever_published":false},"categories":[25],"tags":[],"class_list":["post-10733","post","type-post","status-publish","format-standard","has-post-thumbnail","category-internacional"],"jetpack_publicize_connections":[],"jetpack-related-posts":[],"jetpack_shortlink":"https:\/\/wp.me\/p7Eq1F-2N7","jetpack_sharing_enabled":true,"jetpack_featured_media_url":"https:\/\/i0.wp.com\/guialimeira.com.br\/news\/wp-content\/uploads\/2024\/07\/2023-12-29t104307z_1_lynxmpejbs06y_rtroptp_4_ukraine-crisis-attack-kyiv-1.jpg?fit=1600%2C800&ssl=1","_links":{"self":[{"href":"https:\/\/guialimeira.com.br\/news\/wp-json\/wp\/v2\/posts\/10733","targetHints":{"allow":["GET"]}}],"collection":[{"href":"https:\/\/guialimeira.com.br\/news\/wp-json\/wp\/v2\/posts"}],"about":[{"href":"https:\/\/guialimeira.com.br\/news\/wp-json\/wp\/v2\/types\/post"}],"author":[{"embeddable":true,"href":"https:\/\/guialimeira.com.br\/news\/wp-json\/wp\/v2\/users\/1"}],"replies":[{"embeddable":true,"href":"https:\/\/guialimeira.com.br\/news\/wp-json\/wp\/v2\/comments?post=10733"}],"version-history":[{"count":0,"href":"https:\/\/guialimeira.com.br\/news\/wp-json\/wp\/v2\/posts\/10733\/revisions"}],"wp:featuredmedia":[{"embeddable":true,"href":"https:\/\/guialimeira.com.br\/news\/wp-json\/wp\/v2\/media\/10734"}],"wp:attachment":[{"href":"https:\/\/guialimeira.com.br\/news\/wp-json\/wp\/v2\/media?parent=10733"}],"wp:term":[{"taxonomy":"category","embeddable":true,"href":"https:\/\/guialimeira.com.br\/news\/wp-json\/wp\/v2\/categories?post=10733"},{"taxonomy":"post_tag","embeddable":true,"href":"https:\/\/guialimeira.com.br\/news\/wp-json\/wp\/v2\/tags?post=10733"}],"curies":[{"name":"wp","href":"https:\/\/api.w.org\/{rel}","templated":true}]}}