{"id":1073,"date":"2024-04-05T20:46:45","date_gmt":"2024-04-05T23:46:45","guid":{"rendered":"https:\/\/guialimeira.com.br\/2024\/04\/05\/lula-lamenta-morte-do-ex-lider-sindical-clodesmidt-riani\/"},"modified":"2024-04-05T20:46:45","modified_gmt":"2024-04-05T23:46:45","slug":"lula-lamenta-morte-do-ex-lider-sindical-clodesmidt-riani","status":"publish","type":"post","link":"https:\/\/guialimeira.com.br\/news\/lula-lamenta-morte-do-ex-lider-sindical-clodesmidt-riani\/","title":{"rendered":"Lula lamenta morte do ex-l\u00edder sindical Clodesmidt Riani"},"content":{"rendered":"<p> <br \/>\n<\/p>\n<div>\n<p>O presidente Luiz In\u00e1cio Lula da Silva postou nota de pesar, na tarde desta sexta-feira (5), pela morte de Clodesmidt Riani, ex-l\u00edder sindical e ex-deputado por Minas Gerais. Ele morreu nesta quinta-feira (4), em Juiz de Fora (MG), aos 103 anos, por agravamento de uma insufici\u00eancia renal. Ele estava internado h\u00e1 cerca de 15 dias.<img data-recalc-dims=\"1\" decoding=\"async\" src=\"https:\/\/i0.wp.com\/agenciabrasil.ebc.com.br\/ebc.png?w=696&#038;ssl=1\" style=\"width:1px; height:1px; display:inline;\"\/><img data-recalc-dims=\"1\" decoding=\"async\" src=\"https:\/\/i0.wp.com\/agenciabrasil.ebc.com.br\/ebc.gif?w=696&#038;ssl=1\" style=\"width:1px; height:1px; display:inline;\"\/><\/p>\n<p>Considerado uma das lideran\u00e7as sindicais brasileiras mais importantes do s\u00e9culo XX, Clodesmidt Riani teve atua\u00e7\u00e3o protagonista no cen\u00e1rio pol\u00edtico e sindical do pa\u00eds durante nas d\u00e9cadas de 1950 e 1960, tornando-se um \u00edcone do movimento de trabalhadores.<\/p>\n<p>&#8220;Soube, com pesar, do falecimento do companheiro e l\u00edder sindical Clodesmidt Riani aos 103 anos. Clodesmidt foi deputado estadual por Minas Gerais, perseguido e teve seu mandato cassado pela ditadura. Ele foi l\u00edder do Comando Geral dos Trabalhadores que protagonizou a conquista do 13\u00b0 sal\u00e1rio, sendo grande refer\u00eancia na luta por direitos dos trabalhadores e da democracia. Meus sentimentos aos familiares, amigos e companheiros de luta de Clodesmidt Riani&#8221;, escreveu Lula.<\/p>\n<p>Nascido em Rio Casca (MG), Riani iniciou sua jornada como l\u00edder sindical em Juiz de Fora, onde se destacou como representante dos trabalhadores da antiga Companhia Mineira de Eletricidade.<\/p>\n<p>Ele tamb\u00e9m foi representante do Brasil na Organiza\u00e7\u00e3o Internacional do Trabalho (OIT) e atuou na Confedera\u00e7\u00e3o Nacional dos Trabalhadores na Ind\u00fastria (CNTI). Foi justamente durante sua presid\u00eancia \u00e0 frente do Comando Geral dos Trabalhadores, equivalente a uma central sindical nacional da \u00e9poca, que o pa\u00eds sofreu um golpe militar, em mar\u00e7o de 1964 &#8211; h\u00e1 exatos 60 anos &#8211; derrubando o governo democr\u00e1tico de Jo\u00e3o Goulart e iniciando uma ditadura que duraria 21 anos. Clodesmidt foi preso e torturado pelo regime. O enterro ocorreu na tarde desta sexta, tamb\u00e9m em Juiz de Fora, cidade onde desenvolveu sua carreira.<\/p>\n<p>\u00a0<\/p>\n<\/p><\/div>\n<p><br \/>\n<br \/><a href=\"https:\/\/agenciabrasil.ebc.com.br\/politica\/noticia\/2024-04\/lula-lamenta-morte-do-ex-lider-sindical-clodesmidt-riani\" rel=\"noopener\">Ag\u00eancia Brasil<\/a><\/p>\n","protected":false},"excerpt":{"rendered":"<p>O presidente Luiz In\u00e1cio Lula da Silva postou nota de pesar, na tarde desta sexta-feira (5), pela morte de Clodesmidt Riani, ex-l\u00edder sindical e ex-deputado por Minas Gerais. Ele morreu nesta quinta-feira (4), em Juiz de Fora (MG), aos 103 anos, por agravamento de uma insufici\u00eancia renal. Ele estava internado h\u00e1 cerca de 15 dias. [&hellip;]<\/p>\n","protected":false},"author":1,"featured_media":269,"comment_status":"open","ping_status":"open","sticky":false,"template":"","format":"standard","meta":{"_jetpack_newsletter_access":"","_jetpack_dont_email_post_to_subs":false,"_jetpack_newsletter_tier_id":0,"_jetpack_memberships_contains_paywalled_content":false,"_mbp_banners":[],"_jetpack_feature_clip_id":0,"_jetpack_memberships_contains_paid_content":false,"footnotes":"","jetpack_publicize_message":"","jetpack_publicize_feature_enabled":true,"jetpack_social_post_already_shared":true,"jetpack_social_options":{"image_generator_settings":{"template":"highway","default_image_id":0,"font":"","enabled":false},"version":2},"jetpack_post_was_ever_published":false},"categories":[22],"tags":[],"class_list":["post-1073","post","type-post","status-publish","format-standard","has-post-thumbnail","category-nacional"],"jetpack_publicize_connections":[],"jetpack-related-posts":[],"jetpack_shortlink":"https:\/\/wp.me\/p7Eq1F-hj","jetpack_sharing_enabled":true,"jetpack_featured_media_url":"https:\/\/i0.wp.com\/guialimeira.com.br\/news\/wp-content\/uploads\/2024\/03\/thumb_1200x600_agbrasil.png?fit=1200%2C600&ssl=1","_links":{"self":[{"href":"https:\/\/guialimeira.com.br\/news\/wp-json\/wp\/v2\/posts\/1073","targetHints":{"allow":["GET"]}}],"collection":[{"href":"https:\/\/guialimeira.com.br\/news\/wp-json\/wp\/v2\/posts"}],"about":[{"href":"https:\/\/guialimeira.com.br\/news\/wp-json\/wp\/v2\/types\/post"}],"author":[{"embeddable":true,"href":"https:\/\/guialimeira.com.br\/news\/wp-json\/wp\/v2\/users\/1"}],"replies":[{"embeddable":true,"href":"https:\/\/guialimeira.com.br\/news\/wp-json\/wp\/v2\/comments?post=1073"}],"version-history":[{"count":0,"href":"https:\/\/guialimeira.com.br\/news\/wp-json\/wp\/v2\/posts\/1073\/revisions"}],"wp:featuredmedia":[{"embeddable":true,"href":"https:\/\/guialimeira.com.br\/news\/wp-json\/wp\/v2\/media\/269"}],"wp:attachment":[{"href":"https:\/\/guialimeira.com.br\/news\/wp-json\/wp\/v2\/media?parent=1073"}],"wp:term":[{"taxonomy":"category","embeddable":true,"href":"https:\/\/guialimeira.com.br\/news\/wp-json\/wp\/v2\/categories?post=1073"},{"taxonomy":"post_tag","embeddable":true,"href":"https:\/\/guialimeira.com.br\/news\/wp-json\/wp\/v2\/tags?post=1073"}],"curies":[{"name":"wp","href":"https:\/\/api.w.org\/{rel}","templated":true}]}}