{"id":10717,"date":"2024-07-21T19:33:53","date_gmt":"2024-07-21T22:33:53","guid":{"rendered":"https:\/\/guialimeira.com.br\/2024\/07\/21\/kamala-pede-uniao-ao-partido-democrata-para-derrotar-donald-trump\/"},"modified":"2024-07-21T19:33:53","modified_gmt":"2024-07-21T22:33:53","slug":"kamala-pede-uniao-ao-partido-democrata-para-derrotar-donald-trump","status":"publish","type":"post","link":"https:\/\/guialimeira.com.br\/news\/kamala-pede-uniao-ao-partido-democrata-para-derrotar-donald-trump\/","title":{"rendered":"Kamala pede uni\u00e3o ao Partido Democrata para derrotar Donald Trump"},"content":{"rendered":"<p> <br \/>\n<\/p>\n<div>\n<p>Ap\u00f3s o presidente dos Estados Unidos, Joe Biden, anunciar <a href=\"https:\/\/agenciabrasil.ebc.com.br\/internacional\/noticia\/2024-07\/biden-desiste-de-candidatura-reeleicao-para-presidencia-dos-eua\" target=\"_blank\" rel=\"noopener\">sua desist\u00eancia\u00a0de concorrer \u00e0 reelei\u00e7\u00e3o<\/a>, a vice-presidente, Kamala Harris, se pronunciou disse neste domingo (21) em uma rede social. Kamala disse que trabalhar\u00e1 para unir o partido Democrata e o pa\u00eds para vencer o candidato Republicano, o ex-presidente Donald Trump.<img data-recalc-dims=\"1\" decoding=\"async\" src=\"https:\/\/i0.wp.com\/agenciabrasil.ebc.com.br\/ebc.png?w=696&#038;ssl=1\" style=\"width:1px; height:1px; display:inline;\"\/><img data-recalc-dims=\"1\" decoding=\"async\" src=\"https:\/\/i0.wp.com\/agenciabrasil.ebc.com.br\/ebc.gif?w=696&#038;ssl=1\" style=\"width:1px; height:1px; display:inline;\"\/><\/p>\n<p>&#8220;Farei tudo o que estiver ao meu alcance para unir o Partido Democrata \u2013 e unir a nossa na\u00e7\u00e3o \u2013 para derrotar Donald Trump e a sua agenda extrema do Projeto 2025&#8221;, afirmou Kamala, que ainda pediu doa\u00e7\u00e3o de recursos para a sua campanha. O Projeto 2025, citado por Kamala, \u00e9 o conjunto de proposi\u00e7\u00f5es da direita conservadora dos EUA para remodelar o governo norte-americano. Essas propostas foram\u00a0desenvolvidas pela institui\u00e7\u00e3o ultraconservadora Heritage Foundation.<\/p>\n<p>Ao desistir de concorrer \u00e0 Presid\u00eancia do pa\u00eds, Biden manifestou seu apoio ao nome de Kamala para substitu\u00ed-lo. Para concorrer \u00e0 presid\u00eancia dos Estados Unidos pelos democratas, no entanto, Kamala ainda precisa ter sua indica\u00e7\u00e3o aprovada pelo partido.<\/p>\n<p>Na rede X, ela tamb\u00e9m agradeceu a lideran\u00e7a de Biden \u00e0 frente do pa\u00eds e disse se sentir honrada com o endosso de sua candidatura pelo presidente. &#8220;Em nome do povo americano, agrade\u00e7o a Joe Biden pela sua extraordin\u00e1ria lideran\u00e7a como Presidente dos Estados Unidos e pelas d\u00e9cadas de servi\u00e7o prestado ao nosso pa\u00eds. Sinto-me honrada por ter o endosso do Presidente e minha inten\u00e7\u00e3o \u00e9 merecer e conquistar esta indica\u00e7\u00e3o&#8221;, disse.<\/p>\n<h2>Desist\u00eancia<\/h2>\n<p>Na tarde deste domingo, em uma postagem na rede social X, Biden afirmou acreditar que, apesar de sua inten\u00e7\u00e3o de tentar um novo mandato, \u00e9 do interesse do Partido Democrata e do pa\u00eds a retirada da sua candidatura. Em seguida, disse que se concentrar\u00e1 no seu trabalho como presidente at\u00e9 o final de seu mandato, em janeiro de 2025.<\/p>\n<p>&#8220;Foi a maior honra da minha vida servir como seu presidente. E, embora tenha sido minha inten\u00e7\u00e3o buscar a reelei\u00e7\u00e3o, acredito que seja do melhor interesse do meu partido e do pa\u00eds que eu me afaste e me concentre apenas no cumprimento de meus deveres como presidente pelo restante do meu mandato&#8221;, escreveu Biden em uma carta publicada na rede social.<\/p>\n<p>O an\u00fancio de Biden segue-se a uma onda de press\u00e3o p\u00fablica e privada de parlamentares democratas e membros \u200b\u200bdo partido para que ele desistisse da corrida ap\u00f3s desempenho fraco em um debate televisivo no m\u00eas passado contra o rival republicano.<\/p>\n<\/p><\/div>\n<p><br \/>\n<br \/><a href=\"https:\/\/agenciabrasil.ebc.com.br\/internacional\/noticia\/2024-07\/kamala-pede-uniao-ao-partido-democrata-para-derrotar-donald-trump\" rel=\"noopener\">Ag\u00eancia Brasil <\/a><\/p>\n","protected":false},"excerpt":{"rendered":"<p>Ap\u00f3s o presidente dos Estados Unidos, Joe Biden, anunciar sua desist\u00eancia\u00a0de concorrer \u00e0 reelei\u00e7\u00e3o, a vice-presidente, Kamala Harris, se pronunciou disse neste domingo (21) em uma rede social. Kamala disse que trabalhar\u00e1 para unir o partido Democrata e o pa\u00eds para vencer o candidato Republicano, o ex-presidente Donald Trump. &#8220;Farei tudo o que estiver ao [&hellip;]<\/p>\n","protected":false},"author":1,"featured_media":10718,"comment_status":"open","ping_status":"open","sticky":false,"template":"","format":"standard","meta":{"_jetpack_newsletter_access":"","_jetpack_dont_email_post_to_subs":false,"_jetpack_newsletter_tier_id":0,"_jetpack_memberships_contains_paywalled_content":false,"_mbp_banners":[],"_jetpack_feature_clip_id":0,"_jetpack_memberships_contains_paid_content":false,"footnotes":"","jetpack_publicize_message":"","jetpack_publicize_feature_enabled":true,"jetpack_social_post_already_shared":true,"jetpack_social_options":{"image_generator_settings":{"template":"highway","default_image_id":0,"font":"","enabled":false},"version":2},"jetpack_post_was_ever_published":false},"categories":[25],"tags":[],"class_list":["post-10717","post","type-post","status-publish","format-standard","has-post-thumbnail","category-internacional"],"jetpack_publicize_connections":[],"jetpack-related-posts":[],"jetpack_shortlink":"https:\/\/wp.me\/p7Eq1F-2MR","jetpack_sharing_enabled":true,"jetpack_featured_media_url":"https:\/\/i0.wp.com\/guialimeira.com.br\/news\/wp-content\/uploads\/2024\/07\/2022-03-10t121619z_1695557374_rc2nzs9bqc5o_rtrmadp_3_ukraine-crisis-usa-harris.jpg?fit=1600%2C800&ssl=1","_links":{"self":[{"href":"https:\/\/guialimeira.com.br\/news\/wp-json\/wp\/v2\/posts\/10717","targetHints":{"allow":["GET"]}}],"collection":[{"href":"https:\/\/guialimeira.com.br\/news\/wp-json\/wp\/v2\/posts"}],"about":[{"href":"https:\/\/guialimeira.com.br\/news\/wp-json\/wp\/v2\/types\/post"}],"author":[{"embeddable":true,"href":"https:\/\/guialimeira.com.br\/news\/wp-json\/wp\/v2\/users\/1"}],"replies":[{"embeddable":true,"href":"https:\/\/guialimeira.com.br\/news\/wp-json\/wp\/v2\/comments?post=10717"}],"version-history":[{"count":0,"href":"https:\/\/guialimeira.com.br\/news\/wp-json\/wp\/v2\/posts\/10717\/revisions"}],"wp:featuredmedia":[{"embeddable":true,"href":"https:\/\/guialimeira.com.br\/news\/wp-json\/wp\/v2\/media\/10718"}],"wp:attachment":[{"href":"https:\/\/guialimeira.com.br\/news\/wp-json\/wp\/v2\/media?parent=10717"}],"wp:term":[{"taxonomy":"category","embeddable":true,"href":"https:\/\/guialimeira.com.br\/news\/wp-json\/wp\/v2\/categories?post=10717"},{"taxonomy":"post_tag","embeddable":true,"href":"https:\/\/guialimeira.com.br\/news\/wp-json\/wp\/v2\/tags?post=10717"}],"curies":[{"name":"wp","href":"https:\/\/api.w.org\/{rel}","templated":true}]}}