{"id":10713,"date":"2024-07-21T16:30:49","date_gmt":"2024-07-21T19:30:49","guid":{"rendered":"https:\/\/guialimeira.com.br\/2024\/07\/21\/biden-desiste-de-candidatura-a-reeleicao-para-a-presidencia-dos-eua\/"},"modified":"2024-07-21T16:30:49","modified_gmt":"2024-07-21T19:30:49","slug":"biden-desiste-de-candidatura-a-reeleicao-para-a-presidencia-dos-eua","status":"publish","type":"post","link":"https:\/\/guialimeira.com.br\/news\/biden-desiste-de-candidatura-a-reeleicao-para-a-presidencia-dos-eua\/","title":{"rendered":"Biden desiste de candidatura \u00e0 reelei\u00e7\u00e3o para a presid\u00eancia dos EUA"},"content":{"rendered":"<p> <br \/>\n<\/p>\n<div>\n<p>O presidente dos Estados Unidos, Joe Biden, anunciou neste domingo (21) que ir\u00e1 desistir de concorrer \u00e0 reelei\u00e7\u00e3o na disputa contra Donald Trump. Em uma postagem na rede social\u00a0 X, Biden disse que permanecer\u00e1 em seu papel como presidente e comandante-chefe at\u00e9 o final de seu mandato em janeiro de 2025.<img data-recalc-dims=\"1\" decoding=\"async\" src=\"https:\/\/i0.wp.com\/agenciabrasil.ebc.com.br\/ebc.png?w=696&#038;ssl=1\" style=\"width:1px; height:1px; display:inline;\"\/><img data-recalc-dims=\"1\" decoding=\"async\" src=\"https:\/\/i0.wp.com\/agenciabrasil.ebc.com.br\/ebc.gif?w=696&#038;ssl=1\" style=\"width:1px; height:1px; display:inline;\"\/><\/p>\n<p>&#8220;Foi a maior honra da minha vida servir como seu presidente. E, embora tenha sido minha inten\u00e7\u00e3o buscar a reelei\u00e7\u00e3o, acredito que seja do melhor interesse do meu partido e do pa\u00eds que eu me afaste e me concentre apenas no cumprimento de meus deveres como presidente pelo restante do meu mandato&#8221;, escreveu Biden em uma carta publicada na rede social.\u00a0<\/p>\n<p>O an\u00fancio de Biden segue-se a uma onda de press\u00e3o p\u00fablica e privada de parlamentares democratas e membros \u200b\u200bdo partido para que ele desistisse da corrida ap\u00f3s desempenho fraco em um debate televisivo no m\u00eas passado contra o rival republicano Donald Trump.<\/p>\n<p>Na carta de hoje, Biden diz que os Estados Unidos tiveram grande progresso nos \u00faltimos tr\u00eas anos e meio, citando a expans\u00e3o do acesso a servi\u00e7os de sa\u00fade, legisla\u00e7\u00e3o sobre armas e a indica\u00e7\u00e3o da primeira mulher negra para a Suprema Corte.\u00a0<\/p>\n<p>Em postagem se dirigindo aos colegas do Partido Democrata, Biden diz que apoia e endossa a indica\u00e7\u00e3o da vice-presidente, Kamala Harris para enfrentar Donald Trump.\u00a0\u201cMinha primeira decis\u00e3o como candidato do partido em 2020 foi escolher Kamala Harris como minha vice-presidente. E foi a melhor decis\u00e3o que tomei. Hoje quero oferecer todo o meu apoio e endosso para que Kamala seja a indicada do nosso partido este ano\u201d.\u00a0<\/p>\n<p>O candidato republicano \u00e0 presid\u00eancia dos Estados Unidos, Donald Trump, disse \u00e0 CNN neste domingo que acha que ser\u00e1 mais f\u00e1cil derrotar a vice-presidente, Kamala Harris, nas elei\u00e7\u00f5es de novembro do que seria derrotar o presidente democrata, Joe Biden.<\/p>\n<p>\u00a0<\/p>\n<p><em>(Em atualiza\u00e7\u00e3o)\u00a0<\/em><\/p>\n<p><em>*Com informa\u00e7\u00f5es da Reuters<\/em><\/p>\n<p>\u00a0<\/p>\n<\/p><\/div>\n<p><br \/>\n<br \/><a href=\"https:\/\/agenciabrasil.ebc.com.br\/internacional\/noticia\/2024-07\/biden-desiste-de-candidatura-reeleicao-para-presidencia-dos-eua\" rel=\"noopener\">Ag\u00eancia Brasil <\/a><\/p>\n","protected":false},"excerpt":{"rendered":"<p>O presidente dos Estados Unidos, Joe Biden, anunciou neste domingo (21) que ir\u00e1 desistir de concorrer \u00e0 reelei\u00e7\u00e3o na disputa contra Donald Trump. Em uma postagem na rede social\u00a0 X, Biden disse que permanecer\u00e1 em seu papel como presidente e comandante-chefe at\u00e9 o final de seu mandato em janeiro de 2025. &#8220;Foi a maior honra [&hellip;]<\/p>\n","protected":false},"author":1,"featured_media":10714,"comment_status":"open","ping_status":"open","sticky":false,"template":"","format":"standard","meta":{"_jetpack_newsletter_access":"","_jetpack_dont_email_post_to_subs":false,"_jetpack_newsletter_tier_id":0,"_jetpack_memberships_contains_paywalled_content":false,"_mbp_banners":[],"_jetpack_feature_clip_id":0,"_jetpack_memberships_contains_paid_content":false,"footnotes":"","jetpack_publicize_message":"","jetpack_publicize_feature_enabled":true,"jetpack_social_post_already_shared":true,"jetpack_social_options":{"image_generator_settings":{"template":"highway","default_image_id":0,"font":"","enabled":false},"version":2},"jetpack_post_was_ever_published":false},"categories":[25],"tags":[],"class_list":["post-10713","post","type-post","status-publish","format-standard","has-post-thumbnail","category-internacional"],"jetpack_publicize_connections":[],"jetpack-related-posts":[],"jetpack_shortlink":"https:\/\/wp.me\/p7Eq1F-2MN","jetpack_sharing_enabled":true,"jetpack_featured_media_url":"https:\/\/i0.wp.com\/guialimeira.com.br\/news\/wp-content\/uploads\/2024\/07\/2024-07-14t191850z_2_lynxmpek6d07x_rtroptp_4_usa-election-trump-biden-3.jpg?fit=1600%2C800&ssl=1","_links":{"self":[{"href":"https:\/\/guialimeira.com.br\/news\/wp-json\/wp\/v2\/posts\/10713","targetHints":{"allow":["GET"]}}],"collection":[{"href":"https:\/\/guialimeira.com.br\/news\/wp-json\/wp\/v2\/posts"}],"about":[{"href":"https:\/\/guialimeira.com.br\/news\/wp-json\/wp\/v2\/types\/post"}],"author":[{"embeddable":true,"href":"https:\/\/guialimeira.com.br\/news\/wp-json\/wp\/v2\/users\/1"}],"replies":[{"embeddable":true,"href":"https:\/\/guialimeira.com.br\/news\/wp-json\/wp\/v2\/comments?post=10713"}],"version-history":[{"count":0,"href":"https:\/\/guialimeira.com.br\/news\/wp-json\/wp\/v2\/posts\/10713\/revisions"}],"wp:featuredmedia":[{"embeddable":true,"href":"https:\/\/guialimeira.com.br\/news\/wp-json\/wp\/v2\/media\/10714"}],"wp:attachment":[{"href":"https:\/\/guialimeira.com.br\/news\/wp-json\/wp\/v2\/media?parent=10713"}],"wp:term":[{"taxonomy":"category","embeddable":true,"href":"https:\/\/guialimeira.com.br\/news\/wp-json\/wp\/v2\/categories?post=10713"},{"taxonomy":"post_tag","embeddable":true,"href":"https:\/\/guialimeira.com.br\/news\/wp-json\/wp\/v2\/tags?post=10713"}],"curies":[{"name":"wp","href":"https:\/\/api.w.org\/{rel}","templated":true}]}}