{"id":10690,"date":"2024-07-20T17:07:18","date_gmt":"2024-07-20T20:07:18","guid":{"rendered":"https:\/\/guialimeira.com.br\/2024\/07\/20\/premie-de-bangladesh-cancela-viagem-ao-brasil-apos-protestos-em-massa\/"},"modified":"2024-07-20T17:07:18","modified_gmt":"2024-07-20T20:07:18","slug":"premie-de-bangladesh-cancela-viagem-ao-brasil-apos-protestos-em-massa","status":"publish","type":"post","link":"https:\/\/guialimeira.com.br\/news\/premie-de-bangladesh-cancela-viagem-ao-brasil-apos-protestos-em-massa\/","title":{"rendered":"Premi\u00ea de Bangladesh cancela viagem ao Brasil ap\u00f3s protestos em massa"},"content":{"rendered":"<p> <br \/>\n<\/p>\n<div>\n<p>A onda de protestos em massa que tomou conta de Bangladesh &#8211; pa\u00eds asi\u00e1tico que faz fronteira com a \u00cdndia &#8211; fez a primeira-ministra do pa\u00eds, Sheikh Hasina, cancelar a viagem que faria ao Brasil na pr\u00f3xima semana. O cancelamento da viagem foi confirmado pelo Itamaraty.<img data-recalc-dims=\"1\" decoding=\"async\" src=\"https:\/\/i0.wp.com\/agenciabrasil.ebc.com.br\/ebc.png?w=696&#038;ssl=1\" style=\"width:1px; height:1px; display:inline;\"\/><img data-recalc-dims=\"1\" decoding=\"async\" src=\"https:\/\/i0.wp.com\/agenciabrasil.ebc.com.br\/ebc.gif?w=696&#038;ssl=1\" style=\"width:1px; height:1px; display:inline;\"\/><\/p>\n<p>Estima-se que pelo menos 114 pessoas morreram durante as manifesta\u00e7\u00f5es. Os atos come\u00e7aram ap\u00f3s uma revolta estudantil contra cotas para empregos p\u00fablicos. Tais cotas reservavam 30% das vagas para fam\u00edlias que lutaram pela independ\u00eancia do pa\u00eds em rela\u00e7\u00e3o ao Paquist\u00e3o.<\/p>\n<p>O governo de Hasina havia eliminado o sistema de cotas em 2018, mas um tribunal restabeleceu a regra no m\u00eas passado.<\/p>\n<p>Devido aos protestos, o governo decretou toque de recolher e mandou fechar escrit\u00f3rios e institui\u00e7\u00f5es por dois dias.<\/p>\n<p>As manifesta\u00e7\u00f5es &#8211; as maiores desde que Hasina foi reeleita para seu quarto mandato, com 15 anos no poder &#8211; tamb\u00e9m podem ter sido alimentadas pelo alto \u00edndice de desemprego entre os jovens, que representam um quinto da popula\u00e7\u00e3o de de 171 milh\u00f5es de habitantes do pa\u00eds.<\/p>\n<p>Os servi\u00e7os de internet foram suspensos desde quinta-feira (18), isolando\u00a0Bangladesh, enquanto a pol\u00edtica reprimia os manifestantes que descumpriam a ordem que proibiu reuni\u00f5es p\u00fablicas no pa\u00eds. Como os protestos n\u00e3o cessam, o governo mobilizou militares para reprimir os atos.<\/p>\n<\/p><\/div>\n<p><br \/>\n<br \/><a href=\"https:\/\/agenciabrasil.ebc.com.br\/internacional\/noticia\/2024-07\/premie-de-bangladesh-cancela-viagem-ao-brasil-apos-protestos-em-massa\" rel=\"noopener\">Ag\u00eancia Brasil <\/a><\/p>\n","protected":false},"excerpt":{"rendered":"<p>A onda de protestos em massa que tomou conta de Bangladesh &#8211; pa\u00eds asi\u00e1tico que faz fronteira com a \u00cdndia &#8211; fez a primeira-ministra do pa\u00eds, Sheikh Hasina, cancelar a viagem que faria ao Brasil na pr\u00f3xima semana. O cancelamento da viagem foi confirmado pelo Itamaraty. Estima-se que pelo menos 114 pessoas morreram durante as [&hellip;]<\/p>\n","protected":false},"author":1,"featured_media":307,"comment_status":"open","ping_status":"open","sticky":false,"template":"","format":"standard","meta":{"_jetpack_newsletter_access":"","_jetpack_dont_email_post_to_subs":false,"_jetpack_newsletter_tier_id":0,"_jetpack_memberships_contains_paywalled_content":false,"_mbp_banners":[],"_jetpack_feature_clip_id":0,"_jetpack_memberships_contains_paid_content":false,"footnotes":"","jetpack_publicize_message":"","jetpack_publicize_feature_enabled":true,"jetpack_social_post_already_shared":true,"jetpack_social_options":{"image_generator_settings":{"template":"highway","default_image_id":0,"font":"","enabled":false},"version":2},"jetpack_post_was_ever_published":false},"categories":[25],"tags":[],"class_list":["post-10690","post","type-post","status-publish","format-standard","has-post-thumbnail","category-internacional"],"jetpack_publicize_connections":[],"jetpack-related-posts":[],"jetpack_shortlink":"https:\/\/wp.me\/p7Eq1F-2Mq","jetpack_sharing_enabled":true,"jetpack_featured_media_url":"https:\/\/i0.wp.com\/guialimeira.com.br\/news\/wp-content\/uploads\/2024\/03\/pzzb1916_0.jpg?fit=1600%2C800&ssl=1","_links":{"self":[{"href":"https:\/\/guialimeira.com.br\/news\/wp-json\/wp\/v2\/posts\/10690","targetHints":{"allow":["GET"]}}],"collection":[{"href":"https:\/\/guialimeira.com.br\/news\/wp-json\/wp\/v2\/posts"}],"about":[{"href":"https:\/\/guialimeira.com.br\/news\/wp-json\/wp\/v2\/types\/post"}],"author":[{"embeddable":true,"href":"https:\/\/guialimeira.com.br\/news\/wp-json\/wp\/v2\/users\/1"}],"replies":[{"embeddable":true,"href":"https:\/\/guialimeira.com.br\/news\/wp-json\/wp\/v2\/comments?post=10690"}],"version-history":[{"count":0,"href":"https:\/\/guialimeira.com.br\/news\/wp-json\/wp\/v2\/posts\/10690\/revisions"}],"wp:featuredmedia":[{"embeddable":true,"href":"https:\/\/guialimeira.com.br\/news\/wp-json\/wp\/v2\/media\/307"}],"wp:attachment":[{"href":"https:\/\/guialimeira.com.br\/news\/wp-json\/wp\/v2\/media?parent=10690"}],"wp:term":[{"taxonomy":"category","embeddable":true,"href":"https:\/\/guialimeira.com.br\/news\/wp-json\/wp\/v2\/categories?post=10690"},{"taxonomy":"post_tag","embeddable":true,"href":"https:\/\/guialimeira.com.br\/news\/wp-json\/wp\/v2\/tags?post=10690"}],"curies":[{"name":"wp","href":"https:\/\/api.w.org\/{rel}","templated":true}]}}