{"id":10526,"date":"2024-07-17T21:55:44","date_gmt":"2024-07-18T00:55:44","guid":{"rendered":"https:\/\/guialimeira.com.br\/2024\/07\/17\/brasil-apresenta-objetivos-de-desenvolvimento-sustentavel-na-onu\/"},"modified":"2024-07-17T21:55:44","modified_gmt":"2024-07-18T00:55:44","slug":"brasil-apresenta-objetivos-de-desenvolvimento-sustentavel-na-onu","status":"publish","type":"post","link":"https:\/\/guialimeira.com.br\/news\/brasil-apresenta-objetivos-de-desenvolvimento-sustentavel-na-onu\/","title":{"rendered":"Brasil apresenta objetivos de desenvolvimento sustent\u00e1vel na ONU"},"content":{"rendered":"<p> <br \/>\n<\/p>\n<div>\n<p>Depois de seis anos, o Brasil voltou a apresentar na Organiza\u00e7\u00e3o das Na\u00e7\u00f5es Unidas (ONU) um balan\u00e7o de seus objetivos de desenvolvimento sustent\u00e1vel (ODS). Chamado de <a href=\"https:\/\/www.gov.br\/secretariageral\/pt-br\/cnods\/RNV_Brasil\" rel=\"noopener\">Relat\u00f3rio Nacional Volunt\u00e1rio<\/a>, o documento mostra a evolu\u00e7\u00e3o do Brasil em cada um dos 17 ODS das Na\u00e7\u00f5es Unidas, do per\u00edodo de 2016 a 2022.\u00a0\u00a0<img data-recalc-dims=\"1\" decoding=\"async\" src=\"https:\/\/i0.wp.com\/agenciabrasil.ebc.com.br\/ebc.png?w=696&#038;ssl=1\" style=\"width:1px; height:1px; display:inline;\"\/><img data-recalc-dims=\"1\" decoding=\"async\" src=\"https:\/\/i0.wp.com\/agenciabrasil.ebc.com.br\/ebc.gif?w=696&#038;ssl=1\" style=\"width:1px; height:1px; display:inline;\"\/><\/p>\n<p>A apresenta\u00e7\u00e3o do relat\u00f3rio brasileiro foi feita nesta quarta-feira (17) pelo ministro-chefe da Secretaria Geral da Presid\u00eancia da Rep\u00fablica, M\u00e1rcio Mac\u00eado. A sess\u00e3o ocorreu no F\u00f3rum Pol\u00edtico de Alto N\u00edvel sobre Desenvolvimento Sustent\u00e1vel, na sede da ONU, em Nova Iorque, nos Estados Unidos.\u00a0\u00a0<\/p>\n<p>Segundo ele, o Brasil decidiu voltar a apresentar o relat\u00f3rio para demonstrar a retomada do compromisso do pa\u00eds com o desenvolvimento sustent\u00e1vel e a Agenda 2030. \u201cApresentar o diagn\u00f3stico sobre a implementa\u00e7\u00e3o das metas, dos objetivos do desenvolvimento sustent\u00e1vel no pa\u00eds,\u00a0 comunicar mundialmente a atua\u00e7\u00e3o do Brasil com rela\u00e7\u00e3o \u00e0 agenda 2030, e restabelecer sua imagem internacional como protagonista da agenda do desenvolvimento\u201d, disse o ministro.<\/p>\n<p>O documento apresentado pelo Brasil considera o per\u00edodo de 2016 a 2022 e mostra que, das 169 metas dos ODS, apenas 14 (8,2%) foram plenamente cumpridas; enquanto 35 (20,7%) apresentaram uma evolu\u00e7\u00e3o positiva; 26 metas (15,4%) n\u00e3o mostraram nenhum progresso, e 23 (13,6%) sofreram retrocessos. J\u00e1 71 metas (42%) n\u00e3o puderam ser adequadamente avaliadas devido \u00e0 falta de dados dispon\u00edveis ou a irregularidades nas s\u00e9ries de dados coletados.<\/p>\n<p>\u201cN\u00e3o \u00e9 um mapa agrad\u00e1vel, infelizmente eu vou ter que mostr\u00e1-lo aqui, o que aconteceu no pa\u00eds nesses \u00faltimos seis anos, sobretudo nos \u00faltimos quatro anos de desmonte de todas as pol\u00edticas p\u00fablicas de prote\u00e7\u00e3o \u00e0 pessoa humana e ao cidad\u00e3o\u201d, disse Mac\u00eado.\u00a0<\/p>\n<p>\u201cEsse, infelizmente, foi onde o Brasil foi levado nesses \u00faltimos seis anos, com pol\u00edticas p\u00fablicas fragilizadas e desmanteladas pelo governo anterior. O retorno do Brasil ao Mapa da Fome, a popula\u00e7\u00e3o brasileira vulner\u00e1vel nos temas da sa\u00fade e da pobreza extrema, e a fragiliza\u00e7\u00e3o da democracia\u201d, acrescentou.\u00a0<\/p>\n<h2>Retomada<\/h2>\n<p>O relat\u00f3rio destacou tamb\u00e9m as a\u00e7\u00f5es que a atual gest\u00e3o do governo federal tem feito desde 2023 para avan\u00e7ar na Agenda 2030 e nas metas dos ODS. Entre os destaques est\u00e3o a recria\u00e7\u00e3o da Comiss\u00e3o Nacional dos ODS, a retomada de programas de combate \u00e0 fome, \u00e0 pobreza e \u00e0 desigualdade; de enfrentamento das emerg\u00eancias clim\u00e1ticas e preserva\u00e7\u00e3o dos biomas; de transi\u00e7\u00e3o energ\u00e9tica justa e sustentabilidade da Amaz\u00f4nia; al\u00e9m da defesa da democracia, igualdade racial e trabalho decente, e participa\u00e7\u00e3o da sociedade brasileira nas decis\u00f5es das pol\u00edticas p\u00fablicas.\u00a0\u00a0<\/p>\n<p>\u201cQuando n\u00f3s chegamos ao governo, nesse terceiro mandato do presidente Lula, o presidente encontrou 33 milh\u00f5es de brasileiros famintos e mais um ter\u00e7o da popula\u00e7\u00e3o com algum tipo de inseguran\u00e7a alimentar. Com a retomada do novo Bolsa Fam\u00edlia, com as Cozinhas Solid\u00e1rias, com a economia popular, com os programas sociais, j\u00e1 retiramos, nesses um ano e meio, 24,5 milh\u00f5es de brasileiros que estavam na fome e na mis\u00e9ria absolutas\u201d, destacou Mac\u00eado.<\/p>\n<p>O ministro ressaltou ainda o lan\u00e7amento de programas como o Plano Brasil Sem Fome, o Programa de Aquisi\u00e7\u00e3o de Alimentos, o Programa de Aquisi\u00e7\u00e3o de Alimentos para Merenda Escolar, o Plano Safra da Agricultura Familiar e do Agroneg\u00f3cio e o lan\u00e7amento da Pol\u00edtica Nacional de Agroecologia.<\/p>\n<p>\u201cQuero falar que na educa\u00e7\u00e3o tamb\u00e9m, n\u00f3s retomamos programas como a expans\u00e3o das universidades e criamos o P\u00e9 de Meia, um programa que visa manter os jovens do ensino fundamental e m\u00e9dio na escola\u201d, disse.<\/p>\n<p>Segundo o documento apresentado, a agenda de enfrentamento \u00e0 mudan\u00e7a do clima passou, desde 2023, a traba\u00adlhar em colabora\u00e7\u00e3o com as pol\u00edticas de desenvolvimento econ\u00f4mico, social e am\u00adbiental. O texto destaca que o Comit\u00ea Interministerial sobre Mudan\u00e7a do Clima foi reformulado e o Plano Clima est\u00e1 sendo elaborado de forma participativa.\u00a0<\/p>\n<p>\u201cN\u00f3s fizemos o plano de a\u00e7\u00e3o para a preven\u00e7\u00e3o e controle do desmatamento na Amaz\u00f4nia Legal, reduzindo em quase 50% o desmatamento no nosso pa\u00eds, j\u00e1 no primeiro momento. E a nossa meta \u00e9 o desmatamento zero. E estamos acabando de lan\u00e7ar o Plano Clima Participativo, que vai ser feito com a participa\u00e7\u00e3o da sociedade para enfrentar as mudan\u00e7as clim\u00e1ticas\u201d, disse o ministro.<\/p>\n<p>O ministro encerrou a apresenta\u00e7\u00e3o destacando a iniciativa brasileira de criar o ODS 18, que trata da Igualdade \u00c9tnico-Racial. A proposta foi apresentada pelo presidente Luiz In\u00e1cio Lula da Silva na Assembleia Geral da ONU em 2023.\u00a0<\/p>\n<p>\u201cO ODS 18 \u00e9 volunt\u00e1rio e foi assumido pelo nosso pa\u00eds. Est\u00e1 em processo de implementa\u00e7\u00e3o e j\u00e1 foi criada uma c\u00e2mara t\u00e9cnica no universo da Comiss\u00e3o Nacional de ODS e feita a elabora\u00e7\u00e3o das metas e indicadores que v\u00e3o ser debatidos, discutidos e validados pela sociedade brasileira organizada, os movimentos sociais\u201d.<\/p>\n<\/p><\/div>\n<p><br \/>\n<br \/><a href=\"https:\/\/agenciabrasil.ebc.com.br\/internacional\/noticia\/2024-07\/brasil-apresenta-objetivos-de-desenvolvimento-sustentavel-na-onu\" rel=\"noopener\">Ag\u00eancia Brasil <\/a><\/p>\n","protected":false},"excerpt":{"rendered":"<p>Depois de seis anos, o Brasil voltou a apresentar na Organiza\u00e7\u00e3o das Na\u00e7\u00f5es Unidas (ONU) um balan\u00e7o de seus objetivos de desenvolvimento sustent\u00e1vel (ODS). Chamado de Relat\u00f3rio Nacional Volunt\u00e1rio, o documento mostra a evolu\u00e7\u00e3o do Brasil em cada um dos 17 ODS das Na\u00e7\u00f5es Unidas, do per\u00edodo de 2016 a 2022.\u00a0\u00a0 A apresenta\u00e7\u00e3o do relat\u00f3rio [&hellip;]<\/p>\n","protected":false},"author":1,"featured_media":10527,"comment_status":"open","ping_status":"open","sticky":false,"template":"","format":"standard","meta":{"_jetpack_newsletter_access":"","_jetpack_dont_email_post_to_subs":false,"_jetpack_newsletter_tier_id":0,"_jetpack_memberships_contains_paywalled_content":false,"_mbp_banners":[],"_jetpack_feature_clip_id":0,"_jetpack_memberships_contains_paid_content":false,"footnotes":"","jetpack_publicize_message":"","jetpack_publicize_feature_enabled":true,"jetpack_social_post_already_shared":true,"jetpack_social_options":{"image_generator_settings":{"template":"highway","default_image_id":0,"font":"","enabled":false},"version":2},"jetpack_post_was_ever_published":false},"categories":[25],"tags":[],"class_list":["post-10526","post","type-post","status-publish","format-standard","has-post-thumbnail","category-internacional"],"jetpack_publicize_connections":[],"jetpack-related-posts":[],"jetpack_shortlink":"https:\/\/wp.me\/p7Eq1F-2JM","jetpack_sharing_enabled":true,"jetpack_featured_media_url":"https:\/\/i0.wp.com\/guialimeira.com.br\/news\/wp-content\/uploads\/2024\/07\/exposicao_jardins_do_bndes_3101206030_0.jpg?fit=1600%2C800&ssl=1","_links":{"self":[{"href":"https:\/\/guialimeira.com.br\/news\/wp-json\/wp\/v2\/posts\/10526","targetHints":{"allow":["GET"]}}],"collection":[{"href":"https:\/\/guialimeira.com.br\/news\/wp-json\/wp\/v2\/posts"}],"about":[{"href":"https:\/\/guialimeira.com.br\/news\/wp-json\/wp\/v2\/types\/post"}],"author":[{"embeddable":true,"href":"https:\/\/guialimeira.com.br\/news\/wp-json\/wp\/v2\/users\/1"}],"replies":[{"embeddable":true,"href":"https:\/\/guialimeira.com.br\/news\/wp-json\/wp\/v2\/comments?post=10526"}],"version-history":[{"count":0,"href":"https:\/\/guialimeira.com.br\/news\/wp-json\/wp\/v2\/posts\/10526\/revisions"}],"wp:featuredmedia":[{"embeddable":true,"href":"https:\/\/guialimeira.com.br\/news\/wp-json\/wp\/v2\/media\/10527"}],"wp:attachment":[{"href":"https:\/\/guialimeira.com.br\/news\/wp-json\/wp\/v2\/media?parent=10526"}],"wp:term":[{"taxonomy":"category","embeddable":true,"href":"https:\/\/guialimeira.com.br\/news\/wp-json\/wp\/v2\/categories?post=10526"},{"taxonomy":"post_tag","embeddable":true,"href":"https:\/\/guialimeira.com.br\/news\/wp-json\/wp\/v2\/tags?post=10526"}],"curies":[{"name":"wp","href":"https:\/\/api.w.org\/{rel}","templated":true}]}}