{"id":1051,"date":"2024-04-05T17:19:59","date_gmt":"2024-04-05T20:19:59","guid":{"rendered":"https:\/\/guialimeira.com.br\/2024\/04\/05\/procon-de-sao-paulo-aplica-mais-uma-multa-a-enel\/"},"modified":"2024-04-05T17:19:59","modified_gmt":"2024-04-05T20:19:59","slug":"procon-de-sao-paulo-aplica-mais-uma-multa-a-enel","status":"publish","type":"post","link":"https:\/\/guialimeira.com.br\/news\/procon-de-sao-paulo-aplica-mais-uma-multa-a-enel\/","title":{"rendered":"Procon de S\u00e3o Paulo aplica mais uma multa \u00e0 Enel"},"content":{"rendered":"<p> <br \/>\n<\/p>\n<div>\n<p>O Procon-SP multou novamente a concession\u00e1ria de distribui\u00e7\u00e3o de energia el\u00e9trica Enel Distribui\u00e7\u00e3o S\u00e3o Paulo por diversas infra\u00e7\u00f5es ao C\u00f3digo de Defesa do Consumidor. O valor da nova multa, anunciada nesta quinta-feira (4), \u00e9 de R$ 12.914.591,84.<img data-recalc-dims=\"1\" decoding=\"async\" src=\"https:\/\/i0.wp.com\/agenciabrasil.ebc.com.br\/ebc.png?w=696&#038;ssl=1\" style=\"width:1px; height:1px; display:inline;\"\/><img data-recalc-dims=\"1\" decoding=\"async\" src=\"https:\/\/i0.wp.com\/agenciabrasil.ebc.com.br\/ebc.gif?w=696&#038;ssl=1\" style=\"width:1px; height:1px; display:inline;\"\/><\/p>\n<p>Entre as principais irregularidades encontradas durante a fiscaliza\u00e7\u00e3o est\u00e3o a falta de fornecimento de energia para a Santa Casa de Miseric\u00f3rdia de S\u00e3o Paulo, no centro da capital paulista, tanto pela rede normal quanto por geradores, que demoraram muito para ser acionados; as interrup\u00e7\u00f5es na regi\u00e3o da Rua 25 de Mar\u00e7o e em muitos endere\u00e7os nos bairros de Higien\u00f3polis e Santa Cec\u00edlia.<\/p>\n<p>\u201cAl\u00e9m disso, [houve] cobran\u00e7as indevidas, problemas no servi\u00e7o de atendimento ao cliente e falta de respostas \u00e0 notifica\u00e7\u00e3o anteriormente enviada \u00e0 empresa\u201d, diz o Procon-SP.<\/p>\n<p>A Enel informou que foi notificada e responder\u00e1 no prazo estabelecido.<\/p>\n<\/p><\/div>\n<p><br \/>\n<br \/><a href=\"https:\/\/agenciabrasil.ebc.com.br\/geral\/noticia\/2024-04\/procon-de-sao-paulo-aplica-mais-uma-multa-enel\" rel=\"noopener\">Ag\u00eancia Brasil<\/a><\/p>\n","protected":false},"excerpt":{"rendered":"<p>O Procon-SP multou novamente a concession\u00e1ria de distribui\u00e7\u00e3o de energia el\u00e9trica Enel Distribui\u00e7\u00e3o S\u00e3o Paulo por diversas infra\u00e7\u00f5es ao C\u00f3digo de Defesa do Consumidor. O valor da nova multa, anunciada nesta quinta-feira (4), \u00e9 de R$ 12.914.591,84. Entre as principais irregularidades encontradas durante a fiscaliza\u00e7\u00e3o est\u00e3o a falta de fornecimento de energia para a Santa [&hellip;]<\/p>\n","protected":false},"author":1,"featured_media":1052,"comment_status":"open","ping_status":"open","sticky":false,"template":"","format":"standard","meta":{"_jetpack_newsletter_access":"","_jetpack_dont_email_post_to_subs":false,"_jetpack_newsletter_tier_id":0,"_jetpack_memberships_contains_paywalled_content":false,"_mbp_banners":[],"_jetpack_feature_clip_id":0,"_jetpack_memberships_contains_paid_content":false,"footnotes":"","jetpack_publicize_message":"","jetpack_publicize_feature_enabled":true,"jetpack_social_post_already_shared":true,"jetpack_social_options":{"image_generator_settings":{"template":"highway","default_image_id":0,"font":"","enabled":false},"version":2},"jetpack_post_was_ever_published":false},"categories":[1],"tags":[],"class_list":["post-1051","post","type-post","status-publish","format-standard","has-post-thumbnail","category-geral"],"jetpack_publicize_connections":[],"jetpack-related-posts":[],"jetpack_shortlink":"https:\/\/wp.me\/p7Eq1F-gX","jetpack_sharing_enabled":true,"jetpack_featured_media_url":"https:\/\/i0.wp.com\/guialimeira.com.br\/news\/wp-content\/uploads\/2024\/04\/whatsapp_image_2024-03-18_at_15.25.41_1.jpeg?fit=1600%2C800&ssl=1","_links":{"self":[{"href":"https:\/\/guialimeira.com.br\/news\/wp-json\/wp\/v2\/posts\/1051","targetHints":{"allow":["GET"]}}],"collection":[{"href":"https:\/\/guialimeira.com.br\/news\/wp-json\/wp\/v2\/posts"}],"about":[{"href":"https:\/\/guialimeira.com.br\/news\/wp-json\/wp\/v2\/types\/post"}],"author":[{"embeddable":true,"href":"https:\/\/guialimeira.com.br\/news\/wp-json\/wp\/v2\/users\/1"}],"replies":[{"embeddable":true,"href":"https:\/\/guialimeira.com.br\/news\/wp-json\/wp\/v2\/comments?post=1051"}],"version-history":[{"count":0,"href":"https:\/\/guialimeira.com.br\/news\/wp-json\/wp\/v2\/posts\/1051\/revisions"}],"wp:featuredmedia":[{"embeddable":true,"href":"https:\/\/guialimeira.com.br\/news\/wp-json\/wp\/v2\/media\/1052"}],"wp:attachment":[{"href":"https:\/\/guialimeira.com.br\/news\/wp-json\/wp\/v2\/media?parent=1051"}],"wp:term":[{"taxonomy":"category","embeddable":true,"href":"https:\/\/guialimeira.com.br\/news\/wp-json\/wp\/v2\/categories?post=1051"},{"taxonomy":"post_tag","embeddable":true,"href":"https:\/\/guialimeira.com.br\/news\/wp-json\/wp\/v2\/tags?post=1051"}],"curies":[{"name":"wp","href":"https:\/\/api.w.org\/{rel}","templated":true}]}}