{"id":10491,"date":"2024-07-17T14:54:43","date_gmt":"2024-07-17T17:54:43","guid":{"rendered":"https:\/\/guialimeira.com.br\/2024\/07\/17\/homem-e-condenado-na-espanha-por-ataques-racistas-a-vini-jr-e-rudiger\/"},"modified":"2024-07-17T14:54:43","modified_gmt":"2024-07-17T17:54:43","slug":"homem-e-condenado-na-espanha-por-ataques-racistas-a-vini-jr-e-rudiger","status":"publish","type":"post","link":"https:\/\/guialimeira.com.br\/news\/homem-e-condenado-na-espanha-por-ataques-racistas-a-vini-jr-e-rudiger\/","title":{"rendered":"Homem \u00e9 condenado na Espanha por ataques racistas a Vini Jr e R\u00fcdiger"},"content":{"rendered":"<p> <br \/>\n<\/p>\n<div>\n<p>O Real Madrid divulgou nesta quarta-feira (17) que um homem foi condenado pela Justi\u00e7a da Espanha a oito meses de pris\u00e3o por racismo, ap\u00f3s ter proferido insultos na internet contra o atacante brasileiro Vinicius J\u00fanior e o zagueiro alem\u00e3o Antonio R\u00fcdiger. De acordo com o clube, a senten\u00e7a do Tribunal de Instru\u00e7\u00e3o n\u00famero 5 de Parla, afirma que o acusado &#8211; cuja identidade n\u00e3o foi revelada \u2013 adotou v\u00e1rios pseud\u00f4nimos para fazer os ataques racistas e insultos contra Vini e R\u00fcdiger no f\u00f3rum da edi\u00e7\u00e3o digital do jornal Marca. Esta \u00e9 a segunda condena\u00e7\u00e3o por racismo na Espanha.<img data-recalc-dims=\"1\" decoding=\"async\" src=\"https:\/\/i0.wp.com\/agenciabrasil.ebc.com.br\/ebc.png?w=696&#038;ssl=1\" style=\"width:1px; height:1px; display:inline;\"\/><img data-recalc-dims=\"1\" decoding=\"async\" src=\"https:\/\/i0.wp.com\/agenciabrasil.ebc.com.br\/ebc.gif?w=696&#038;ssl=1\" style=\"width:1px; height:1px; display:inline;\"\/><\/p>\n<blockquote>\n<p>\u201cO acusado foi considerado culpado, especificamente, de dois crimes contra a integridade moral cometidos contra Vinicius Junior e Antonio R\u00fcdiger, ambos agravados por terem agido com motiva\u00e7\u00f5es racistas e, no caso de Antonio R\u00fcdiger, tamb\u00e9m desprezando sua religi\u00e3o\u201d, diz um trecho da <a href=\"https:\/\/www.realmadrid.com\/es-ES\/noticias\/club\/comunicados\/comunicado-oficial-17-07-2024-sentencia-insultos-racistas\" rel=\"noopener\"><strong>nota oficial<\/strong><\/a> publicada pelo Real Madrid.<\/p>\n<\/blockquote>\n<div class=\"dnd-widget-wrapper context-cheio_8colunas type-image\">\n<div class=\"dnd-atom-rendered\"><!-- scald=392874:cheio_8colunas --><\/p>\n<div class=\"shadow overflow-hidden rounded-lg d-block w-100\">\n            <img data-recalc-dims=\"1\" decoding=\"async\" src=\"https:\/\/i0.wp.com\/agenciabrasil.ebc.com.br\/sites\/default\/files\/thumbnails\/image\/loading_v2.gif?w=696&#038;ssl=1\" data-echo=\"https:\/\/imagens.ebc.com.br\/y7QEWwLf_JLM_ibNgDDxjPURjmc=\/754x0\/smart\/https:\/\/agenciabrasil.ebc.com.br\/sites\/default\/files\/thumbnails\/image\/2024\/07\/17\/rudiger_real_madrid_zagueiro.jpg?itok=WuU5R8nE\" alt=\"Soccer Football - Euro 2024 - Round of 16 - Germany v Denmark - Dortmund BVB Stadion, Dortmund, Germany - June 29, 2024 Germany's Antonio Rudiger reacts before Germany are awarded a penalty kick following a VAR review REUTERS\/Thilo Schmuelgen\" title=\"Reuters\/Thilo Schmuelgen\/Direitos Reservados\" class=\"flex-fill img-cover\"\/><br \/>\n        <img data-recalc-dims=\"1\" decoding=\"async\" src=\"https:\/\/i0.wp.com\/imagens.ebc.com.br\/y7QEWwLf_JLM_ibNgDDxjPURjmc%3D\/754x0\/smart\/https%3A\/\/agenciabrasil.ebc.com.br\/sites\/default\/files\/thumbnails\/image\/2024\/07\/17\/rudiger_real_madrid_zagueiro.jpg?w=696&#038;ssl=1\" alt=\"Soccer Football - Euro 2024 - Round of 16 - Germany v Denmark - Dortmund BVB Stadion, Dortmund, Germany - June 29, 2024 Germany's Antonio Rudiger reacts before Germany are awarded a penalty kick following a VAR review REUTERS\/Thilo Schmuelgen\" title=\"Reuters\/Thilo Schmuelgen\/Direitos Reservados\" class=\"flex-fill img-cover\"\/>\n    <\/div>\n<p><!-- END scald=392874 --><\/div>\n<div class=\"dnd-caption-wrapper\">\n<p>Zagueiro alem\u00e3o Antonio R\u00fcdiger foi alvo de ataques racistas na internet, junto com o brasileiro Vini Jr., protagonizado pelo homem condenado a oito meses de pris\u00e3o por racismo\u00a0&#8211; <strong>Reuters\/Thilo Schmuelgen\/Direitos Reservados<\/strong><!--END copyright=392874--><\/p>\n<\/div>\n<\/div>\n<p>Al\u00e9m da pris\u00e3o, o Tribunal proibiu o condenado de participar do f\u00f3rum do jornal por 20 meses. De acordo com a senten\u00e7a, \u201ca suspens\u00e3o da pena de pris\u00e3o ficou sujeita \u00e0 participa\u00e7\u00e3o do acusado em um programa de igualdade de tratamento e n\u00e3o discrimina\u00e7\u00e3o\u201d.<\/p>\n<p><a href=\"https:\/\/agenciabrasil.ebc.com.br\/internacional\/noticia\/2024-06\/espanha-condena-tres-prisao-por-insultos-racistas-contra-vini-jr\" rel=\"noopener\"><strong>A primeira condena\u00e7\u00e3o por racismo na Espanha ocorreu no m\u00eas passado, <\/strong><\/a>referente ao ataque racista contra Vini Jr no est\u00e1dio Mestalla em maio de 2023, quando o brasileiro foi xingado de \u201cmacaco\u201d durante o confronto entre Real e Val\u00eancia. A Justi\u00e7a condenou tr\u00eas torcedores do Val\u00eancia a oito meses de pris\u00e3o, a pagamento de multas e tamb\u00e9m os proibiu de frequentar est\u00e1dio de futebol por dois anos.<\/p>\n<\/p><\/div>\n<p><br \/>\n<br \/><a href=\"https:\/\/agenciabrasil.ebc.com.br\/esportes\/noticia\/2024-07\/homem-e-condenado-na-espanha-por-ataques-racistas-vini-jr-e-rudiger\" rel=\"noopener\">Ag\u00eancia Brasil<\/a><\/p>\n","protected":false},"excerpt":{"rendered":"<p>O Real Madrid divulgou nesta quarta-feira (17) que um homem foi condenado pela Justi\u00e7a da Espanha a oito meses de pris\u00e3o por racismo, ap\u00f3s ter proferido insultos na internet contra o atacante brasileiro Vinicius J\u00fanior e o zagueiro alem\u00e3o Antonio R\u00fcdiger. De acordo com o clube, a senten\u00e7a do Tribunal de Instru\u00e7\u00e3o n\u00famero 5 de [&hellip;]<\/p>\n","protected":false},"author":1,"featured_media":10492,"comment_status":"open","ping_status":"open","sticky":false,"template":"","format":"standard","meta":{"_jetpack_newsletter_access":"","_jetpack_dont_email_post_to_subs":false,"_jetpack_newsletter_tier_id":0,"_jetpack_memberships_contains_paywalled_content":false,"_mbp_banners":[],"_jetpack_feature_clip_id":0,"_jetpack_memberships_contains_paid_content":false,"footnotes":"","jetpack_publicize_message":"","jetpack_publicize_feature_enabled":true,"jetpack_social_post_already_shared":true,"jetpack_social_options":{"image_generator_settings":{"template":"highway","default_image_id":0,"font":"","enabled":false},"version":2},"jetpack_post_was_ever_published":false},"categories":[23],"tags":[],"class_list":["post-10491","post","type-post","status-publish","format-standard","has-post-thumbnail","category-esportes"],"jetpack_publicize_connections":[],"jetpack-related-posts":[],"jetpack_shortlink":"https:\/\/wp.me\/p7Eq1F-2Jd","jetpack_sharing_enabled":true,"jetpack_featured_media_url":"https:\/\/i0.wp.com\/guialimeira.com.br\/news\/wp-content\/uploads\/2024\/07\/2023-05-22t111739z_1_lynxmpej4l0dh_rtroptp_4_futebol-vini-jr-queixa.jpg?fit=1600%2C800&ssl=1","_links":{"self":[{"href":"https:\/\/guialimeira.com.br\/news\/wp-json\/wp\/v2\/posts\/10491","targetHints":{"allow":["GET"]}}],"collection":[{"href":"https:\/\/guialimeira.com.br\/news\/wp-json\/wp\/v2\/posts"}],"about":[{"href":"https:\/\/guialimeira.com.br\/news\/wp-json\/wp\/v2\/types\/post"}],"author":[{"embeddable":true,"href":"https:\/\/guialimeira.com.br\/news\/wp-json\/wp\/v2\/users\/1"}],"replies":[{"embeddable":true,"href":"https:\/\/guialimeira.com.br\/news\/wp-json\/wp\/v2\/comments?post=10491"}],"version-history":[{"count":0,"href":"https:\/\/guialimeira.com.br\/news\/wp-json\/wp\/v2\/posts\/10491\/revisions"}],"wp:featuredmedia":[{"embeddable":true,"href":"https:\/\/guialimeira.com.br\/news\/wp-json\/wp\/v2\/media\/10492"}],"wp:attachment":[{"href":"https:\/\/guialimeira.com.br\/news\/wp-json\/wp\/v2\/media?parent=10491"}],"wp:term":[{"taxonomy":"category","embeddable":true,"href":"https:\/\/guialimeira.com.br\/news\/wp-json\/wp\/v2\/categories?post=10491"},{"taxonomy":"post_tag","embeddable":true,"href":"https:\/\/guialimeira.com.br\/news\/wp-json\/wp\/v2\/tags?post=10491"}],"curies":[{"name":"wp","href":"https:\/\/api.w.org\/{rel}","templated":true}]}}