{"id":10484,"date":"2024-07-17T10:44:52","date_gmt":"2024-07-17T13:44:52","guid":{"rendered":"https:\/\/guialimeira.com.br\/2024\/07\/17\/hezbollah-ameaca-atingir-israel-se-ataques-a-civis-prosseguirem\/"},"modified":"2024-07-17T10:44:52","modified_gmt":"2024-07-17T13:44:52","slug":"hezbollah-ameaca-atingir-israel-se-ataques-a-civis-prosseguirem","status":"publish","type":"post","link":"https:\/\/guialimeira.com.br\/news\/hezbollah-ameaca-atingir-israel-se-ataques-a-civis-prosseguirem\/","title":{"rendered":"Hezbollah amea\u00e7a atingir Israel se ataques a civis prosseguirem"},"content":{"rendered":"<p> <br \/>\n<\/p>\n<div>\n<p>O Hezbollah atingir\u00e1 novos alvos israelenses se Israel continuar alvejando civis no L\u00edbano, disse o l\u00edder do grupo, Sayyed Hassan Nasrallah, nesta quarta-feira (17), observando um aumento no n\u00famero de n\u00e3o combatentes mortos no L\u00edbano nos \u00faltimos dias.<img data-recalc-dims=\"1\" decoding=\"async\" src=\"https:\/\/i0.wp.com\/agenciabrasil.ebc.com.br\/ebc.png?w=696&#038;ssl=1\" style=\"width:1px; height:1px; display:inline;\"\/><img data-recalc-dims=\"1\" decoding=\"async\" src=\"https:\/\/i0.wp.com\/agenciabrasil.ebc.com.br\/ebc.gif?w=696&#038;ssl=1\" style=\"width:1px; height:1px; display:inline;\"\/><\/p>\n<p>Cinco civis, todos s\u00edrios, incluindo tr\u00eas crian\u00e7as, foram mortos em ataques israelenses no L\u00edbano na ter\u00e7a-feira (16) e pelo menos tr\u00eas civis libaneses foram mortos no dia anterior, de acordo com a m\u00eddia estatal e fontes de seguran\u00e7a.<\/p>\n<p>Israel afirmou que est\u00e1 atacando os militantes e a infraestrutura do Hezbollah no L\u00edbano e que n\u00e3o tem como alvo os civis.<\/p>\n<p>&#8220;Continuar a alvejar civis for\u00e7ar\u00e1 a Resist\u00eancia a lan\u00e7ar m\u00edsseis em assentamentos que n\u00e3o eram alvos anteriores&#8221;, disse Nasrallah, em coment\u00e1rios feitos durante um discurso televisionado para marcar o dia sagrado xiita Ashoura.<\/p>\n<p>O Hezbollah, grupo militante apoiado pelo Ir\u00e3 e for\u00e7a militar e pol\u00edtica mais poderosa do L\u00edbano, refere-se a todos os centros populacionais israelenses como assentamentos e n\u00e3o reconhece Israel.<\/p>\n<p>Israel e o Hezbollah t\u00eam trocado disparos desde que o Hezbollah anunciou uma &#8220;frente de apoio&#8221; com os palestinos, logo ap\u00f3s seu aliado Hamas ter atacado comunidades do sul da fronteira israelense em 7 de outubro, desencadeando a ofensiva militar de Israel em Gaza.<\/p>\n<p>Grupos alinhados ao Ir\u00e3 na regi\u00e3o, incluindo fac\u00e7\u00f5es armadas xiitas na S\u00edria e no Iraque e os Houthis do I\u00eamen, tamb\u00e9m t\u00eam disparado contra Israel desde pouco depois de 7 de outubro.<\/p>\n<p>No L\u00edbano, os combates mataram mais de 100 civis e mais de 300 combatentes do Hezbollah, de acordo com uma contagem da <em>Reuters<\/em>, e levaram cidades e vilarejos da fronteira libanesa a n\u00edveis de destrui\u00e7\u00e3o nunca vistos desde a guerra entre Israel e L\u00edbano em 2006.<\/p>\n<p>Nasrallah prometeu que as casas total ou parcialmente destru\u00eddas seriam reconstru\u00eddas &#8220;mais bonitas do que eram antes&#8221;.<\/p>\n<p>Nasrallah tamb\u00e9m minimizou a capacidade de Israel de travar uma guerra em grande escala no L\u00edbano, dizendo que sua capacidade militar havia sido degradada em Gaza e afirmando que todos os tanques do Ex\u00e9rcito israelense seriam destru\u00eddos caso entrassem no L\u00edbano.<\/p>\n<p><em>*\u00c9 proibida a reprodu\u00e7\u00e3o deste conte\u00fado<\/em><\/p>\n<\/p><\/div>\n<p><br \/>\n<br \/><a href=\"https:\/\/agenciabrasil.ebc.com.br\/internacional\/noticia\/2024-07\/hezbollah-ameaca-atingir-israel-se-ataques-civis-prosseguirem\" rel=\"noopener\">Ag\u00eancia Brasil <\/a><\/p>\n","protected":false},"excerpt":{"rendered":"<p>O Hezbollah atingir\u00e1 novos alvos israelenses se Israel continuar alvejando civis no L\u00edbano, disse o l\u00edder do grupo, Sayyed Hassan Nasrallah, nesta quarta-feira (17), observando um aumento no n\u00famero de n\u00e3o combatentes mortos no L\u00edbano nos \u00faltimos dias. Cinco civis, todos s\u00edrios, incluindo tr\u00eas crian\u00e7as, foram mortos em ataques israelenses no L\u00edbano na ter\u00e7a-feira (16) [&hellip;]<\/p>\n","protected":false},"author":1,"featured_media":10485,"comment_status":"open","ping_status":"open","sticky":false,"template":"","format":"standard","meta":{"_jetpack_newsletter_access":"","_jetpack_dont_email_post_to_subs":false,"_jetpack_newsletter_tier_id":0,"_jetpack_memberships_contains_paywalled_content":false,"_mbp_banners":[],"_jetpack_feature_clip_id":0,"_jetpack_memberships_contains_paid_content":false,"footnotes":"","jetpack_publicize_message":"","jetpack_publicize_feature_enabled":true,"jetpack_social_post_already_shared":true,"jetpack_social_options":{"image_generator_settings":{"template":"highway","default_image_id":0,"font":"","enabled":false},"version":2},"jetpack_post_was_ever_published":false},"categories":[25],"tags":[],"class_list":["post-10484","post","type-post","status-publish","format-standard","has-post-thumbnail","category-internacional"],"jetpack_publicize_connections":[],"jetpack-related-posts":[],"jetpack_shortlink":"https:\/\/wp.me\/p7Eq1F-2J6","jetpack_sharing_enabled":true,"jetpack_featured_media_url":"https:\/\/i0.wp.com\/guialimeira.com.br\/news\/wp-content\/uploads\/2024\/07\/2017-11-10t205109z_1_lynxmpeda91xd_rtroptp_3_libano-hezbollah-hariri.jpg?fit=1600%2C800&ssl=1","_links":{"self":[{"href":"https:\/\/guialimeira.com.br\/news\/wp-json\/wp\/v2\/posts\/10484","targetHints":{"allow":["GET"]}}],"collection":[{"href":"https:\/\/guialimeira.com.br\/news\/wp-json\/wp\/v2\/posts"}],"about":[{"href":"https:\/\/guialimeira.com.br\/news\/wp-json\/wp\/v2\/types\/post"}],"author":[{"embeddable":true,"href":"https:\/\/guialimeira.com.br\/news\/wp-json\/wp\/v2\/users\/1"}],"replies":[{"embeddable":true,"href":"https:\/\/guialimeira.com.br\/news\/wp-json\/wp\/v2\/comments?post=10484"}],"version-history":[{"count":0,"href":"https:\/\/guialimeira.com.br\/news\/wp-json\/wp\/v2\/posts\/10484\/revisions"}],"wp:featuredmedia":[{"embeddable":true,"href":"https:\/\/guialimeira.com.br\/news\/wp-json\/wp\/v2\/media\/10485"}],"wp:attachment":[{"href":"https:\/\/guialimeira.com.br\/news\/wp-json\/wp\/v2\/media?parent=10484"}],"wp:term":[{"taxonomy":"category","embeddable":true,"href":"https:\/\/guialimeira.com.br\/news\/wp-json\/wp\/v2\/categories?post=10484"},{"taxonomy":"post_tag","embeddable":true,"href":"https:\/\/guialimeira.com.br\/news\/wp-json\/wp\/v2\/tags?post=10484"}],"curies":[{"name":"wp","href":"https:\/\/api.w.org\/{rel}","templated":true}]}}