{"id":10480,"date":"2024-07-17T10:39:43","date_gmt":"2024-07-17T13:39:43","guid":{"rendered":"https:\/\/guialimeira.com.br\/2024\/07\/17\/ministra-da-saude-comemora-dados-da-imunizacao-infantil\/"},"modified":"2024-07-17T10:39:43","modified_gmt":"2024-07-17T13:39:43","slug":"ministra-da-saude-comemora-dados-da-imunizacao-infantil","status":"publish","type":"post","link":"https:\/\/guialimeira.com.br\/news\/ministra-da-saude-comemora-dados-da-imunizacao-infantil\/","title":{"rendered":"Ministra da Sa\u00fade comemora dados da imuniza\u00e7\u00e3o infantil"},"content":{"rendered":"<p> <br \/>\n<\/p>\n<div>\n<p>A ministra da Sa\u00fade, N\u00edsia Trindade, avalia que a melhoria da cobertura vacinal no Brasil \u00e9 consequ\u00eancia do comprometimento dos trabalhadores da sa\u00fade, associado a iniciativas do governo. Al\u00e9m de acentuar o combate \u00e0 propaga\u00e7\u00e3o de <em>fake news<\/em> e de renovar equipamentos que garantam a conserva\u00e7\u00e3o de vacinas por per\u00edodos mais longos, o governo tem desenvolvido estrat\u00e9gias locais envolvendo a sociedade.<img data-recalc-dims=\"1\" decoding=\"async\" src=\"https:\/\/i0.wp.com\/agenciabrasil.ebc.com.br\/ebc.png?w=696&#038;ssl=1\" style=\"width:1px; height:1px; display:inline;\"\/><img data-recalc-dims=\"1\" decoding=\"async\" src=\"https:\/\/i0.wp.com\/agenciabrasil.ebc.com.br\/ebc.gif?w=696&#038;ssl=1\" style=\"width:1px; height:1px; display:inline;\"\/><\/p>\n<p>A declara\u00e7\u00e3o foi feita em entrevista a emissoras de r\u00e1dio durante o programa <em>Bom Dia, Ministra<\/em>, produzido pela <strong>Empresa Brasil de Comunica\u00e7\u00e3o<\/strong> (<strong>EBC<\/strong>). N\u00edsia Trindade comemorou os dados divulgados pelo Fundo das Na\u00e7\u00f5es Unidas para a Inf\u00e2ncia (Unicef) e pela Organiza\u00e7\u00e3o Mundial da Sa\u00fade (OMS) que fez o pa\u00eds <a href=\"https:\/\/agenciabrasil.ebc.com.br\/saude\/noticia\/2024-07\/brasil-deixa-lista-dos-20-paises-com-mais-criancas-nao-vacinadas\" target=\"_blank\" rel=\"noopener\">deixar o <em>ranking<\/em> das 20 na\u00e7\u00f5es<\/a> com mais crian\u00e7as n\u00e3o vacinadas.<\/p>\n<p>A melhoria da cobertura em 2023 abrange as vacinas contra a poliomielite (VIP e VOP), pentavalente, rotav\u00edrus, hepatite A, febre amarela, meningoc\u00f3cica C (1\u00aa dose e refor\u00e7o), pneumoc\u00f3cica 10 (1\u00aa dose e refor\u00e7o), tr\u00edplice viral (1\u00aa e 2\u00aa doses) e refor\u00e7o da tr\u00edplice bacteriana (DTP).<\/p>\n<p>Segundo a ministra, o resultado \u00e9 uma consequ\u00eancia do \u201ccomprometimento dos trabalhadores da sa\u00fade\u201d. \u201cOutro fator importante \u00e9 o combate \u00e0 desinforma\u00e7\u00e3o, que desde o ano passado vem sendo combatida pela plataforma Sa\u00fade com Ci\u00eancia\u201d, acrescentou ao se referir ao programa criado com o objetivo de defender a vacina\u00e7\u00e3o e enfrentar a desinforma\u00e7\u00e3o.<\/p>\n<p>\u201cO mais importante \u00e9 o governo dizer a todos que t\u00eam de se vacinar\u201d, acrescentou ao destacar que, para atingir esse objetivo, foram adotadas estrat\u00e9gias locais, com a sociedade e governo integrados, favorecendo tamb\u00e9m as iniciativas de atendimento \u00e0 sa\u00fade nas resid\u00eancias, bem como os cursos e informa\u00e7\u00f5es difundidos pela Universidade Aberta dos SUS (UnA-SUS).<\/p>\n<p>N\u00edsia Trindade destacou tamb\u00e9m a iniciativa do governo de renovar a chamada Rede de Frio, tamb\u00e9m do Programa Nacional de Imuniza\u00e7\u00f5es, que viabiliza estruturas f\u00edsicas e t\u00e9cnico-administrativas nas tr\u00eas esferas de governo que garantem a manuten\u00e7\u00e3o da qualidade dos imunobiol\u00f3gicos adquiridos pelo Minist\u00e9rio da Sa\u00fade, distribu\u00eddos em todo o pa\u00eds.<\/p>\n<h2>Farm\u00e1cia Popular<\/h2>\n<p>Durante a entrevista, a ministra lembrou que atualmente <a href=\"https:\/\/agenciabrasil.ebc.com.br\/saude\/noticia\/2024-07\/farmacia-popular-passa-oferecer-95-dos-medicamentos-gratuitamente\" target=\"_blank\" rel=\"noopener\">95% dos 41 itens da Farm\u00e1cia Popular<\/a> s\u00e3o totalmente gratuitos. Al\u00e9m de rem\u00e9dios para hipertens\u00e3o, diabetes, asma e osteoporose, o programa distribui absorventes para meninas e mulheres.<\/p>\n<p>\u201cOs absorventes higi\u00eanicos fazem parte do programa e da implementa\u00e7\u00e3o da lei. Antes n\u00e3o faziam parte, o que inclusive fez gerou muitas pol\u00eamicas durante o governo passado, apesar de ser algo t\u00e3o importante para as meninas e as mulheres\u201d, disse a ministra.<\/p>\n<p>A lista completa de medicamentos e insumos disponibilizados pode ser acessada <a href=\"https:\/\/www.gov.br\/saude\/pt-br\/composicao\/sectics\/farmacia-popular\/arquivos\/elenco-de-medicamentos-e-insumos.pdf\" target=\"_blank\" rel=\"noopener\">aqui<\/a>. J\u00e1 a lista de farm\u00e1cias e drogarias credenciadas ao programa pode ser acessada <a href=\"https:\/\/www.gov.br\/saude\/pt-br\/composicao\/sectics\/farmacia-popular\/arquivos\/farmacias_credenciadas_pfpb_atualizada.xlsx\/view\" target=\"_blank\" rel=\"noopener\">aqui<\/a>.<\/p>\n<\/p><\/div>\n<p><br \/>\n<br \/><a href=\"https:\/\/agenciabrasil.ebc.com.br\/saude\/noticia\/2024-07\/ministra-da-saude-comemora-dados-da-imunizacao-infantil\" rel=\"noopener\">Ag\u00eancia Brasil <\/a><\/p>\n","protected":false},"excerpt":{"rendered":"<p>A ministra da Sa\u00fade, N\u00edsia Trindade, avalia que a melhoria da cobertura vacinal no Brasil \u00e9 consequ\u00eancia do comprometimento dos trabalhadores da sa\u00fade, associado a iniciativas do governo. Al\u00e9m de acentuar o combate \u00e0 propaga\u00e7\u00e3o de fake news e de renovar equipamentos que garantam a conserva\u00e7\u00e3o de vacinas por per\u00edodos mais longos, o governo tem [&hellip;]<\/p>\n","protected":false},"author":1,"featured_media":10481,"comment_status":"open","ping_status":"open","sticky":false,"template":"","format":"standard","meta":{"_jetpack_newsletter_access":"","_jetpack_dont_email_post_to_subs":false,"_jetpack_newsletter_tier_id":0,"_jetpack_memberships_contains_paywalled_content":false,"_mbp_banners":[],"_jetpack_feature_clip_id":0,"_jetpack_memberships_contains_paid_content":false,"footnotes":"","jetpack_publicize_message":"","jetpack_publicize_feature_enabled":true,"jetpack_social_post_already_shared":true,"jetpack_social_options":{"image_generator_settings":{"template":"highway","default_image_id":0,"font":"","enabled":false},"version":2},"jetpack_post_was_ever_published":false},"categories":[15],"tags":[],"class_list":["post-10480","post","type-post","status-publish","format-standard","has-post-thumbnail","category-saude"],"jetpack_publicize_connections":[],"jetpack-related-posts":[],"jetpack_shortlink":"https:\/\/wp.me\/p7Eq1F-2J2","jetpack_sharing_enabled":true,"jetpack_featured_media_url":"https:\/\/i0.wp.com\/guialimeira.com.br\/news\/wp-content\/uploads\/2024\/07\/nisia-bom-dia_mcamgo_abr_17072024-4.jpg?fit=1600%2C800&ssl=1","_links":{"self":[{"href":"https:\/\/guialimeira.com.br\/news\/wp-json\/wp\/v2\/posts\/10480","targetHints":{"allow":["GET"]}}],"collection":[{"href":"https:\/\/guialimeira.com.br\/news\/wp-json\/wp\/v2\/posts"}],"about":[{"href":"https:\/\/guialimeira.com.br\/news\/wp-json\/wp\/v2\/types\/post"}],"author":[{"embeddable":true,"href":"https:\/\/guialimeira.com.br\/news\/wp-json\/wp\/v2\/users\/1"}],"replies":[{"embeddable":true,"href":"https:\/\/guialimeira.com.br\/news\/wp-json\/wp\/v2\/comments?post=10480"}],"version-history":[{"count":0,"href":"https:\/\/guialimeira.com.br\/news\/wp-json\/wp\/v2\/posts\/10480\/revisions"}],"wp:featuredmedia":[{"embeddable":true,"href":"https:\/\/guialimeira.com.br\/news\/wp-json\/wp\/v2\/media\/10481"}],"wp:attachment":[{"href":"https:\/\/guialimeira.com.br\/news\/wp-json\/wp\/v2\/media?parent=10480"}],"wp:term":[{"taxonomy":"category","embeddable":true,"href":"https:\/\/guialimeira.com.br\/news\/wp-json\/wp\/v2\/categories?post=10480"},{"taxonomy":"post_tag","embeddable":true,"href":"https:\/\/guialimeira.com.br\/news\/wp-json\/wp\/v2\/tags?post=10480"}],"curies":[{"name":"wp","href":"https:\/\/api.w.org\/{rel}","templated":true}]}}