{"id":10476,"date":"2024-07-17T08:42:43","date_gmt":"2024-07-17T11:42:43","guid":{"rendered":"https:\/\/guialimeira.com.br\/2024\/07\/17\/na-onu-brasil-apresenta-ods-para-combater-desigualdade-etnico-racial\/"},"modified":"2024-07-17T08:42:43","modified_gmt":"2024-07-17T11:42:43","slug":"na-onu-brasil-apresenta-ods-para-combater-desigualdade-etnico-racial","status":"publish","type":"post","link":"https:\/\/guialimeira.com.br\/news\/na-onu-brasil-apresenta-ods-para-combater-desigualdade-etnico-racial\/","title":{"rendered":"Na ONU, Brasil apresenta ODS para combater desigualdade \u00e9tnico-racial"},"content":{"rendered":"<p> <br \/>\n<\/p>\n<div>\n<p>O Brasil, com apoio do Programa das Na\u00e7\u00f5es Unidas para o Desenvolvimento (Pnud), apresentou sua experi\u00eancia de criar o Objetivo de Desenvolvimento Sustent\u00e1vel (ODS) de n\u00famero 18, que se refere \u00e0 igualdade \u00e9tnico-racial. A apresenta\u00e7\u00e3o ocorreu em um evento paralelo ao F\u00f3rum Pol\u00edtico de Alto N\u00edvel, na sede da Organiza\u00e7\u00e3o das Na\u00e7\u00f5es Unidas (ONU), em Nova York.<img data-recalc-dims=\"1\" decoding=\"async\" src=\"https:\/\/i0.wp.com\/agenciabrasil.ebc.com.br\/ebc.png?w=696&#038;ssl=1\" style=\"width:1px; height:1px; display:inline;\"\/><img data-recalc-dims=\"1\" decoding=\"async\" src=\"https:\/\/i0.wp.com\/agenciabrasil.ebc.com.br\/ebc.gif?w=696&#038;ssl=1\" style=\"width:1px; height:1px; display:inline;\"\/><\/p>\n<p>O secret\u00e1rio-geral da Presid\u00eancia da Rep\u00fablica, M\u00e1rcio Mac\u00eado destacou o retorno do pa\u00eds \u00e0 agenda internacional e seu protagonismo na defesa da democracia e no combate \u00e0s desigualdades racial e \u00e9tnica.<\/p>\n<blockquote>\n<p>\u201cEstamos comprometidos com a constru\u00e7\u00e3o de um mundo mais pr\u00f3spero para todos e que n\u00e3o deixe ningu\u00e9m para tr\u00e1s. N\u00e3o \u00e9 poss\u00edvel que, em pleno s\u00e9culo 21, pessoas ainda julguem seus pares a partir de seu tom de pele, tra\u00e7os f\u00edsicos, g\u00eanero ou idade. Mais do que nunca, devemos lutar para que nossas diferen\u00e7as sejam respeitadas e nossos direitos, assegurados.\u201d<\/p>\n<\/blockquote>\n<p>Os Objetivos de Desenvolvimento Sustent\u00e1vel foram estabelecidos em 2015 pela e comp\u00f5em uma agenda mundial para construir e implementar pol\u00edticas p\u00fablicas para guiar a humanidade at\u00e9 2030. \u00c0 \u00e9poca eram 17 ODSs para acabar com a pobreza, proteger o meio ambiente e o clima e garantir que todas as pessoas do mundo possam desfrutar de paz e de prosperidade. O 18\u00b0 ODS \u00e9 uma iniciativa brasileira.<\/p>\n<p>A secret\u00e1ria-executiva do Minist\u00e9rio da Igualdade Racial, Roberta Eug\u00eanio, avaliou que tem sido ao mesmo tempo desafiador e gratificante participar do desenvolvimento do ODS de n\u00famero 18: \u201c\u00e9 uma honra estabelecer esse debate aqui, na sede das Na\u00e7\u00f5es Unidas&#8221;.<\/p>\n<blockquote>\n<p>&#8220;Nosso pa\u00eds amadureceu para compreender que n\u00e3o \u00e9 poss\u00edvel promover um desenvolvimento sem que haja a promo\u00e7\u00e3o da igualdade \u00e9tnico-racial e o enfrentamento \u00e0s distor\u00e7\u00f5es e iniquidades. \u00c9 a a\u00e7\u00e3o coletiva que pode fazer avan\u00e7ar o combate \u00e0 pobreza e \u00e0s desigualdades.\u201d<\/p>\n<\/blockquote>\n<h2>Racismo<\/h2>\n<p>O ODS 18 \u00e9 uma iniciativa volunt\u00e1ria do Brasil para colocar o combate ao racismo no centro dos esfor\u00e7os para o desenvolvimento sustent\u00e1vel e para o alcance da Agenda 2030. A iniciativa \u00e9 liderada pela c\u00e2mara tem\u00e1tica da Comiss\u00e3o Nacional para os Objetivos de Desenvolvimento Sustent\u00e1vel (CNODS) e pelo Minist\u00e9rio da Igualdade Racial.<\/p>\n<p>Como organismo de desenvolvimento da ONU, o Pnud desempenha um papel central no apoio aos pa\u00edses para cumprir os Objetivos de Desenvolvimento Sustent\u00e1vel. O F\u00f3rum Pol\u00edtico de Alto N\u00edvel sobre Desenvolvimento Sustent\u00e1vel \u00e9 a plataforma central das Na\u00e7\u00f5es Unidas para o acompanhamento da implementa\u00e7\u00e3o da Agenda 2030.\u00a0<\/p>\n<h2>Igualdade<\/h2>\n<p>Um grupo de trabalho coordenado pelo Minist\u00e9rio da Igualdade Racial tem se dedicado, desde o ano passado, \u00e0 discuss\u00e3o e \u00e0 elabora\u00e7\u00e3o de metas e indicadores para acompanhar e implementar o ODS 18 at\u00e9 2030. O an\u00fancio da iniciativa foi feito pelo presidente Luiz In\u00e1cio Lula da Silva na abertura da Assembleia Geral da ONU em setembro passado.\u00a0<\/p>\n<p>Desde ent\u00e3o, foram estabelecidas metas que ser\u00e3o inclu\u00eddas no ODS 18, entre elas: eliminar a discrimina\u00e7\u00e3o \u00e9tnico-racial no trabalho; eliminar as formas de viol\u00eancia contra povos ind\u00edgenas e afrodescendentes; garantir acesso ao Sistema de Justi\u00e7a por pessoas negras e ind\u00edgenas; promover mem\u00f3ria, verdade e justi\u00e7a para a popula\u00e7\u00e3o negra e ind\u00edgena. A<\/p>\n<p>As metas incluem outras garantias \u00e0 popula\u00e7\u00e3o negra e ind\u00edgena: habita\u00e7\u00e3o adequada e sustent\u00e1vel; acesso \u00e0 aten\u00e7\u00e3o de sa\u00fade de qualidade; educa\u00e7\u00e3o de qualidade; garantir di\u00e1logo e participa\u00e7\u00e3o social; eliminar a xenofobia e tratar imigrantes negros e ind\u00edgenas com dignidade.\u00a0<\/p>\n<\/p><\/div>\n<p><br \/>\n<br \/><a href=\"https:\/\/agenciabrasil.ebc.com.br\/internacional\/noticia\/2024-07\/na-onu-brasil-apresenta-ods-para-combater-desigualdade-etnico-racial\" rel=\"noopener\">Ag\u00eancia Brasil <\/a><\/p>\n","protected":false},"excerpt":{"rendered":"<p>O Brasil, com apoio do Programa das Na\u00e7\u00f5es Unidas para o Desenvolvimento (Pnud), apresentou sua experi\u00eancia de criar o Objetivo de Desenvolvimento Sustent\u00e1vel (ODS) de n\u00famero 18, que se refere \u00e0 igualdade \u00e9tnico-racial. A apresenta\u00e7\u00e3o ocorreu em um evento paralelo ao F\u00f3rum Pol\u00edtico de Alto N\u00edvel, na sede da Organiza\u00e7\u00e3o das Na\u00e7\u00f5es Unidas (ONU), em [&hellip;]<\/p>\n","protected":false},"author":1,"featured_media":10477,"comment_status":"open","ping_status":"open","sticky":false,"template":"","format":"standard","meta":{"_jetpack_newsletter_access":"","_jetpack_dont_email_post_to_subs":false,"_jetpack_newsletter_tier_id":0,"_jetpack_memberships_contains_paywalled_content":false,"_mbp_banners":[],"_jetpack_feature_clip_id":0,"_jetpack_memberships_contains_paid_content":false,"footnotes":"","jetpack_publicize_message":"","jetpack_publicize_feature_enabled":true,"jetpack_social_post_already_shared":true,"jetpack_social_options":{"image_generator_settings":{"template":"highway","default_image_id":0,"font":"","enabled":false},"version":2},"jetpack_post_was_ever_published":false},"categories":[25],"tags":[],"class_list":["post-10476","post","type-post","status-publish","format-standard","has-post-thumbnail","category-internacional"],"jetpack_publicize_connections":[],"jetpack-related-posts":[],"jetpack_shortlink":"https:\/\/wp.me\/p7Eq1F-2IY","jetpack_sharing_enabled":true,"jetpack_featured_media_url":"https:\/\/i0.wp.com\/guialimeira.com.br\/news\/wp-content\/uploads\/2024\/07\/3379833952_292f2ef9d5_o.jpg?fit=1600%2C800&ssl=1","_links":{"self":[{"href":"https:\/\/guialimeira.com.br\/news\/wp-json\/wp\/v2\/posts\/10476","targetHints":{"allow":["GET"]}}],"collection":[{"href":"https:\/\/guialimeira.com.br\/news\/wp-json\/wp\/v2\/posts"}],"about":[{"href":"https:\/\/guialimeira.com.br\/news\/wp-json\/wp\/v2\/types\/post"}],"author":[{"embeddable":true,"href":"https:\/\/guialimeira.com.br\/news\/wp-json\/wp\/v2\/users\/1"}],"replies":[{"embeddable":true,"href":"https:\/\/guialimeira.com.br\/news\/wp-json\/wp\/v2\/comments?post=10476"}],"version-history":[{"count":0,"href":"https:\/\/guialimeira.com.br\/news\/wp-json\/wp\/v2\/posts\/10476\/revisions"}],"wp:featuredmedia":[{"embeddable":true,"href":"https:\/\/guialimeira.com.br\/news\/wp-json\/wp\/v2\/media\/10477"}],"wp:attachment":[{"href":"https:\/\/guialimeira.com.br\/news\/wp-json\/wp\/v2\/media?parent=10476"}],"wp:term":[{"taxonomy":"category","embeddable":true,"href":"https:\/\/guialimeira.com.br\/news\/wp-json\/wp\/v2\/categories?post=10476"},{"taxonomy":"post_tag","embeddable":true,"href":"https:\/\/guialimeira.com.br\/news\/wp-json\/wp\/v2\/tags?post=10476"}],"curies":[{"name":"wp","href":"https:\/\/api.w.org\/{rel}","templated":true}]}}