{"id":10356,"date":"2024-07-15T11:59:56","date_gmt":"2024-07-15T14:59:56","guid":{"rendered":"https:\/\/guialimeira.com.br\/2024\/07\/15\/aeroporto-de-porto-alegre-reinicia-embarque-e-desembarque\/"},"modified":"2024-07-15T11:59:56","modified_gmt":"2024-07-15T14:59:56","slug":"aeroporto-de-porto-alegre-reinicia-embarque-e-desembarque","status":"publish","type":"post","link":"https:\/\/guialimeira.com.br\/news\/aeroporto-de-porto-alegre-reinicia-embarque-e-desembarque\/","title":{"rendered":"Aeroporto de Porto Alegre reinicia embarque e desembarque"},"content":{"rendered":"<p> <br \/>\n<\/p>\n<div>\n<p>O Aeroporto Salgado Filho reabre, de forma parcial, a partir desta segunda-feira (15) em Porto Alegre, os servi\u00e7os de embarque e desembarque de passageiros. O processamento de passageiros e o controle de seguran\u00e7a ser\u00e3o feitos nos pisos 2 e 3 do terminal, \u00e1reas n\u00e3o impactadas pelas enchentes que atingiram o Rio Grande do Sul.<img data-recalc-dims=\"1\" decoding=\"async\" src=\"https:\/\/i0.wp.com\/agenciabrasil.ebc.com.br\/ebc.png?w=696&#038;ssl=1\" style=\"width:1px; height:1px; display:inline;\"\/><img data-recalc-dims=\"1\" decoding=\"async\" src=\"https:\/\/i0.wp.com\/agenciabrasil.ebc.com.br\/ebc.gif?w=696&#038;ssl=1\" style=\"width:1px; height:1px; display:inline;\"\/><\/p>\n<p>O servi\u00e7o de <em>check-in<\/em> e o embarque de passageiros ser\u00e3o feitos por meio de uma \u00e1rea adaptada no terminal internacional, uma vez que o espa\u00e7o dom\u00e9stico est\u00e1 passando por reformas. Sinaliza\u00e7\u00f5es foram colocadas no local de forma a instruir os usu\u00e1rios para que se dirijam ao embarque nos \u00f4nibus, com destino \u00e0 Base A\u00e9rea de Canoas, a cerca de 10 quil\u00f4metros do aeroporto Salgado Filho.<\/p>\n<h2>Como ser\u00e1<\/h2>\n<p>O acesso ao terminal dever\u00e1 ser feito pela rampa externa que leva ao piso 2. \u201cNo primeiro momento, o acesso ao procedimento de embarque ser\u00e1 realizado exclusivamente pelas portas 5 e 6. A partir de da\u00ed, os passageiros dever\u00e3o subir ao piso 3 e utilizar a \u00e1rea de embarque internacional para a inspe\u00e7\u00e3o de seguran\u00e7a\u201d, informou, em nota, o Minist\u00e9rio de Portos e Aeroportos.<\/p>\n<p>O hor\u00e1rio de funcionamento do terminal \u00e9 das 6h \u00e0s 21h. \u00c9 indicado que os passageiros se apresentem, no aeroporto, com tr\u00eas horas de anteced\u00eancia em rela\u00e7\u00e3o ao hor\u00e1rio do voo. O processo de embarque se encerrar\u00e1 1h30 antes voo.<\/p>\n<\/p><\/div>\n<p><br \/>\n<br \/><a href=\"https:\/\/agenciabrasil.ebc.com.br\/economia\/noticia\/2024-07\/aeroporto-de-porto-alegre-reinicia-embarque-e-desembarque\" rel=\"noopener\">Ag\u00eancia Brasil<\/a><\/p>\n","protected":false},"excerpt":{"rendered":"<p>O Aeroporto Salgado Filho reabre, de forma parcial, a partir desta segunda-feira (15) em Porto Alegre, os servi\u00e7os de embarque e desembarque de passageiros. O processamento de passageiros e o controle de seguran\u00e7a ser\u00e3o feitos nos pisos 2 e 3 do terminal, \u00e1reas n\u00e3o impactadas pelas enchentes que atingiram o Rio Grande do Sul. O [&hellip;]<\/p>\n","protected":false},"author":1,"featured_media":8846,"comment_status":"open","ping_status":"open","sticky":false,"template":"","format":"standard","meta":{"_jetpack_newsletter_access":"","_jetpack_dont_email_post_to_subs":false,"_jetpack_newsletter_tier_id":0,"_jetpack_memberships_contains_paywalled_content":false,"_mbp_banners":[],"_jetpack_feature_clip_id":0,"_jetpack_memberships_contains_paid_content":false,"footnotes":"","jetpack_publicize_message":"","jetpack_publicize_feature_enabled":true,"jetpack_social_post_already_shared":true,"jetpack_social_options":{"image_generator_settings":{"template":"highway","default_image_id":0,"font":"","enabled":false},"version":2},"jetpack_post_was_ever_published":false},"categories":[24],"tags":[],"class_list":["post-10356","post","type-post","status-publish","format-standard","has-post-thumbnail","category-economia"],"jetpack_publicize_connections":[],"jetpack-related-posts":[],"jetpack_shortlink":"https:\/\/wp.me\/p7Eq1F-2H2","jetpack_sharing_enabled":true,"jetpack_featured_media_url":"https:\/\/i0.wp.com\/guialimeira.com.br\/news\/wp-content\/uploads\/2024\/06\/imagem_do_whatsapp_de_2024-05-25_as_14.03.43_38272271.jpg?fit=1600%2C800&ssl=1","_links":{"self":[{"href":"https:\/\/guialimeira.com.br\/news\/wp-json\/wp\/v2\/posts\/10356","targetHints":{"allow":["GET"]}}],"collection":[{"href":"https:\/\/guialimeira.com.br\/news\/wp-json\/wp\/v2\/posts"}],"about":[{"href":"https:\/\/guialimeira.com.br\/news\/wp-json\/wp\/v2\/types\/post"}],"author":[{"embeddable":true,"href":"https:\/\/guialimeira.com.br\/news\/wp-json\/wp\/v2\/users\/1"}],"replies":[{"embeddable":true,"href":"https:\/\/guialimeira.com.br\/news\/wp-json\/wp\/v2\/comments?post=10356"}],"version-history":[{"count":0,"href":"https:\/\/guialimeira.com.br\/news\/wp-json\/wp\/v2\/posts\/10356\/revisions"}],"wp:featuredmedia":[{"embeddable":true,"href":"https:\/\/guialimeira.com.br\/news\/wp-json\/wp\/v2\/media\/8846"}],"wp:attachment":[{"href":"https:\/\/guialimeira.com.br\/news\/wp-json\/wp\/v2\/media?parent=10356"}],"wp:term":[{"taxonomy":"category","embeddable":true,"href":"https:\/\/guialimeira.com.br\/news\/wp-json\/wp\/v2\/categories?post=10356"},{"taxonomy":"post_tag","embeddable":true,"href":"https:\/\/guialimeira.com.br\/news\/wp-json\/wp\/v2\/tags?post=10356"}],"curies":[{"name":"wp","href":"https:\/\/api.w.org\/{rel}","templated":true}]}}