{"id":10348,"date":"2024-07-15T10:55:17","date_gmt":"2024-07-15T13:55:17","guid":{"rendered":"https:\/\/guialimeira.com.br\/2024\/07\/15\/israel-faz-nova-ofensiva-na-faixa-de-gaza-apos-ataque-matar-dezenas\/"},"modified":"2024-07-15T10:55:17","modified_gmt":"2024-07-15T13:55:17","slug":"israel-faz-nova-ofensiva-na-faixa-de-gaza-apos-ataque-matar-dezenas","status":"publish","type":"post","link":"https:\/\/guialimeira.com.br\/news\/israel-faz-nova-ofensiva-na-faixa-de-gaza-apos-ataque-matar-dezenas\/","title":{"rendered":"Israel faz nova ofensiva na Faixa de Gaza, ap\u00f3s ataque matar dezenas"},"content":{"rendered":"<p> <br \/>\n<\/p>\n<div>\n<p>Israel atacou o sul e o centro da Faixa de Gaza nesta segunda-feira (15) para pressionar ainda mais o Hamas, ap\u00f3s um ataque no fim de semana que teve como alvo a lideran\u00e7a do grupo militante e que matou muitos palestinos acampados em uma designada &#8220;zona de seguran\u00e7a&#8221;.<img data-recalc-dims=\"1\" decoding=\"async\" src=\"https:\/\/i0.wp.com\/agenciabrasil.ebc.com.br\/ebc.png?w=696&#038;ssl=1\" style=\"width:1px; height:1px; display:inline;\"\/><img data-recalc-dims=\"1\" decoding=\"async\" src=\"https:\/\/i0.wp.com\/agenciabrasil.ebc.com.br\/ebc.gif?w=696&#038;ssl=1\" style=\"width:1px; height:1px; display:inline;\"\/><\/p>\n<p>Dois dias depois que o ataque israelense transformou uma \u00e1rea movimentada de Mawasi, perto da costa do Mediterr\u00e2neo, em um terreno baldio carbonizado, repleto de carros em chamas e corpos mutilados, os sobreviventes desabrigados disseram que n\u00e3o tinham ideia para onde deveriam ir.<\/p>\n<p>&#8220;Aqueles momentos em que o ch\u00e3o tremeu sob meus p\u00e9s e a poeira e a areia subiram ao c\u00e9u e eu vi corpos desmembrados &#8211; nunca tinha visto algo assim em minha vida&#8221;, disse Aya Mohammad, de 30 anos, vendedora de um mercado em Mawasi, contatada por mensagem de texto de celular.<\/p>\n<p>&#8220;Para onde ir \u00e9 o que todo mundo pergunta, e ningu\u00e9m tem a resposta.&#8221;<\/p>\n<p>Mawasi, na periferia oeste de Khan Younis, tem abrigado centenas de milhares de palestinos que fugiram para a \u00e1rea depois que Israel a declarou uma zona segura. Israel disse que seu ataque no s\u00e1bado teve como alvo o comandante militar do Hamas Mohammed Deif, um arquiteto do ataque de 7 de outubro \u00e0s cidades e vilas israelenses que desencadeou a guerra de Gaza.<\/p>\n<p>Autoridades palestinas afirmam que pelo menos 90 pessoas foram mortas no s\u00e1bado e centenas ficaram feridas. Os jornalistas da Reuters que estavam no local filmaram a carnificina, com moradores carregando os feridos e mortos em meio a chamas e fuma\u00e7a.<\/p>\n<p>Mais ao sul, em Rafah, principal foco do avan\u00e7o de Israel desde maio, os moradores relataram novos combates na segunda-feira. As for\u00e7as israelenses nas regi\u00f5es oeste e central da cidade explodiram v\u00e1rias casas, segundo eles. Autoridades m\u00e9dicas disseram ter recuperado 10 corpos de palestinos mortos por fogo israelense nas \u00e1reas orientais da cidade, alguns dos quais j\u00e1 haviam come\u00e7ado a se decompor.<\/p>\n<p>Os militares tamb\u00e9m intensificaram os bombardeios a\u00e9reos e de tanques na regi\u00e3o central de Gaza, nos campos de refugiados hist\u00f3ricos de Al-Bureij e Al-Maghazi. Autoridades de sa\u00fade disseram que cinco palestinos foram mortos em um ataque a\u00e9reo israelense a uma casa no campo de Maghazi.<\/p>\n<p>As For\u00e7as Armadas israelenses disseram que as for\u00e7as a\u00e9reas atingiram dezenas de alvos militares palestinos em Gaza, matando muitos homens armados. Acrescentaram que as for\u00e7as mataram homens armados em Rafah e no centro de Gaza, \u00e0s vezes em combate corpo a corpo.<\/p>\n<p>Um comunicado da brigada Al-Quds, o bra\u00e7o armado do grupo militante Jihad Isl\u00e2mica, informou que seus combatentes estavam envolvidos em batalhas ferozes no campo de Yabna, em Rafah.<\/p>\n<p><em><strong>*\u00c9 proibida a reprodu\u00e7\u00e3o deste conte\u00fado<\/strong><\/em><\/p>\n<\/p><\/div>\n<p><br \/>\n<br \/><a href=\"https:\/\/agenciabrasil.ebc.com.br\/internacional\/noticia\/2024-07\/israel-faz-nova-ofensiva-na-faixa-de-gaza-apos-ataque-matar-dezenas\" rel=\"noopener\">Ag\u00eancia Brasil <\/a><\/p>\n","protected":false},"excerpt":{"rendered":"<p>Israel atacou o sul e o centro da Faixa de Gaza nesta segunda-feira (15) para pressionar ainda mais o Hamas, ap\u00f3s um ataque no fim de semana que teve como alvo a lideran\u00e7a do grupo militante e que matou muitos palestinos acampados em uma designada &#8220;zona de seguran\u00e7a&#8221;. Dois dias depois que o ataque israelense [&hellip;]<\/p>\n","protected":false},"author":1,"featured_media":10349,"comment_status":"open","ping_status":"open","sticky":false,"template":"","format":"standard","meta":{"_jetpack_newsletter_access":"","_jetpack_dont_email_post_to_subs":false,"_jetpack_newsletter_tier_id":0,"_jetpack_memberships_contains_paywalled_content":false,"_mbp_banners":[],"_jetpack_feature_clip_id":0,"_jetpack_memberships_contains_paid_content":false,"footnotes":"","jetpack_publicize_message":"","jetpack_publicize_feature_enabled":true,"jetpack_social_post_already_shared":true,"jetpack_social_options":{"image_generator_settings":{"template":"highway","default_image_id":0,"font":"","enabled":false},"version":2},"jetpack_post_was_ever_published":false},"categories":[25],"tags":[],"class_list":["post-10348","post","type-post","status-publish","format-standard","has-post-thumbnail","category-internacional"],"jetpack_publicize_connections":[],"jetpack-related-posts":[],"jetpack_shortlink":"https:\/\/wp.me\/p7Eq1F-2GU","jetpack_sharing_enabled":true,"jetpack_featured_media_url":"https:\/\/i0.wp.com\/guialimeira.com.br\/news\/wp-content\/uploads\/2024\/07\/2024-05-08t111229z_1_lynxmpek470fc_rtroptp_4_israel-palestinians-rafah-displaced.jpg?fit=1600%2C800&ssl=1","_links":{"self":[{"href":"https:\/\/guialimeira.com.br\/news\/wp-json\/wp\/v2\/posts\/10348","targetHints":{"allow":["GET"]}}],"collection":[{"href":"https:\/\/guialimeira.com.br\/news\/wp-json\/wp\/v2\/posts"}],"about":[{"href":"https:\/\/guialimeira.com.br\/news\/wp-json\/wp\/v2\/types\/post"}],"author":[{"embeddable":true,"href":"https:\/\/guialimeira.com.br\/news\/wp-json\/wp\/v2\/users\/1"}],"replies":[{"embeddable":true,"href":"https:\/\/guialimeira.com.br\/news\/wp-json\/wp\/v2\/comments?post=10348"}],"version-history":[{"count":0,"href":"https:\/\/guialimeira.com.br\/news\/wp-json\/wp\/v2\/posts\/10348\/revisions"}],"wp:featuredmedia":[{"embeddable":true,"href":"https:\/\/guialimeira.com.br\/news\/wp-json\/wp\/v2\/media\/10349"}],"wp:attachment":[{"href":"https:\/\/guialimeira.com.br\/news\/wp-json\/wp\/v2\/media?parent=10348"}],"wp:term":[{"taxonomy":"category","embeddable":true,"href":"https:\/\/guialimeira.com.br\/news\/wp-json\/wp\/v2\/categories?post=10348"},{"taxonomy":"post_tag","embeddable":true,"href":"https:\/\/guialimeira.com.br\/news\/wp-json\/wp\/v2\/tags?post=10348"}],"curies":[{"name":"wp","href":"https:\/\/api.w.org\/{rel}","templated":true}]}}