{"id":1034,"date":"2024-04-05T13:39:42","date_gmt":"2024-04-05T16:39:42","guid":{"rendered":"https:\/\/guialimeira.com.br\/2024\/04\/05\/contas-publicas-tem-deficit-de-r-487-bilhoes-em-fevereiro\/"},"modified":"2024-04-05T13:39:42","modified_gmt":"2024-04-05T16:39:42","slug":"contas-publicas-tem-deficit-de-r-487-bilhoes-em-fevereiro","status":"publish","type":"post","link":"https:\/\/guialimeira.com.br\/news\/contas-publicas-tem-deficit-de-r-487-bilhoes-em-fevereiro\/","title":{"rendered":"Contas p\u00fablicas t\u00eam d\u00e9ficit de R$ 48,7 bilh\u00f5es em fevereiro"},"content":{"rendered":"<p> <br \/>\n<\/p>\n<div>\n<p>As contas p\u00fablicas fecharam o m\u00eas de fevereiro com saldo negativo, resultado principalmente do d\u00e9ficit do governo federal, em raz\u00e3o da antecipa\u00e7\u00e3o do <a href=\"https:\/\/agenciabrasil.ebc.com.br\/economia\/noticia\/2024-02\/planejamento-antecipa-r-301-bilhoes-de-precatorios-para-2024\" target=\"_blank\" rel=\"noopener\">pagamento de precat\u00f3rios em 2024<\/a>. O setor p\u00fablico consolidado \u2013 formado pela Uni\u00e3o, pelos estados, munic\u00edpios e empresas estatais \u2013 registrou d\u00e9ficit prim\u00e1rio de R$ 48,692 bilh\u00f5es no m\u00eas de fevereiro, ante d\u00e9ficit de R$ 26,453 bilh\u00f5es no mesmo m\u00eas de 2023.<img data-recalc-dims=\"1\" decoding=\"async\" src=\"https:\/\/i0.wp.com\/agenciabrasil.ebc.com.br\/ebc.png?w=696&#038;ssl=1\" style=\"width:1px; height:1px; display:inline;\"\/><img data-recalc-dims=\"1\" decoding=\"async\" src=\"https:\/\/i0.wp.com\/agenciabrasil.ebc.com.br\/ebc.gif?w=696&#038;ssl=1\" style=\"width:1px; height:1px; display:inline;\"\/><\/p>\n<p>As Estat\u00edsticas Fiscais foram divulgadas nesta sexta-feira (5) pelo Banco Central (BC). O d\u00e9ficit prim\u00e1rio representa o resultado negativo das contas do setor p\u00fablico (despesas menos receitas), desconsiderando o pagamento dos juros da d\u00edvida p\u00fablica.<\/p>\n<p>Nos dois primeiros meses do ano, o setor p\u00fablico consolidado registra super\u00e1vit prim\u00e1rio de R$ 53,455 bilh\u00f5es. Em 12 meses &#8211; encerrados em fevereiro &#8211; as contas acumulam d\u00e9ficit prim\u00e1rio de R$ 268,229 bilh\u00f5es, o que corresponde a 2,44% do Produto Interno Bruto (PIB, a soma de todos os bens e servi\u00e7os produzidos no pa\u00eds).<\/p>\n<p>Em 2023, as contas p\u00fablicas fecharam o ano com d\u00e9ficit prim\u00e1rio de R$ 249,124 bilh\u00f5es, 2,29% do PIB.<\/p>\n<h2>Esferas de governo<\/h2>\n<p>Em fevereiro \u00faltimo, a conta do Governo Central (Previd\u00eancia, Banco Central e Tesouro Nacional) teve d\u00e9ficit prim\u00e1rio de R$ 57,821 bilh\u00f5es ante resultado negativo de R$ 39,238 bilh\u00f5es em fevereiro de 2023. O montante do d\u00e9ficit difere do resultado divulgado pelo Tesouro Nacional, de <a href=\"https:\/\/agenciabrasil.ebc.com.br\/economia\/noticia\/2024-03\/com-precatorios-deficit-primario-subir-para-r-584-bi-em-fevereiro\" target=\"_blank\" rel=\"noopener\">d\u00e9ficit de R$ 58,444 bilh\u00f5es em fevereiro<\/a> porque, al\u00e9m de considerar os governos locais e as estatais, o BC usa metodologia diferente, que leva em conta a varia\u00e7\u00e3o da d\u00edvida dos entes p\u00fablicos.<\/p>\n<p>J\u00e1 os governos estaduais registraram super\u00e1vit no m\u00eas de fevereiro de R$ 7,486 bilh\u00f5es, ante super\u00e1vit de R$ 7,542 bilh\u00f5es em fevereiro do ano passado. Os governos municipais tiveram resultado positivo de R$ 1,160 bilh\u00e3o em fevereiro deste ano. No mesmo m\u00eas de 2023, houve super\u00e1vit de R$ 4,305 bilh\u00f5es para esses entes.<\/p>\n<p>No total, os governos regionais &#8211; estaduais e municipais &#8211; tiveram super\u00e1vit de R$ 8,646 bilh\u00f5es em fevereiro de 2023 contra resultado positivo de R$ 11,847 bilh\u00f5es no mesmo m\u00eas do ano passado.<\/p>\n<p>As empresas estatais federais, estaduais e municipais &#8211; exclu\u00eddas dos grupos Petrobras e Eletrobras &#8211; tiveram super\u00e1vit prim\u00e1rio de R$ 483 milh\u00f5es no m\u00eas de fevereiro, contra super\u00e1vit de R$ 938 milh\u00f5es no mesmo m\u00eas de 2023.<\/p>\n<h2>Despesas com juros<\/h2>\n<p>Os gastos com juros ficaram em R$ 65,166 bilh\u00f5es em fevereiro deste ano, um ligeiro aumento em rela\u00e7\u00e3o aos R$ 64,153 bilh\u00f5es registrados em fevereiro de 2023. J\u00e1 de janeiro para fevereiro de 2024, houve uma redu\u00e7\u00e3o significativa. No primeiro m\u00eas do ano, os gastos com juros foram de R$ 79,914 bilh\u00f5es.<\/p>\n<p>De acordo com o BC, n\u00e3o \u00e9 comum a conta de juros apresentar grande varia\u00e7\u00f5es, especialmente negativas, j\u00e1 que os juros s\u00e3o apropriados por compet\u00eancias, m\u00eas a m\u00eas. Mas nesse resultado, h\u00e1 os efeitos das opera\u00e7\u00f5es do Banco Central no mercado de c\u00e2mbio (<em>swap<\/em> cambial, que \u00e9 a venda de d\u00f3lares no mercado futuro) que, nesse caso, contribu\u00edram para a piora da conta de juros em janeiro. Os resultados dessas opera\u00e7\u00f5es s\u00e3o transferidos para o pagamento dos juros da d\u00edvida p\u00fablica, como receita quando h\u00e1 ganhos e como despesa quando h\u00e1 perdas.<\/p>\n<p>No m\u00eas de janeiro, a conta de <em>swaps<\/em> teve perdas de R$ 10 bilh\u00f5es, enquanto em fevereiro ficou praticamente est\u00e1vel, com perdas de R$ 0,4 bilh\u00f5es. Al\u00e9m disso, o m\u00eas de fevereiro \u00e9 mais curto, com tr\u00eas dias a menos, portanto, menos dias para acumular juros, o que tamb\u00e9m explica essa redu\u00e7\u00e3o em rela\u00e7\u00e3o a janeiro.<\/p>\n<p>O resultado nominal das contas p\u00fablicas \u2013 formado pelo resultado prim\u00e1rio e os gastos com juros \u2013 aumentou na compara\u00e7\u00e3o interanual. Em fevereiro, o d\u00e9ficit nominal ficou em R$ 113,858 bilh\u00f5es contra o resultado negativo de R$ 90,606 bilh\u00f5es em igual m\u00eas de 2023.<\/p>\n<p>Em 12 meses encerrados em fevereiro, o setor p\u00fablico acumula d\u00e9ficit R$ 1,015 trilh\u00e3o, ou 9,24% do PIB, o maior d\u00e9ficit nominal para o per\u00edodo de 12 meses desde janeiro de 2021. O resultado nominal \u00e9 levado em conta pelas ag\u00eancias de classifica\u00e7\u00e3o de risco ao analisar o endividamento de um pa\u00eds, indicador observado por investidores.\u00a0<\/p>\n<h2>D\u00edvida p\u00fablica<\/h2>\n<p>A d\u00edvida l\u00edquida do setor p\u00fablico &#8211; balan\u00e7o entre o total de cr\u00e9ditos e d\u00e9bitos dos governos federal, estaduais e municipais &#8211; chegou a R$ 6,693 trilh\u00f5es em fevereiro, o que corresponde a 60,9% do PIB. Em janeiro, o percentual da d\u00edvida l\u00edquida em rela\u00e7\u00e3o ao PIB estava em 60,1% (R$ 6,565 trilh\u00f5es).<\/p>\n<p>Em fevereiro deste ano, a d\u00edvida bruta do governo geral (DBGG) &#8211; que contabiliza apenas os passivos dos governos federal, estaduais e municipais &#8211; chegou a R$ 8,301 trilh\u00f5es ou 75,5%, com aumento em rela\u00e7\u00e3o ao m\u00eas anterior (R$ 8,210 trilh\u00f5es ou 75,1% do PIB). Assim como o resultado nominal, a d\u00edvida bruta \u00e9 usada para tra\u00e7ar compara\u00e7\u00f5es internacionais.<\/p>\n<\/p><\/div>\n<p><br \/>\n<br \/><a href=\"https:\/\/agenciabrasil.ebc.com.br\/economia\/noticia\/2024-04\/contas-publicas-tem-deficit-de-r-487-bilhoes-em-fevereiro\" rel=\"noopener\">Ag\u00eancia Brasil<\/a><\/p>\n","protected":false},"excerpt":{"rendered":"<p>As contas p\u00fablicas fecharam o m\u00eas de fevereiro com saldo negativo, resultado principalmente do d\u00e9ficit do governo federal, em raz\u00e3o da antecipa\u00e7\u00e3o do pagamento de precat\u00f3rios em 2024. O setor p\u00fablico consolidado \u2013 formado pela Uni\u00e3o, pelos estados, munic\u00edpios e empresas estatais \u2013 registrou d\u00e9ficit prim\u00e1rio de R$ 48,692 bilh\u00f5es no m\u00eas de fevereiro, ante [&hellip;]<\/p>\n","protected":false},"author":1,"featured_media":905,"comment_status":"open","ping_status":"open","sticky":false,"template":"","format":"standard","meta":{"_jetpack_newsletter_access":"","_jetpack_dont_email_post_to_subs":false,"_jetpack_newsletter_tier_id":0,"_jetpack_memberships_contains_paywalled_content":false,"_mbp_banners":[],"_jetpack_feature_clip_id":0,"_jetpack_memberships_contains_paid_content":false,"footnotes":"","jetpack_publicize_message":"","jetpack_publicize_feature_enabled":true,"jetpack_social_post_already_shared":true,"jetpack_social_options":{"image_generator_settings":{"template":"highway","default_image_id":0,"font":"","enabled":false},"version":2},"jetpack_post_was_ever_published":false},"categories":[22],"tags":[],"class_list":["post-1034","post","type-post","status-publish","format-standard","has-post-thumbnail","category-nacional"],"jetpack_publicize_connections":[],"jetpack-related-posts":[],"jetpack_shortlink":"https:\/\/wp.me\/p7Eq1F-gG","jetpack_sharing_enabled":true,"jetpack_featured_media_url":"https:\/\/i0.wp.com\/guialimeira.com.br\/news\/wp-content\/uploads\/2024\/04\/banco_central_economia_0413202012.jpg?fit=1600%2C800&ssl=1","_links":{"self":[{"href":"https:\/\/guialimeira.com.br\/news\/wp-json\/wp\/v2\/posts\/1034","targetHints":{"allow":["GET"]}}],"collection":[{"href":"https:\/\/guialimeira.com.br\/news\/wp-json\/wp\/v2\/posts"}],"about":[{"href":"https:\/\/guialimeira.com.br\/news\/wp-json\/wp\/v2\/types\/post"}],"author":[{"embeddable":true,"href":"https:\/\/guialimeira.com.br\/news\/wp-json\/wp\/v2\/users\/1"}],"replies":[{"embeddable":true,"href":"https:\/\/guialimeira.com.br\/news\/wp-json\/wp\/v2\/comments?post=1034"}],"version-history":[{"count":0,"href":"https:\/\/guialimeira.com.br\/news\/wp-json\/wp\/v2\/posts\/1034\/revisions"}],"wp:featuredmedia":[{"embeddable":true,"href":"https:\/\/guialimeira.com.br\/news\/wp-json\/wp\/v2\/media\/905"}],"wp:attachment":[{"href":"https:\/\/guialimeira.com.br\/news\/wp-json\/wp\/v2\/media?parent=1034"}],"wp:term":[{"taxonomy":"category","embeddable":true,"href":"https:\/\/guialimeira.com.br\/news\/wp-json\/wp\/v2\/categories?post=1034"},{"taxonomy":"post_tag","embeddable":true,"href":"https:\/\/guialimeira.com.br\/news\/wp-json\/wp\/v2\/tags?post=1034"}],"curies":[{"name":"wp","href":"https:\/\/api.w.org\/{rel}","templated":true}]}}