{"id":10326,"date":"2024-07-14T16:36:20","date_gmt":"2024-07-14T19:36:20","guid":{"rendered":"https:\/\/guialimeira.com.br\/2024\/07\/14\/lula-diz-que-israel-segue-sabotando-o-processo-de-paz-no-oriente-medio\/"},"modified":"2024-07-14T16:36:20","modified_gmt":"2024-07-14T19:36:20","slug":"lula-diz-que-israel-segue-sabotando-o-processo-de-paz-no-oriente-medio","status":"publish","type":"post","link":"https:\/\/guialimeira.com.br\/news\/lula-diz-que-israel-segue-sabotando-o-processo-de-paz-no-oriente-medio\/","title":{"rendered":"Lula diz que Israel segue sabotando o processo de paz no Oriente M\u00e9dio"},"content":{"rendered":"<p> <br \/>\n<\/p>\n<div>\n<p>O presidente Luiz In\u00e1cio Lula da Silva criticou neste domingo (14) o governo de Israel por novo ataque \u00e0 Faixa de Gaza. Em manifesta\u00e7\u00e3o nas r<a href=\"https:\/\/x.com\/LulaOficial\/status\/1812546905408446678\" target=\"_blank\" rel=\"noopener\">edes sociais<\/a>, Lula pediu que l\u00edderes pol\u00edticos mundiais n\u00e3o se calem diante do &#8220;massacre intermin\u00e1vel&#8221;.<img data-recalc-dims=\"1\" decoding=\"async\" src=\"https:\/\/i0.wp.com\/agenciabrasil.ebc.com.br\/ebc.png?w=696&#038;ssl=1\" style=\"width:1px; height:1px; display:inline;\"\/><img data-recalc-dims=\"1\" decoding=\"async\" src=\"https:\/\/i0.wp.com\/agenciabrasil.ebc.com.br\/ebc.gif?w=696&#038;ssl=1\" style=\"width:1px; height:1px; display:inline;\"\/><\/p>\n<p>&#8220;O governo de Israel segue sabotando o processo de paz e o cessar-fogo no Oriente M\u00e9dio. O mais recente bombardeio promovido na Faixa de Gaza vitimando centenas de inocentes \u00e9 inadmiss\u00edvel. Agora com mais de 90 v\u00edtimas fatais e quase 300 feridos em tendas que abrigavam crian\u00e7as, idosos, mulheres&#8221;, lamentou o presidente, se referindo a <a href=\"https:\/\/agenciabrasil.ebc.com.br\/internacional\/noticia\/2024-07\/pelo-menos-90-palestinos-morrem-dizem-autoridades-de-gaza\" target=\"_blank\" rel=\"noopener\">ataque ocorrido neste s\u00e1bado<\/a> em zona de designa\u00e7\u00e3o humanit\u00e1ria Al-Mawasi, em Khan Younis.<\/p>\n<p>Para Lula, \u00e9 &#8220;estarrecedor&#8221; que o povo palestino continue sendo punido coletivamente, at\u00e9 mesmo em zonas humanit\u00e1rias delimitadas que deveriam ser protegidas.<br \/>\u00a0<br \/>&#8220;N\u00f3s, l\u00edderes pol\u00edticos do mundo democr\u00e1tico, n\u00e3o podemos nos calar diante desse massacre intermin\u00e1vel. O cessar-fogo e a paz na regi\u00e3o precisam ser prioridades na agenda internacional. Todos os nossos esfor\u00e7os devem estar centrados na garantia da liberta\u00e7\u00e3o dos ref\u00e9ns israelenses e no fim dos ataques \u00e0 Faixa de Gaza.&#8221;<\/p>\n<h2>Viola\u00e7\u00f5es<\/h2>\n<p>Em maio deste ano, o presidente <a href=\"https:\/\/agenciabrasil.ebc.com.br\/politica\/noticia\/2024-05\/lula-retira-embaixador-do-brasil-em-israel\" target=\"_blank\" rel=\"noopener\">Lula removeu de Israel o embaixador Frederico Meyer<\/a>, que ocupava o principal posto da representa\u00e7\u00e3o brasileira em Tel Aviv. Meyer foi transferido para o cargo de representante do Brasil na Confer\u00eancia do Desarmamento, em Genebra, \u00f3rg\u00e3o da Organiza\u00e7\u00e3o das\u00a0Na\u00e7\u00f5es Unidas (ONU). Nenhum diplomata foi indicado para ocupar a embaixada em Tel Aviv.<\/p>\n<p>Desde o ano passado, Lula vem criticando as a\u00e7\u00f5es de Israel na Faixa de Gaza, que considera um genoc\u00eddio contra o povo palestino. Para o governo brasileiro, as a\u00e7\u00f5es em Gaza\u00a0violam sistematicamente os direitos humanos.<\/p>\n<p>O governo israelense nega todas as acusa\u00e7\u00f5es e diz que tem tomado a\u00e7\u00f5es para proteger os civis. O conflito na regi\u00e3o se acirrou depois do ataque do Hamas a Israel em outubro do ano passado. Ap\u00f3s a a\u00e7\u00e3o, Israel iniciou bombardeios na Faixa de Gaza que continuam at\u00e9 hoje e j\u00e1 mataram milhares de pessoas.<\/p>\n<\/p><\/div>\n<p><br \/>\n<br \/><a href=\"https:\/\/agenciabrasil.ebc.com.br\/internacional\/noticia\/2024-07\/lula-diz-que-israel-segue-sabotando-o-processo-de-paz-no-oriente-medio\" rel=\"noopener\">Ag\u00eancia Brasil <\/a><\/p>\n","protected":false},"excerpt":{"rendered":"<p>O presidente Luiz In\u00e1cio Lula da Silva criticou neste domingo (14) o governo de Israel por novo ataque \u00e0 Faixa de Gaza. Em manifesta\u00e7\u00e3o nas redes sociais, Lula pediu que l\u00edderes pol\u00edticos mundiais n\u00e3o se calem diante do &#8220;massacre intermin\u00e1vel&#8221;. &#8220;O governo de Israel segue sabotando o processo de paz e o cessar-fogo no Oriente [&hellip;]<\/p>\n","protected":false},"author":1,"featured_media":10327,"comment_status":"open","ping_status":"open","sticky":false,"template":"","format":"standard","meta":{"_jetpack_newsletter_access":"","_jetpack_dont_email_post_to_subs":false,"_jetpack_newsletter_tier_id":0,"_jetpack_memberships_contains_paywalled_content":false,"_mbp_banners":[],"_jetpack_feature_clip_id":0,"_jetpack_memberships_contains_paid_content":false,"footnotes":"","jetpack_publicize_message":"","jetpack_publicize_feature_enabled":true,"jetpack_social_post_already_shared":true,"jetpack_social_options":{"image_generator_settings":{"template":"highway","default_image_id":0,"font":"","enabled":false},"version":2},"jetpack_post_was_ever_published":false},"categories":[25],"tags":[],"class_list":["post-10326","post","type-post","status-publish","format-standard","has-post-thumbnail","category-internacional"],"jetpack_publicize_connections":[],"jetpack-related-posts":[],"jetpack_shortlink":"https:\/\/wp.me\/p7Eq1F-2Gy","jetpack_sharing_enabled":true,"jetpack_featured_media_url":"https:\/\/i0.wp.com\/guialimeira.com.br\/news\/wp-content\/uploads\/2024\/07\/2024-07-13t163030z_1_lynxmpek6c05q_rtroptp_4_israel-palestinians-1-2.jpg?fit=1600%2C800&ssl=1","_links":{"self":[{"href":"https:\/\/guialimeira.com.br\/news\/wp-json\/wp\/v2\/posts\/10326","targetHints":{"allow":["GET"]}}],"collection":[{"href":"https:\/\/guialimeira.com.br\/news\/wp-json\/wp\/v2\/posts"}],"about":[{"href":"https:\/\/guialimeira.com.br\/news\/wp-json\/wp\/v2\/types\/post"}],"author":[{"embeddable":true,"href":"https:\/\/guialimeira.com.br\/news\/wp-json\/wp\/v2\/users\/1"}],"replies":[{"embeddable":true,"href":"https:\/\/guialimeira.com.br\/news\/wp-json\/wp\/v2\/comments?post=10326"}],"version-history":[{"count":0,"href":"https:\/\/guialimeira.com.br\/news\/wp-json\/wp\/v2\/posts\/10326\/revisions"}],"wp:featuredmedia":[{"embeddable":true,"href":"https:\/\/guialimeira.com.br\/news\/wp-json\/wp\/v2\/media\/10327"}],"wp:attachment":[{"href":"https:\/\/guialimeira.com.br\/news\/wp-json\/wp\/v2\/media?parent=10326"}],"wp:term":[{"taxonomy":"category","embeddable":true,"href":"https:\/\/guialimeira.com.br\/news\/wp-json\/wp\/v2\/categories?post=10326"},{"taxonomy":"post_tag","embeddable":true,"href":"https:\/\/guialimeira.com.br\/news\/wp-json\/wp\/v2\/tags?post=10326"}],"curies":[{"name":"wp","href":"https:\/\/api.w.org\/{rel}","templated":true}]}}