{"id":10304,"date":"2024-07-13T23:19:13","date_gmt":"2024-07-14T02:19:13","guid":{"rendered":"https:\/\/guialimeira.com.br\/2024\/07\/13\/lula-repudia-atentado-contra-donald-trump-inaceitavel\/"},"modified":"2024-07-13T23:19:13","modified_gmt":"2024-07-14T02:19:13","slug":"lula-repudia-atentado-contra-donald-trump-inaceitavel","status":"publish","type":"post","link":"https:\/\/guialimeira.com.br\/news\/lula-repudia-atentado-contra-donald-trump-inaceitavel\/","title":{"rendered":"Lula repudia atentado contra Donald Trump: &#8220;inaceit\u00e1vel&#8221;"},"content":{"rendered":"<p> <br \/>\n<\/p>\n<div>\n<p>O presidente Lula repudiou neste s\u00e1bado (13) o que classificou de atentado contra o ex-presidente Donald Trump. Ele considerou o ato como \u201cinaceit\u00e1vel\u201d.<img data-recalc-dims=\"1\" decoding=\"async\" src=\"https:\/\/i0.wp.com\/agenciabrasil.ebc.com.br\/ebc.png?w=696&#038;ssl=1\" style=\"width:1px; height:1px; display:inline;\"\/><img data-recalc-dims=\"1\" decoding=\"async\" src=\"https:\/\/i0.wp.com\/agenciabrasil.ebc.com.br\/ebc.gif?w=696&#038;ssl=1\" style=\"width:1px; height:1px; display:inline;\"\/><\/p>\n<p>\u201cO atentado contra o ex-presidente Donald Trump deve ser repudiado veementemente por todos os defensores da democracia e do di\u00e1logo na pol\u00edtica. O que vimos hoje \u00e9 inaceit\u00e1vel\u201d, declarou o presidente nas redes sociais.<\/p>\n<div class=\"dnd-widget-wrapper context-medio_4colunas type-image atom-align-left\">\n<div class=\"dnd-atom-rendered\"><!-- scald=392568:medio_4colunas {\"additionalClasses\":\"\"} --><\/p>\n<div class=\"shadow overflow-hidden rounded-lg d-block w-100\">\n            <img data-recalc-dims=\"1\" decoding=\"async\" src=\"https:\/\/i0.wp.com\/agenciabrasil.ebc.com.br\/sites\/default\/files\/thumbnails\/image\/loading_v2.gif?w=696&#038;ssl=1\" data-echo=\"https:\/\/imagens.ebc.com.br\/VFEXhC1nTaMJK9tlCUYkuyj-ALM=\/365x0\/smart\/https:\/\/agenciabrasil.ebc.com.br\/sites\/default\/files\/thumbnails\/image\/2024\/07\/13\/2024-07-13t230240z_779048697_rc2nu8ao8fs8_rtrmadp_3_usa-election-trump-2.jpg?itok=NNjzBMtR\" alt=\"Pensilv\u00e2nia. 13\/07\/2024 O candidato presidencial republicano e ex-presidente dos EUA, Donald Trump, \u00e9 auxiliado por pessoal de seguran\u00e7a ap\u00f3s o tiroteio durante um com\u00edcio de campanha no Butler Farm Show em Butler, Pensilv\u00e2nia, EUA.  cr\u00e9dito- REUTERS\/ TV\" title=\"cr\u00e9dito- REUTERS\/ TV\" class=\"flex-fill img-cover\"\/><br \/>\n        <img data-recalc-dims=\"1\" decoding=\"async\" src=\"https:\/\/i0.wp.com\/imagens.ebc.com.br\/VFEXhC1nTaMJK9tlCUYkuyj-ALM%3D\/365x0\/smart\/https%3A\/\/agenciabrasil.ebc.com.br\/sites\/default\/files\/thumbnails\/image\/2024\/07\/13\/2024-07-13t230240z_779048697_rc2nu8ao8fs8_rtrmadp_3_usa-election-trump-2.jpg?w=696&#038;ssl=1\" alt=\"Pensilv\u00e2nia. 13\/07\/2024 O candidato presidencial republicano e ex-presidente dos EUA, Donald Trump, \u00e9 auxiliado por pessoal de seguran\u00e7a ap\u00f3s o tiroteio durante um com\u00edcio de campanha no Butler Farm Show em Butler, Pensilv\u00e2nia, EUA.  cr\u00e9dito- REUTERS\/ TV\" title=\"cr\u00e9dito- REUTERS\/ TV\" class=\"flex-fill img-cover\"\/>\n    <\/div>\n<p><!-- END scald=392568 --><\/div>\n<div class=\"dnd-caption-wrapper\">\n<p><!--copyright=392568-->Donald Trump, \u00e9 auxiliado por pessoal de seguran\u00e7a ap\u00f3s o tir, por cr\u00e9dito- REUTERS\/ TV<!--END copyright=392568--><\/p>\n<\/div>\n<\/div>\n<p>Neste s\u00e1bado, Trump foi retirado por seguran\u00e7as do palanque onde fazia um com\u00edcio na Pensilv\u00e2nia. Ap\u00f3s sons de tiros, o candidato republicano se abaixou e levantou com sangue na orelha e no rosto.<\/p>\n<p>O local do com\u00edcio foi abandonado com cadeiras derrubadas e fita policial amarela ao redor do palco. O caso est\u00e1 sob investiga\u00e7\u00e3o.<\/p>\n<p>Com informa\u00e7\u00f5es da Reuters<\/p>\n<\/p><\/div>\n<p><br \/>\n<br \/><a href=\"https:\/\/agenciabrasil.ebc.com.br\/internacional\/noticia\/2024-07\/lula-repudia-atentado-contra-donald-trump-inaceitavel\" rel=\"noopener\">Ag\u00eancia Brasil <\/a><\/p>\n","protected":false},"excerpt":{"rendered":"<p>O presidente Lula repudiou neste s\u00e1bado (13) o que classificou de atentado contra o ex-presidente Donald Trump. Ele considerou o ato como \u201cinaceit\u00e1vel\u201d. \u201cO atentado contra o ex-presidente Donald Trump deve ser repudiado veementemente por todos os defensores da democracia e do di\u00e1logo na pol\u00edtica. O que vimos hoje \u00e9 inaceit\u00e1vel\u201d, declarou o presidente nas [&hellip;]<\/p>\n","protected":false},"author":1,"featured_media":10305,"comment_status":"open","ping_status":"open","sticky":false,"template":"","format":"standard","meta":{"_jetpack_newsletter_access":"","_jetpack_dont_email_post_to_subs":false,"_jetpack_newsletter_tier_id":0,"_jetpack_memberships_contains_paywalled_content":false,"_mbp_banners":[],"_jetpack_feature_clip_id":0,"_jetpack_memberships_contains_paid_content":false,"footnotes":"","jetpack_publicize_message":"","jetpack_publicize_feature_enabled":true,"jetpack_social_post_already_shared":true,"jetpack_social_options":{"image_generator_settings":{"template":"highway","default_image_id":0,"font":"","enabled":false},"version":2},"jetpack_post_was_ever_published":false},"categories":[25],"tags":[],"class_list":["post-10304","post","type-post","status-publish","format-standard","has-post-thumbnail","category-internacional"],"jetpack_publicize_connections":[],"jetpack-related-posts":[],"jetpack_shortlink":"https:\/\/wp.me\/p7Eq1F-2Gc","jetpack_sharing_enabled":true,"jetpack_featured_media_url":"https:\/\/i0.wp.com\/guialimeira.com.br\/news\/wp-content\/uploads\/2024\/07\/03062024-pzzb4075.jpg?fit=1600%2C800&ssl=1","_links":{"self":[{"href":"https:\/\/guialimeira.com.br\/news\/wp-json\/wp\/v2\/posts\/10304","targetHints":{"allow":["GET"]}}],"collection":[{"href":"https:\/\/guialimeira.com.br\/news\/wp-json\/wp\/v2\/posts"}],"about":[{"href":"https:\/\/guialimeira.com.br\/news\/wp-json\/wp\/v2\/types\/post"}],"author":[{"embeddable":true,"href":"https:\/\/guialimeira.com.br\/news\/wp-json\/wp\/v2\/users\/1"}],"replies":[{"embeddable":true,"href":"https:\/\/guialimeira.com.br\/news\/wp-json\/wp\/v2\/comments?post=10304"}],"version-history":[{"count":0,"href":"https:\/\/guialimeira.com.br\/news\/wp-json\/wp\/v2\/posts\/10304\/revisions"}],"wp:featuredmedia":[{"embeddable":true,"href":"https:\/\/guialimeira.com.br\/news\/wp-json\/wp\/v2\/media\/10305"}],"wp:attachment":[{"href":"https:\/\/guialimeira.com.br\/news\/wp-json\/wp\/v2\/media?parent=10304"}],"wp:term":[{"taxonomy":"category","embeddable":true,"href":"https:\/\/guialimeira.com.br\/news\/wp-json\/wp\/v2\/categories?post=10304"},{"taxonomy":"post_tag","embeddable":true,"href":"https:\/\/guialimeira.com.br\/news\/wp-json\/wp\/v2\/tags?post=10304"}],"curies":[{"name":"wp","href":"https:\/\/api.w.org\/{rel}","templated":true}]}}