{"id":10302,"date":"2024-07-13T22:25:16","date_gmt":"2024-07-14T01:25:16","guid":{"rendered":"https:\/\/guialimeira.com.br\/2024\/07\/13\/ginastica-ritmica-brasil-e-prata-em-ultima-competicao-antes-de-paris\/"},"modified":"2024-07-13T22:25:16","modified_gmt":"2024-07-14T01:25:16","slug":"ginastica-ritmica-brasil-e-prata-em-ultima-competicao-antes-de-paris","status":"publish","type":"post","link":"https:\/\/guialimeira.com.br\/news\/ginastica-ritmica-brasil-e-prata-em-ultima-competicao-antes-de-paris\/","title":{"rendered":"Gin\u00e1stica r\u00edtmica: Brasil \u00e9 prata em \u00faltima competi\u00e7\u00e3o antes de Paris"},"content":{"rendered":"<p> <br \/>\n<\/p>\n<div>\n<p>A 12 dias da Olimp\u00edada de Paris, a equipe brasileira de gin\u00e1stica r\u00edtmica faturou a medalha de prata na disputa do conjunto geral da etapa da Copa do Mundo em Cluj-Napoca (Rom\u00eania), \u00faltima competi\u00e7\u00e3o antes da abertura dos Jogos. Quem tamb\u00e9m brilhou foi a curitibana B\u00e1rbara Domingos, classificada para as finais dos quatro aparelhos (bola, arco, ma\u00e7as e fita), programadas para ocorrer a partir das 8h (hor\u00e1rio de Bras\u00edlia) deste domingo (14).<img data-recalc-dims=\"1\" decoding=\"async\" src=\"https:\/\/i0.wp.com\/agenciabrasil.ebc.com.br\/ebc.png?w=696&#038;ssl=1\" style=\"width:1px; height:1px; display:inline;\"\/><img data-recalc-dims=\"1\" decoding=\"async\" src=\"https:\/\/i0.wp.com\/agenciabrasil.ebc.com.br\/ebc.gif?w=696&#038;ssl=1\" style=\"width:1px; height:1px; display:inline;\"\/><\/p>\n<blockquote class=\"twitter-tweet\">\n<p dir=\"ltr\" lang=\"pt\" xml:lang=\"pt\">Tem jeito n\u00e3o! As leoas t\u00e3o ON DEMAIS!!! \ud83d\udd1b\ud83e\udd81<br \/>No dia \u270c\ud83c\udffc da Copa do Mundo de Cluj-Napoca, na Rom\u00eania \ud83c\uddf7\ud83c\uddf4, a nossa Sele\u00e7\u00e3o de Conjunto<br \/>brilhou mais uma vez! Dessa vez foi com a s\u00e9rie mista e sua ode ao Brasil! \ud83e\udd73\ud83c\udf89\ud83d\udc83\ud83c\udffb<\/p>\n<p>A nota dessa s\u00e9rie?! 34.100!!! \ud83d\udd1d\ud83d\udd1d\ud83d\udd1d<br \/>Que espet\u00e1culo! Ser\u00e1 que\u2026 <a href=\"https:\/\/t.co\/EilQdldnPy\">pic.twitter.com\/EilQdldnPy<\/a><\/p>\n<p>\u2014 Confedera\u00e7\u00e3o Brasileira de Gin\u00e1stica (@cbginastica) <a href=\"https:\/\/twitter.com\/cbginastica\/status\/1812137584526541169?ref_src=twsrc%5Etfw\" rel=\"noopener\">July 13, 2024<\/a><\/p><\/blockquote>\n<p>O conjunto\u00a0brasileiro, que se autodenomina \u201cLeoas\u201d, \u00e9 formado por Sofia Madeira, D\u00e9borah Medrado, Duda Arakaki, Nicole Pircio e Vict\u00f3ria Borges. O quinteto\u00a0somou 71.850 pontos, ficando atr\u00e1s apenas da campe\u00e3 Bulg\u00e1ria (73.650), uma das principais pot\u00eancias na modalidade. O bronze ficou com de Israel (71.000). A equipe brasileira volta a competir neste domingo (14) nas finais das s\u00e9ries.<\/p>\n<p>\u201cO Brasil chegou. \u00c9 isso. N\u00f3s chegamos, estamos aqui, dissemos a que viemos. Muit\u00edssimo importante esta medalha de prata no geral. E devo dizer que tivemos duas falhas graves, uma em cada s\u00e9rie. Nos cinco arcos, perdemos o valor de uma colabora\u00e7\u00e3o, porque n\u00e3o foi realizada uma passagem de atleta por dentro do arco. Perdemos 0,80 a\u00ed. No misto, uma bola caiu no ch\u00e3o, e fomos penalizadas em 0,50. Tivemos nota alta no geral porque fizemos ajustes. Elevamos o grau de dificuldade na s\u00e9rie de arcos. Colocamos na cabe\u00e7a que, na Olimp\u00edada, todos os advers\u00e1rios v\u00e3o acertar tudo. E a\u00ed o que decidir\u00e1 ser\u00e1 o n\u00edvel de dificuldade\u201d, analisou Camila Ferezin, treinadora do conjunto brasileiro.<\/p>\n<blockquote class=\"instagram-media\" data-instgrm-captioned=\"\" data-instgrm-permalink=\"https:\/\/www.instagram.com\/reel\/C9XXlIkRJ_4\/?utm_source=ig_embed&amp;utm_campaign=loading\" data-instgrm-version=\"14\" style=\" background:#FFF; border:0; border-radius:3px; box-shadow:0 0 1px 0 rgba(0,0,0,0.5),0 1px 10px 0 rgba(0,0,0,0.15); margin: 1px; max-width:540px; min-width:326px; padding:0; width:99.375%; width:-webkit-calc(100% - 2px); width:calc(100% - 2px);\">\n<\/blockquote>\n<p>O s\u00e1bado (13) tamb\u00e9m foi bom para B\u00e1rbara Domingos, a Babi, sexta colocada na fase classificat\u00f3ria da disputa individual, a melhor posi\u00e7\u00e3o de uma brasileira na hist\u00f3ria da Copa do Mundo. Ao totalizar 133.100 pontos, B\u00e1rbara avan\u00e7ou \u00e0s finais dos quatro aparelhos (bola, arco, ma\u00e7as e fita), programadas para ocorrer a partir das 8h (hor\u00e1rio de Bras\u00edlia) deste domingo (14).<\/p>\n<p>\u201cEla j\u00e1 competiu com tr\u00eas boas s\u00e9ries e alguma falha num ou noutro aparelho\u201d, disse M\u00e1rcia Naves, treinadora de Babi. \u201cO nosso trabalho foi feito com maestria e compet\u00eancia. Nos Jogos Ol\u00edmpicos, n\u00e3o basta ser especialista em um aparelho. A ginasta deve ser completa e est\u00e1vel nos quatro. \u00c9 isso que trabalhamos e \u00e9 isso que mostramos aqui\u201d, concluiu a t\u00e9cnica.<\/p>\n<\/p><\/div>\n<p><script async src=\"\/\/platform.twitter.com\/widgets.js\" charset=\"utf-8\"><\/script><script async src=\"\/\/www.instagram.com\/embed.js\"><\/script><br \/>\n<br \/><br \/>\n<br \/><a href=\"https:\/\/agenciabrasil.ebc.com.br\/esportes\/noticia\/2024-07\/ginastica-ritmica-brasil-e-prata-em-ultima-competicao-antes-de-paris\" rel=\"noopener\">Ag\u00eancia Brasil<\/a><\/p>\n","protected":false},"excerpt":{"rendered":"<p>A 12 dias da Olimp\u00edada de Paris, a equipe brasileira de gin\u00e1stica r\u00edtmica faturou a medalha de prata na disputa do conjunto geral da etapa da Copa do Mundo em Cluj-Napoca (Rom\u00eania), \u00faltima competi\u00e7\u00e3o antes da abertura dos Jogos. Quem tamb\u00e9m brilhou foi a curitibana B\u00e1rbara Domingos, classificada para as finais dos quatro aparelhos (bola, [&hellip;]<\/p>\n","protected":false},"author":1,"featured_media":10303,"comment_status":"open","ping_status":"open","sticky":false,"template":"","format":"standard","meta":{"_jetpack_newsletter_access":"","_jetpack_dont_email_post_to_subs":false,"_jetpack_newsletter_tier_id":0,"_jetpack_memberships_contains_paywalled_content":false,"_mbp_banners":[],"_jetpack_feature_clip_id":0,"_jetpack_memberships_contains_paid_content":false,"footnotes":"","jetpack_publicize_message":"","jetpack_publicize_feature_enabled":true,"jetpack_social_post_already_shared":true,"jetpack_social_options":{"image_generator_settings":{"template":"highway","default_image_id":0,"font":"","enabled":false},"version":2},"jetpack_post_was_ever_published":false},"categories":[23],"tags":[],"class_list":["post-10302","post","type-post","status-publish","format-standard","has-post-thumbnail","category-esportes"],"jetpack_publicize_connections":[],"jetpack-related-posts":[],"jetpack_shortlink":"https:\/\/wp.me\/p7Eq1F-2Ga","jetpack_sharing_enabled":true,"jetpack_featured_media_url":"https:\/\/i0.wp.com\/guialimeira.com.br\/news\/wp-content\/uploads\/2024\/07\/ginasatica_ritmica_prata_romeia_2024.jpg?fit=1600%2C800&ssl=1","_links":{"self":[{"href":"https:\/\/guialimeira.com.br\/news\/wp-json\/wp\/v2\/posts\/10302","targetHints":{"allow":["GET"]}}],"collection":[{"href":"https:\/\/guialimeira.com.br\/news\/wp-json\/wp\/v2\/posts"}],"about":[{"href":"https:\/\/guialimeira.com.br\/news\/wp-json\/wp\/v2\/types\/post"}],"author":[{"embeddable":true,"href":"https:\/\/guialimeira.com.br\/news\/wp-json\/wp\/v2\/users\/1"}],"replies":[{"embeddable":true,"href":"https:\/\/guialimeira.com.br\/news\/wp-json\/wp\/v2\/comments?post=10302"}],"version-history":[{"count":0,"href":"https:\/\/guialimeira.com.br\/news\/wp-json\/wp\/v2\/posts\/10302\/revisions"}],"wp:featuredmedia":[{"embeddable":true,"href":"https:\/\/guialimeira.com.br\/news\/wp-json\/wp\/v2\/media\/10303"}],"wp:attachment":[{"href":"https:\/\/guialimeira.com.br\/news\/wp-json\/wp\/v2\/media?parent=10302"}],"wp:term":[{"taxonomy":"category","embeddable":true,"href":"https:\/\/guialimeira.com.br\/news\/wp-json\/wp\/v2\/categories?post=10302"},{"taxonomy":"post_tag","embeddable":true,"href":"https:\/\/guialimeira.com.br\/news\/wp-json\/wp\/v2\/tags?post=10302"}],"curies":[{"name":"wp","href":"https:\/\/api.w.org\/{rel}","templated":true}]}}