{"id":10288,"date":"2024-07-13T17:20:13","date_gmt":"2024-07-13T20:20:13","guid":{"rendered":"https:\/\/guialimeira.com.br\/2024\/07\/13\/tobias-goleiro-da-invasao-corintiana-no-maracana-morre-aos-75-anos\/"},"modified":"2024-07-13T17:20:13","modified_gmt":"2024-07-13T20:20:13","slug":"tobias-goleiro-da-invasao-corintiana-no-maracana-morre-aos-75-anos","status":"publish","type":"post","link":"https:\/\/guialimeira.com.br\/news\/tobias-goleiro-da-invasao-corintiana-no-maracana-morre-aos-75-anos\/","title":{"rendered":"Tobias, goleiro da invas\u00e3o corintiana no Maracan\u00e3, morre aos 75 anos"},"content":{"rendered":"<p> <br \/>\n<\/p>\n<div>\n<p>O ex-goleiro Jos\u00e9 Benedito Tobias, que se tornou \u00eddolo do Corinthians nos anos de 1970, morreu neste s\u00e1bado (13), aos 75 anos. Em <a href=\"https:\/\/www.corinthians.com.br\/noticias\/nota-de-pesar-tobias\" rel=\"noopener\"><strong>nota de pesar <\/strong><\/a>publicada pelo clube\u00a0n\u00e3o foi revelada a causa da morte. Tobias protagonizou a \u201cinvas\u00e3o corintiana no Maracan\u00e3\u201d, como ficou conhecida a emocionante classifica\u00e7\u00e3o do Tim\u00e3o \u00e0 final do Campeonato Brasileiro de 1976. Na \u00e9poca, ap\u00f3s empate em 1 a 1 com o Fluminense no tempo normal, Tobias virou her\u00f3i corintiano ao defender duas cobran\u00e7as na disputa por p\u00eanaltis, assegurando o Tim\u00e3o na decis\u00e3o do t\u00edtulo.<img data-recalc-dims=\"1\" decoding=\"async\" src=\"https:\/\/i0.wp.com\/agenciabrasil.ebc.com.br\/ebc.png?w=696&#038;ssl=1\" style=\"width:1px; height:1px; display:inline;\"\/><img data-recalc-dims=\"1\" decoding=\"async\" src=\"https:\/\/i0.wp.com\/agenciabrasil.ebc.com.br\/ebc.gif?w=696&#038;ssl=1\" style=\"width:1px; height:1px; display:inline;\"\/><\/p>\n<blockquote class=\"twitter-tweet\">\n<p dir=\"ltr\" lang=\"pt\" xml:lang=\"pt\">O Sport Club Corinthians Paulista lamenta, com imenso pesar, o falecimento de Tobias, goleiro campe\u00e3o paulista com o Tim\u00e3o no hist\u00f3rico t\u00edtulo de 1977. \ud83d\udda4<\/p>\n<p>Goleiro alvinegro na Invas\u00e3o Corinthiana no Maracan\u00e3, na semifinal do Campeonato Brasileiro de 1976, Tobias defendeu duas\u2026 <a href=\"https:\/\/t.co\/ZskwwcL5sZ\">pic.twitter.com\/ZskwwcL5sZ<\/a><\/p>\n<p>\u2014 Corinthians (@Corinthians) <a href=\"https:\/\/twitter.com\/Corinthians\/status\/1812126620796477700?ref_src=twsrc%5Etfw\" rel=\"noopener\">July 13, 2024<\/a><\/p><\/blockquote>\n<p>Outra atua\u00e7\u00e3o decisiva de Tobias foi na conquista da ta\u00e7a do Paulist\u00e3o de 1977, quando o Tim\u00e3o derrotou a Ponte Preta por 1 a 0, encerrando um jejum de 23 anos sem t\u00edtulos estaduais.<\/p>\n<p>Nascido em Agudos, cidade do interior paulista, Tobias estreou no Tim\u00e3o em outubro de 1975, quando o clube derrotou o Moto Club-MA (3 a 0), em partida do Brasileir\u00e3o. O goleiro permaneceu no Alvinegro at\u00e9 1978, totalizando 125 jogos at\u00e9 a \u00faltima partida em maio de 1978. Depois Tobias deixou o clube ao ser contratado pelo Athletico Paranaense. Na sequ\u00eancia, o goleiro defendeu o\u00a0Fluminense e passou por Bangu\u00a0e Jalense-SP, antes de encerrar a carreira em 1986.\u00a0<\/p>\n<\/p><\/div>\n<p><script async src=\"\/\/platform.twitter.com\/widgets.js\" charset=\"utf-8\"><\/script><br \/>\n<br \/><br \/>\n<br \/><a href=\"https:\/\/agenciabrasil.ebc.com.br\/esportes\/noticia\/2024-07\/tobias-goleiro-da-invasao-corintiana-no-maracana-morre-aos-75-anos\" rel=\"noopener\">Ag\u00eancia Brasil<\/a><\/p>\n","protected":false},"excerpt":{"rendered":"<p>O ex-goleiro Jos\u00e9 Benedito Tobias, que se tornou \u00eddolo do Corinthians nos anos de 1970, morreu neste s\u00e1bado (13), aos 75 anos. Em nota de pesar publicada pelo clube\u00a0n\u00e3o foi revelada a causa da morte. Tobias protagonizou a \u201cinvas\u00e3o corintiana no Maracan\u00e3\u201d, como ficou conhecida a emocionante classifica\u00e7\u00e3o do Tim\u00e3o \u00e0 final do Campeonato Brasileiro [&hellip;]<\/p>\n","protected":false},"author":1,"featured_media":10289,"comment_status":"open","ping_status":"open","sticky":false,"template":"","format":"standard","meta":{"_jetpack_newsletter_access":"","_jetpack_dont_email_post_to_subs":false,"_jetpack_newsletter_tier_id":0,"_jetpack_memberships_contains_paywalled_content":false,"_mbp_banners":[],"_jetpack_feature_clip_id":0,"_jetpack_memberships_contains_paid_content":false,"footnotes":"","jetpack_publicize_message":"","jetpack_publicize_feature_enabled":true,"jetpack_social_post_already_shared":true,"jetpack_social_options":{"image_generator_settings":{"template":"highway","default_image_id":0,"font":"","enabled":false},"version":2},"jetpack_post_was_ever_published":false},"categories":[23],"tags":[],"class_list":["post-10288","post","type-post","status-publish","format-standard","has-post-thumbnail","category-esportes"],"jetpack_publicize_connections":[],"jetpack-related-posts":[],"jetpack_shortlink":"https:\/\/wp.me\/p7Eq1F-2FW","jetpack_sharing_enabled":true,"jetpack_featured_media_url":"https:\/\/i0.wp.com\/guialimeira.com.br\/news\/wp-content\/uploads\/2024\/07\/tobias_goleiro_corinthians_casa_do_povo_2022.jpg?fit=1600%2C800&ssl=1","_links":{"self":[{"href":"https:\/\/guialimeira.com.br\/news\/wp-json\/wp\/v2\/posts\/10288","targetHints":{"allow":["GET"]}}],"collection":[{"href":"https:\/\/guialimeira.com.br\/news\/wp-json\/wp\/v2\/posts"}],"about":[{"href":"https:\/\/guialimeira.com.br\/news\/wp-json\/wp\/v2\/types\/post"}],"author":[{"embeddable":true,"href":"https:\/\/guialimeira.com.br\/news\/wp-json\/wp\/v2\/users\/1"}],"replies":[{"embeddable":true,"href":"https:\/\/guialimeira.com.br\/news\/wp-json\/wp\/v2\/comments?post=10288"}],"version-history":[{"count":0,"href":"https:\/\/guialimeira.com.br\/news\/wp-json\/wp\/v2\/posts\/10288\/revisions"}],"wp:featuredmedia":[{"embeddable":true,"href":"https:\/\/guialimeira.com.br\/news\/wp-json\/wp\/v2\/media\/10289"}],"wp:attachment":[{"href":"https:\/\/guialimeira.com.br\/news\/wp-json\/wp\/v2\/media?parent=10288"}],"wp:term":[{"taxonomy":"category","embeddable":true,"href":"https:\/\/guialimeira.com.br\/news\/wp-json\/wp\/v2\/categories?post=10288"},{"taxonomy":"post_tag","embeddable":true,"href":"https:\/\/guialimeira.com.br\/news\/wp-json\/wp\/v2\/tags?post=10288"}],"curies":[{"name":"wp","href":"https:\/\/api.w.org\/{rel}","templated":true}]}}