{"id":10285,"date":"2024-07-13T17:07:13","date_gmt":"2024-07-13T20:07:13","guid":{"rendered":"https:\/\/guialimeira.com.br\/2024\/07\/13\/saude-recomenda-atencao-para-casos-de-febre-oropouche-no-pais\/"},"modified":"2024-07-13T17:07:13","modified_gmt":"2024-07-13T20:07:13","slug":"saude-recomenda-atencao-para-casos-de-febre-oropouche-no-pais","status":"publish","type":"post","link":"https:\/\/guialimeira.com.br\/news\/saude-recomenda-atencao-para-casos-de-febre-oropouche-no-pais\/","title":{"rendered":"Sa\u00fade recomenda aten\u00e7\u00e3o para casos de febre Oropouche no pa\u00eds"},"content":{"rendered":"<p> <br \/>\n<\/p>\n<div>\n<p>Uma recomenda\u00e7\u00e3o aos estados e os munic\u00edpios para que intensifiquem a vigil\u00e2ncia em sa\u00fade para a possibilidade de transmiss\u00e3o vertical do v\u00edrus Oropouche foi emitida nesta semana\u00a0pelo Minist\u00e9rio da Sa\u00fade (MS).<img data-recalc-dims=\"1\" decoding=\"async\" src=\"https:\/\/i0.wp.com\/agenciabrasil.ebc.com.br\/ebc.png?w=696&#038;ssl=1\" style=\"width:1px; height:1px; display:inline;\"\/><img data-recalc-dims=\"1\" decoding=\"async\" src=\"https:\/\/i0.wp.com\/agenciabrasil.ebc.com.br\/ebc.gif?w=696&#038;ssl=1\" style=\"width:1px; height:1px; display:inline;\"\/><\/p>\n<p>Segundo a pasta, a medida foi adotada ap\u00f3s o Instituto Evandro Chagas do MS detectar presen\u00e7a do anticorpo do v\u00edrus em amostras de um caso de abortamento e quatro casos de microcefalia. \u201cSignifica que o v\u00edrus \u00e9 passado da gestante para o feto, mas n\u00e3o \u00e9 poss\u00edvel afirmar que haja rela\u00e7\u00e3o entre a infec\u00e7\u00e3o e o \u00f3bito e as malforma\u00e7\u00f5es neurol\u00f3gicas\u201d, disse o minist\u00e9rio em nota divulgada na\u00a0quinta-feira (11).<\/p>\n<p>No documento, a pasta orienta que estados e munic\u00edpios tamb\u00e9m intensifiquem a vigil\u00e2ncia nos meses finais da gesta\u00e7\u00e3o e no acompanhamento dos beb\u00eas de mulheres que tiveram infec\u00e7\u00f5es por dengue, Zika e Chikungunya ou febre de Oropouche. O minist\u00e9rio recomenda ainda coletas de amostras e preenchimento da ficha de notifica\u00e7\u00e3o; que se alerte a popula\u00e7\u00e3o sobre medidas de prote\u00e7\u00e3o a gestantes, como evitar \u00e1reas com a presen\u00e7a de maruins (tipo de inseto) e mosquitos, instalar telas em portas e janelas, usar roupas que cubram a maior parte do corpo e aplicar repelente.<\/p>\n<p>Segundo as informa\u00e7\u00f5es, o servi\u00e7o de detec\u00e7\u00e3o de casos de Oropouche foi ampliado para todo o pa\u00eds em 2023, ap\u00f3s o Minist\u00e9rio da Sa\u00fade disponibilizar testes diagn\u00f3sticos para toda a rede nacional de Laborat\u00f3rios Centrais de Sa\u00fade P\u00fablica (Lacen). Com isso, os casos, at\u00e9 ent\u00e3o concentrados prioritariamente na Regi\u00e3o Norte, passaram a ser identificados tamb\u00e9m em outras regi\u00f5es do pa\u00eds.<\/p>\n<p>\u201cA descoberta refor\u00e7a a efici\u00eancia da vigil\u00e2ncia epidemiol\u00f3gica no SUS, principalmente em rela\u00e7\u00e3o a poss\u00edveis transmiss\u00e3o vertical de doen\u00e7as, fundamental para antecipar diagn\u00f3sticos e proteger gestantes e rec\u00e9m-nascidos\u201d, informou o minist\u00e9rio.<\/p>\n<h2>Sintomas<\/h2>\n<p>A febre Oropouche \u00e9 uma doen\u00e7a causada pelo arbov\u00edrus Orthobunyavirus oropoucheense (OROV). Entre os sintomas est\u00e3o febre de in\u00edcio repentino, dor de cabe\u00e7a, dores musculares e nas articula\u00e7\u00f5es, al\u00e9m de tontura, dor na parte posterior dos olhos, calafrios, n\u00e1useas, v\u00f4mitos. Em cerca de 60% dos pacientes, algumas manifesta\u00e7\u00f5es, como febre e dor de cabe\u00e7a persistem por duas semanas. N\u00e3o h\u00e1 tratamento para a doen\u00e7a. A preven\u00e7\u00e3o \u00e9 feita a partir da prote\u00e7\u00e3o contra os mosquitos transmissores.<\/p>\n<p>A febre Oropouche foi identificada pela primeira vez no Brasil em 1960. Depois disso, foram relatados casos isolados e surtos, principalmente na regi\u00e3o amaz\u00f4nica. Tamb\u00e9m ocorreram registros da doen\u00e7a no Panam\u00e1, na Argentina, Bol\u00edvia, no Equador, Peru e na Venezuela. Com a amplia\u00e7\u00e3o da investiga\u00e7\u00e3o da infec\u00e7\u00e3o no pa\u00eds, foram confirmados 7.044 casos, com transmiss\u00e3o local\u00a0em 16 estados.<\/p>\n<\/p><\/div>\n<p><br \/>\n<br \/><a href=\"https:\/\/agenciabrasil.ebc.com.br\/saude\/noticia\/2024-07\/saude-recomenda-atencao-para-casos-de-febre-oropouche-no-pais\" rel=\"noopener\">Ag\u00eancia Brasil <\/a><\/p>\n","protected":false},"excerpt":{"rendered":"<p>Uma recomenda\u00e7\u00e3o aos estados e os munic\u00edpios para que intensifiquem a vigil\u00e2ncia em sa\u00fade para a possibilidade de transmiss\u00e3o vertical do v\u00edrus Oropouche foi emitida nesta semana\u00a0pelo Minist\u00e9rio da Sa\u00fade (MS). Segundo a pasta, a medida foi adotada ap\u00f3s o Instituto Evandro Chagas do MS detectar presen\u00e7a do anticorpo do v\u00edrus em amostras de um [&hellip;]<\/p>\n","protected":false},"author":1,"featured_media":10286,"comment_status":"open","ping_status":"open","sticky":false,"template":"","format":"standard","meta":{"_jetpack_newsletter_access":"","_jetpack_dont_email_post_to_subs":false,"_jetpack_newsletter_tier_id":0,"_jetpack_memberships_contains_paywalled_content":false,"_mbp_banners":[],"_jetpack_feature_clip_id":0,"_jetpack_memberships_contains_paid_content":false,"footnotes":"","jetpack_publicize_message":"","jetpack_publicize_feature_enabled":true,"jetpack_social_post_already_shared":true,"jetpack_social_options":{"image_generator_settings":{"template":"highway","default_image_id":0,"font":"","enabled":false},"version":2},"jetpack_post_was_ever_published":false},"categories":[15],"tags":[],"class_list":["post-10285","post","type-post","status-publish","format-standard","has-post-thumbnail","category-saude"],"jetpack_publicize_connections":[],"jetpack-related-posts":[],"jetpack_shortlink":"https:\/\/wp.me\/p7Eq1F-2FT","jetpack_sharing_enabled":true,"jetpack_featured_media_url":"https:\/\/i0.wp.com\/guialimeira.com.br\/news\/wp-content\/uploads\/2024\/07\/vac_abr0509234177.jpg?fit=1600%2C800&ssl=1","_links":{"self":[{"href":"https:\/\/guialimeira.com.br\/news\/wp-json\/wp\/v2\/posts\/10285","targetHints":{"allow":["GET"]}}],"collection":[{"href":"https:\/\/guialimeira.com.br\/news\/wp-json\/wp\/v2\/posts"}],"about":[{"href":"https:\/\/guialimeira.com.br\/news\/wp-json\/wp\/v2\/types\/post"}],"author":[{"embeddable":true,"href":"https:\/\/guialimeira.com.br\/news\/wp-json\/wp\/v2\/users\/1"}],"replies":[{"embeddable":true,"href":"https:\/\/guialimeira.com.br\/news\/wp-json\/wp\/v2\/comments?post=10285"}],"version-history":[{"count":0,"href":"https:\/\/guialimeira.com.br\/news\/wp-json\/wp\/v2\/posts\/10285\/revisions"}],"wp:featuredmedia":[{"embeddable":true,"href":"https:\/\/guialimeira.com.br\/news\/wp-json\/wp\/v2\/media\/10286"}],"wp:attachment":[{"href":"https:\/\/guialimeira.com.br\/news\/wp-json\/wp\/v2\/media?parent=10285"}],"wp:term":[{"taxonomy":"category","embeddable":true,"href":"https:\/\/guialimeira.com.br\/news\/wp-json\/wp\/v2\/categories?post=10285"},{"taxonomy":"post_tag","embeddable":true,"href":"https:\/\/guialimeira.com.br\/news\/wp-json\/wp\/v2\/tags?post=10285"}],"curies":[{"name":"wp","href":"https:\/\/api.w.org\/{rel}","templated":true}]}}