{"id":1027,"date":"2024-04-05T12:14:49","date_gmt":"2024-04-05T15:14:49","guid":{"rendered":"https:\/\/guialimeira.com.br\/2024\/04\/05\/saiba-os-horarios-das-provas-do-concurso-nacional-unificado\/"},"modified":"2024-04-05T12:14:49","modified_gmt":"2024-04-05T15:14:49","slug":"saiba-os-horarios-das-provas-do-concurso-nacional-unificado","status":"publish","type":"post","link":"https:\/\/guialimeira.com.br\/news\/saiba-os-horarios-das-provas-do-concurso-nacional-unificado\/","title":{"rendered":"Saiba os hor\u00e1rios das provas do Concurso Nacional Unificado"},"content":{"rendered":"<p> <br \/>\n<\/p>\n<div>\n<p>Os mais de 2,5 milh\u00f5es de candidatos inscritos no Concurso P\u00fablico Nacional Unificado j\u00e1 podem consultar os hor\u00e1rios de abertura dos port\u00f5es e locais de aplica\u00e7\u00e3o das provas, que ocorrer\u00e3o no domingo dia 5 de maio.<\/p>\n<p>Segundo o Minist\u00e9rio da Gest\u00e3o e da Inova\u00e7\u00e3o em Servi\u00e7os P\u00fablicos (MGI), no per\u00edodo da manh\u00e3, os port\u00f5es ser\u00e3o abertos \u00e0s 7h30 (hor\u00e1rio de Bras\u00edlia) e fechados, pontualmente, \u00e0s 8h30. A prova ter\u00e1 in\u00edcio \u00e0s 9h, com dura\u00e7\u00e3o de duas horas e trina minutos. J\u00e1 no turno vespertino, os port\u00f5es abrir\u00e3o \u00e0s 13h e fechar\u00e3o \u00e0s 14h. O in\u00edcio da aplica\u00e7\u00e3o das provas ser\u00e1 \u00e0s 14h30 e o tempo de dura\u00e7\u00e3o ser\u00e1 de tr\u00eas horas e trinta minutos.<\/p>\n<p>Os inscritos devem se atentar aos hor\u00e1rios para evitar atrasos e imprevistos para o chamado Enem dos Concursos.<\/p>\n<h2>Provas<\/h2>\n<p>As provas ser\u00e3o aplicadas simultaneamente em 228 cidades em todas as unidades da federa\u00e7\u00e3o, com quest\u00f5es objetivas espec\u00edficas e dissertativas, por \u00e1rea de atua\u00e7\u00e3o, para sele\u00e7\u00e3o de novos servidores p\u00fablicos.<\/p>\n<p>Pela manh\u00e3, os inscritos para os blocos de n\u00edvel superior (1 a 7) responder\u00e3o 20 quest\u00f5es objetivas de m\u00faltipla escolha sobre conhecimentos gerais e uma quest\u00e3o dissertativa de conhecimento espec\u00edfico.<\/p>\n<p>Para o bloco de n\u00edvel m\u00e9dio (bloco 8), a manh\u00e3 ser\u00e1 dedicada a 20 quest\u00f5es objetivas de m\u00faltipla escolha, al\u00e9m de uma reda\u00e7\u00e3o.<\/p>\n<p>J\u00e1 \u00e0 tarde, os candidatos dos blocos de n\u00edvel superior responder\u00e3o a 50 quest\u00f5es objetivas de m\u00faltipla escolha, de conhecimentos espec\u00edficos. Enquanto os inscritos no bloco de n\u00edvel m\u00e9dio far\u00e3o mais 40 quest\u00f5es objetivas de m\u00faltipla escolha. As provas para o n\u00edvel m\u00e9dio n\u00e3o incluem quest\u00f5es dissertativas.<\/p>\n<div class=\"dnd-widget-wrapper context-sem_processamento type-image\">\n<div class=\"dnd-atom-rendered\"><!-- scald=367255:sem_processamento {\"additionalClasses\":\"\"} --><\/p>\n<div class=\"shadow overflow-hidden rounded-lg d-block w-100\">\n            <img data-recalc-dims=\"1\" decoding=\"async\" src=\"https:\/\/i0.wp.com\/agenciabrasil.ebc.com.br\/sites\/default\/files\/thumbnails\/image\/loading_v2.gif?w=696&#038;ssl=1\" data-echo=\"https:\/\/agenciabrasil.ebc.com.br\/sites\/default\/files\/thumbnails\/image\/enem_concurso1_copy.jpg\" alt=\"Arte Enem dos Concursos. Blocos Tem\u00e1ticos. Foto: Arte\/EBC\" title=\"Arte\/EBC\" class=\"flex-fill img-cover\"\/><br \/>\n        <img data-recalc-dims=\"1\" decoding=\"async\" src=\"https:\/\/i0.wp.com\/agenciabrasil.ebc.com.br\/sites\/default\/files\/thumbnails\/image\/enem_concurso1_copy.jpg?w=696&#038;ssl=1\" alt=\"Arte Enem dos Concursos. Blocos Tem\u00e1ticos. Foto: Arte\/EBC\" title=\"Arte\/EBC\" class=\"flex-fill img-cover\"\/>\n    <\/div>\n<p><!-- END scald=367255 --><\/div>\n<\/div>\n<h2>Concurso<\/h2>\n<p>Os candidatos no primeiro CPNU disputar\u00e3o as 6.640 vagas oferecidas no maior processo seletivo para o servi\u00e7o p\u00fablico da hist\u00f3ria do pa\u00eds, realizado pela banca examinadora da Funda\u00e7\u00e3o Cesgranrio. Em todo o pa\u00eds, foram mais de 2,65 milh\u00f5es de inscritos.<\/p>\n<p>A divulga\u00e7\u00e3o dos resultados das provas objetivas e preliminares das provas discursivas e de reda\u00e7\u00e3o est\u00e1 prevista para 3 de junho. J\u00e1 a divulga\u00e7\u00e3o final dos resultados deve ocorrer em 30 de julho. No dia 5 de agosto, o governo federal iniciar\u00e1 a convoca\u00e7\u00e3o dos aprovados para posse e cursos de forma\u00e7\u00e3o.<\/p>\n<p>Para mais informa\u00e7\u00f5es sobre todo o processo do certame, <a href=\"https:\/\/www.gov.br\/gestao\/pt-br\/concursonacional\" target=\"_blank\" rel=\"noopener\">acesse a p\u00e1gina oficial<\/a>.<\/p>\n<div class=\"dnd-widget-wrapper context-sem_processamento type-image\">\n<div class=\"dnd-atom-rendered\"><!-- scald=367257:sem_processamento {\"additionalClasses\":\"\"} --><\/p>\n<div class=\"shadow overflow-hidden rounded-lg d-block w-100\">\n            <img data-recalc-dims=\"1\" decoding=\"async\" src=\"https:\/\/i0.wp.com\/agenciabrasil.ebc.com.br\/sites\/default\/files\/thumbnails\/image\/loading_v2.gif?w=696&#038;ssl=1\" data-echo=\"https:\/\/agenciabrasil.ebc.com.br\/sites\/default\/files\/thumbnails\/image\/enem_concurso2_copy.jpg\" alt=\"Arte Enem dos Concursos. Reserva de Vagas e Cronograma. Foto: Arte\/EBC\" title=\"Arte\/EBC\" class=\"flex-fill img-cover\"\/><br \/>\n        <img data-recalc-dims=\"1\" decoding=\"async\" src=\"https:\/\/i0.wp.com\/agenciabrasil.ebc.com.br\/sites\/default\/files\/thumbnails\/image\/enem_concurso2_copy.jpg?w=696&#038;ssl=1\" alt=\"Arte Enem dos Concursos. Reserva de Vagas e Cronograma. Foto: Arte\/EBC\" title=\"Arte\/EBC\" class=\"flex-fill img-cover\"\/>\n    <\/div>\n<p><!-- END scald=367257 --><\/div>\n<\/div><\/div>\n<p><br \/>\n<br \/><a href=\"https:\/\/agenciabrasil.ebc.com.br\/geral\/noticia\/2024-04\/saiba-os-horarios-das-provas-do-concurso-nacional-unificado\" rel=\"noopener\">Ag\u00eancia Brasil<\/a><\/p>\n","protected":false},"excerpt":{"rendered":"<p>Os mais de 2,5 milh\u00f5es de candidatos inscritos no Concurso P\u00fablico Nacional Unificado j\u00e1 podem consultar os hor\u00e1rios de abertura dos port\u00f5es e locais de aplica\u00e7\u00e3o das provas, que ocorrer\u00e3o no domingo dia 5 de maio. Segundo o Minist\u00e9rio da Gest\u00e3o e da Inova\u00e7\u00e3o em Servi\u00e7os P\u00fablicos (MGI), no per\u00edodo da manh\u00e3, os port\u00f5es ser\u00e3o [&hellip;]<\/p>\n","protected":false},"author":1,"featured_media":1028,"comment_status":"open","ping_status":"open","sticky":false,"template":"","format":"standard","meta":{"_jetpack_newsletter_access":"","_jetpack_dont_email_post_to_subs":false,"_jetpack_newsletter_tier_id":0,"_jetpack_memberships_contains_paywalled_content":false,"_mbp_banners":[],"_jetpack_feature_clip_id":0,"_jetpack_memberships_contains_paid_content":false,"footnotes":"","jetpack_publicize_message":"","jetpack_publicize_feature_enabled":true,"jetpack_social_post_already_shared":true,"jetpack_social_options":{"image_generator_settings":{"template":"highway","default_image_id":0,"font":"","enabled":false},"version":2},"jetpack_post_was_ever_published":false},"categories":[1],"tags":[],"class_list":["post-1027","post","type-post","status-publish","format-standard","has-post-thumbnail","category-geral"],"jetpack_publicize_connections":[],"jetpack-related-posts":[],"jetpack_shortlink":"https:\/\/wp.me\/p7Eq1F-gz","jetpack_sharing_enabled":true,"jetpack_featured_media_url":"https:\/\/i0.wp.com\/guialimeira.com.br\/news\/wp-content\/uploads\/2024\/04\/img_5725.jpg?fit=1600%2C800&ssl=1","_links":{"self":[{"href":"https:\/\/guialimeira.com.br\/news\/wp-json\/wp\/v2\/posts\/1027","targetHints":{"allow":["GET"]}}],"collection":[{"href":"https:\/\/guialimeira.com.br\/news\/wp-json\/wp\/v2\/posts"}],"about":[{"href":"https:\/\/guialimeira.com.br\/news\/wp-json\/wp\/v2\/types\/post"}],"author":[{"embeddable":true,"href":"https:\/\/guialimeira.com.br\/news\/wp-json\/wp\/v2\/users\/1"}],"replies":[{"embeddable":true,"href":"https:\/\/guialimeira.com.br\/news\/wp-json\/wp\/v2\/comments?post=1027"}],"version-history":[{"count":0,"href":"https:\/\/guialimeira.com.br\/news\/wp-json\/wp\/v2\/posts\/1027\/revisions"}],"wp:featuredmedia":[{"embeddable":true,"href":"https:\/\/guialimeira.com.br\/news\/wp-json\/wp\/v2\/media\/1028"}],"wp:attachment":[{"href":"https:\/\/guialimeira.com.br\/news\/wp-json\/wp\/v2\/media?parent=1027"}],"wp:term":[{"taxonomy":"category","embeddable":true,"href":"https:\/\/guialimeira.com.br\/news\/wp-json\/wp\/v2\/categories?post=1027"},{"taxonomy":"post_tag","embeddable":true,"href":"https:\/\/guialimeira.com.br\/news\/wp-json\/wp\/v2\/tags?post=1027"}],"curies":[{"name":"wp","href":"https:\/\/api.w.org\/{rel}","templated":true}]}}