{"id":10251,"date":"2024-07-12T21:47:15","date_gmt":"2024-07-13T00:47:15","guid":{"rendered":"https:\/\/guialimeira.com.br\/2024\/07\/12\/vacina-nacional-contra-covid-esta-em-fase-avancada-diz-ministra\/"},"modified":"2024-07-12T21:47:15","modified_gmt":"2024-07-13T00:47:15","slug":"vacina-nacional-contra-covid-esta-em-fase-avancada-diz-ministra","status":"publish","type":"post","link":"https:\/\/guialimeira.com.br\/news\/vacina-nacional-contra-covid-esta-em-fase-avancada-diz-ministra\/","title":{"rendered":"Vacina nacional contra covid est\u00e1 em fase avan\u00e7ada, diz ministra\u00a0"},"content":{"rendered":"<p> <br \/>\n<\/p>\n<div>\n<p>A ministra da Ci\u00eancia, Tecnologia e Inova\u00e7\u00e3o, Luciana Santos, disse nesta sexta-feira (12) que a vacina Spin-TEC, a primeira 100% brasileira para a covid-19,\u00a0 j\u00e1 est\u00e1 em fase avan\u00e7ada de desenvolvimento. Segundo o Minist\u00e9rio, a \u00faltima fase de produ\u00e7\u00e3o do imunizante, de testes cl\u00ednicos, deve come\u00e7ar ainda este ano.<img data-recalc-dims=\"1\" decoding=\"async\" src=\"https:\/\/i0.wp.com\/agenciabrasil.ebc.com.br\/ebc.png?w=696&#038;ssl=1\" style=\"width:1px; height:1px; display:inline;\"\/><img data-recalc-dims=\"1\" decoding=\"async\" src=\"https:\/\/i0.wp.com\/agenciabrasil.ebc.com.br\/ebc.gif?w=696&#038;ssl=1\" style=\"width:1px; height:1px; display:inline;\"\/><\/p>\n<p>\u201cO CNVacinas tem uma import\u00e2ncia estrat\u00e9gica para o pa\u00eds porque aqui tratamos de pesquisa e desenvolvimento de vacinas, novos f\u00e1rmacos e insumos. A UFMG [Universidade Federal de Minas Gerais] e o CNVacinas j\u00e1 est\u00e3o numa fase mais avan\u00e7ada da vacina contra a covid-19. E h\u00e1 pesquisas sendo realizadas para dengue, leishmaniose e mal\u00e1ria. Que s\u00e3o desafios brasileiros para responder \u00e0s demandas das doen\u00e7as locais\u201d, destacou a ministra, em visita \u00e0s obras do CNVacinas, em Belo Horizonte (MG).\u00a0<\/p>\n<p>O Centro Nacional de Vacinas ser\u00e1 o primeiro complexo nacional usado para pesquisas e fabrica\u00e7\u00e3o de insumos farmac\u00eauticos, sendo capaz de executar todas as etapas para o desenvolvimento de vacinas. As obras devem ser finalizadas em 2026.<\/p>\n<p>A ministra destacou os editais que ser\u00e3o lan\u00e7ados pelo Fundo Nacional de Ci\u00eancia e Tecnologia (FNDCT) junto \u00e0 Financiadora de Estudos e Projetos (Finep) que podem contribuir para o desenvolvimento da ci\u00eancia, tecnologia e inova\u00e7\u00e3o local.<\/p>\n<p>\u201cN\u00f3s estamos fazendo os \u00faltimos editais dos recursos do Fundo deste ano que ser\u00e3o de R$ 12,8 bilh\u00f5es, uma conquista deste novo ciclo da retomada da ci\u00eancia no pa\u00eds feita pelo presidente Lula de recompor integralmente o FNDCT, e Minas Gerais est\u00e1 dentro desses editais que fomentam as pol\u00edticas p\u00fablicas da ci\u00eancia no pa\u00eds\u201d, avaliou.<\/p>\n<\/p><\/div>\n<p><br \/>\n<br \/><a href=\"https:\/\/agenciabrasil.ebc.com.br\/saude\/noticia\/2024-07\/vacina-nacional-contra-covid-esta-em-fase-avancada-diz-ministra\" rel=\"noopener\">Ag\u00eancia Brasil <\/a><\/p>\n","protected":false},"excerpt":{"rendered":"<p>A ministra da Ci\u00eancia, Tecnologia e Inova\u00e7\u00e3o, Luciana Santos, disse nesta sexta-feira (12) que a vacina Spin-TEC, a primeira 100% brasileira para a covid-19,\u00a0 j\u00e1 est\u00e1 em fase avan\u00e7ada de desenvolvimento. Segundo o Minist\u00e9rio, a \u00faltima fase de produ\u00e7\u00e3o do imunizante, de testes cl\u00ednicos, deve come\u00e7ar ainda este ano. \u201cO CNVacinas tem uma import\u00e2ncia estrat\u00e9gica [&hellip;]<\/p>\n","protected":false},"author":1,"featured_media":9953,"comment_status":"open","ping_status":"open","sticky":false,"template":"","format":"standard","meta":{"_jetpack_newsletter_access":"","_jetpack_dont_email_post_to_subs":false,"_jetpack_newsletter_tier_id":0,"_jetpack_memberships_contains_paywalled_content":false,"_mbp_banners":[],"_jetpack_feature_clip_id":0,"_jetpack_memberships_contains_paid_content":false,"footnotes":"","jetpack_publicize_message":"","jetpack_publicize_feature_enabled":true,"jetpack_social_post_already_shared":true,"jetpack_social_options":{"image_generator_settings":{"template":"highway","default_image_id":0,"font":"","enabled":false},"version":2},"jetpack_post_was_ever_published":false},"categories":[15],"tags":[],"class_list":["post-10251","post","type-post","status-publish","format-standard","has-post-thumbnail","category-saude"],"jetpack_publicize_connections":[],"jetpack-related-posts":[],"jetpack_shortlink":"https:\/\/wp.me\/p7Eq1F-2Fl","jetpack_sharing_enabled":true,"jetpack_featured_media_url":"https:\/\/i0.wp.com\/guialimeira.com.br\/news\/wp-content\/uploads\/2024\/07\/124a9942.jpg?fit=1600%2C800&ssl=1","_links":{"self":[{"href":"https:\/\/guialimeira.com.br\/news\/wp-json\/wp\/v2\/posts\/10251","targetHints":{"allow":["GET"]}}],"collection":[{"href":"https:\/\/guialimeira.com.br\/news\/wp-json\/wp\/v2\/posts"}],"about":[{"href":"https:\/\/guialimeira.com.br\/news\/wp-json\/wp\/v2\/types\/post"}],"author":[{"embeddable":true,"href":"https:\/\/guialimeira.com.br\/news\/wp-json\/wp\/v2\/users\/1"}],"replies":[{"embeddable":true,"href":"https:\/\/guialimeira.com.br\/news\/wp-json\/wp\/v2\/comments?post=10251"}],"version-history":[{"count":0,"href":"https:\/\/guialimeira.com.br\/news\/wp-json\/wp\/v2\/posts\/10251\/revisions"}],"wp:featuredmedia":[{"embeddable":true,"href":"https:\/\/guialimeira.com.br\/news\/wp-json\/wp\/v2\/media\/9953"}],"wp:attachment":[{"href":"https:\/\/guialimeira.com.br\/news\/wp-json\/wp\/v2\/media?parent=10251"}],"wp:term":[{"taxonomy":"category","embeddable":true,"href":"https:\/\/guialimeira.com.br\/news\/wp-json\/wp\/v2\/categories?post=10251"},{"taxonomy":"post_tag","embeddable":true,"href":"https:\/\/guialimeira.com.br\/news\/wp-json\/wp\/v2\/tags?post=10251"}],"curies":[{"name":"wp","href":"https:\/\/api.w.org\/{rel}","templated":true}]}}