{"id":10205,"date":"2024-07-12T09:43:20","date_gmt":"2024-07-12T12:43:20","guid":{"rendered":"https:\/\/guialimeira.com.br\/2024\/07\/12\/bndes-financiara-complexo-solar-na-bahia-para-abastecer-refinaria\/"},"modified":"2024-07-12T09:43:20","modified_gmt":"2024-07-12T12:43:20","slug":"bndes-financiara-complexo-solar-na-bahia-para-abastecer-refinaria","status":"publish","type":"post","link":"https:\/\/guialimeira.com.br\/news\/bndes-financiara-complexo-solar-na-bahia-para-abastecer-refinaria\/","title":{"rendered":"BNDES financiar\u00e1 complexo solar na Bahia para abastecer refinaria"},"content":{"rendered":"<p> <br \/>\n<\/p>\n<div>\n<p>A implanta\u00e7\u00e3o do complexo de energia solar Irec\u00ea 1, nos munic\u00edpios de Jo\u00e3o Dourado e Irec\u00ea, na Bahia, com capacidade de energia limpa e renov\u00e1vel instalada no empreendimento de 161 MWp (megawatt pico) com abatimento de aproximadamente 128 mil toneladas de CO2\u00a0por ano, deve come\u00e7ar a operar no terceiro trimestre de 2025.<img data-recalc-dims=\"1\" decoding=\"async\" src=\"https:\/\/i0.wp.com\/agenciabrasil.ebc.com.br\/ebc.png?w=696&#038;ssl=1\" style=\"width:1px; height:1px; display:inline;\"\/><img data-recalc-dims=\"1\" decoding=\"async\" src=\"https:\/\/i0.wp.com\/agenciabrasil.ebc.com.br\/ebc.gif?w=696&#038;ssl=1\" style=\"width:1px; height:1px; display:inline;\"\/><\/p>\n<p>O projeto, no valor de R$ 418,5 milh\u00f5es, financiado pelo Banco Nacional de Desenvolvimento Econ\u00f4mico e Social (BNDES), atender\u00e1 demanda da Refinaria de Mataripe, a segunda maior do pa\u00eds, localizada em S\u00e3o Francisco do Conde (BA).<\/p>\n<p>Constru\u00eddo a partir de uma <em>joint venture<\/em>\u00a0(associa\u00e7\u00e3o econ\u00f4mica) entre as empresas Acelen, Perfin Infra Administra\u00e7\u00e3o de Recursos e Illian Energias Renov\u00e1veis, o complexo contribuir\u00e1 para o desenvolvimento socioecon\u00f4mico regional com a cria\u00e7\u00e3o de 530 empregos.<\/p>\n<h2>Transi\u00e7\u00e3o energ\u00e9tica<\/h2>\n<p>\u201cO parque solar &#8211; associado ao programa de descarboniza\u00e7\u00e3o da Refinaria de Mataripe &#8211; \u00e9 parte do esfor\u00e7o do BNDES em fomentar a transi\u00e7\u00e3o energ\u00e9tica\u201d, disse a diretora de Infraestrutura, Transi\u00e7\u00e3o Energ\u00e9tica e Mudan\u00e7a Clim\u00e1tica do BNDES, Luciana Costa.<\/p>\n<p>Inclu\u00eddo no Programa de Acelera\u00e7\u00e3o do Crescimento (PAC) do governo federal, o complexo custar\u00e1 R$ 530 milh\u00f5es. O financiamento do BNDES ser\u00e1 feito na modalidade <em>project finance <\/em>(o fluxo de receitas e os ativos do projeto garantem o financiamento) em d\u00f3lar americano, correspondendo a 78% do investimento total.<\/p>\n<p>\u00a0<\/p>\n<\/p><\/div>\n<p><br \/>\n<br \/><a href=\"https:\/\/agenciabrasil.ebc.com.br\/economia\/noticia\/2024-07\/bndes-financiara-complexo-solar-na-bahia-que-abastecera-refinaria\" rel=\"noopener\">Ag\u00eancia Brasil<\/a><\/p>\n","protected":false},"excerpt":{"rendered":"<p>A implanta\u00e7\u00e3o do complexo de energia solar Irec\u00ea 1, nos munic\u00edpios de Jo\u00e3o Dourado e Irec\u00ea, na Bahia, com capacidade de energia limpa e renov\u00e1vel instalada no empreendimento de 161 MWp (megawatt pico) com abatimento de aproximadamente 128 mil toneladas de CO2\u00a0por ano, deve come\u00e7ar a operar no terceiro trimestre de 2025. O projeto, no [&hellip;]<\/p>\n","protected":false},"author":1,"featured_media":582,"comment_status":"open","ping_status":"open","sticky":false,"template":"","format":"standard","meta":{"_jetpack_newsletter_access":"","_jetpack_dont_email_post_to_subs":false,"_jetpack_newsletter_tier_id":0,"_jetpack_memberships_contains_paywalled_content":false,"_mbp_banners":[],"_jetpack_feature_clip_id":0,"_jetpack_memberships_contains_paid_content":false,"footnotes":"","jetpack_publicize_message":"","jetpack_publicize_feature_enabled":true,"jetpack_social_post_already_shared":true,"jetpack_social_options":{"image_generator_settings":{"template":"highway","default_image_id":0,"font":"","enabled":false},"version":2},"jetpack_post_was_ever_published":false},"categories":[24],"tags":[],"class_list":["post-10205","post","type-post","status-publish","format-standard","has-post-thumbnail","category-economia"],"jetpack_publicize_connections":[],"jetpack-related-posts":[],"jetpack_shortlink":"https:\/\/wp.me\/p7Eq1F-2EB","jetpack_sharing_enabled":true,"jetpack_featured_media_url":"https:\/\/i0.wp.com\/guialimeira.com.br\/news\/wp-content\/uploads\/2024\/03\/edificio_sede_do_bndes250620211186.jpg?fit=1600%2C800&ssl=1","_links":{"self":[{"href":"https:\/\/guialimeira.com.br\/news\/wp-json\/wp\/v2\/posts\/10205","targetHints":{"allow":["GET"]}}],"collection":[{"href":"https:\/\/guialimeira.com.br\/news\/wp-json\/wp\/v2\/posts"}],"about":[{"href":"https:\/\/guialimeira.com.br\/news\/wp-json\/wp\/v2\/types\/post"}],"author":[{"embeddable":true,"href":"https:\/\/guialimeira.com.br\/news\/wp-json\/wp\/v2\/users\/1"}],"replies":[{"embeddable":true,"href":"https:\/\/guialimeira.com.br\/news\/wp-json\/wp\/v2\/comments?post=10205"}],"version-history":[{"count":0,"href":"https:\/\/guialimeira.com.br\/news\/wp-json\/wp\/v2\/posts\/10205\/revisions"}],"wp:featuredmedia":[{"embeddable":true,"href":"https:\/\/guialimeira.com.br\/news\/wp-json\/wp\/v2\/media\/582"}],"wp:attachment":[{"href":"https:\/\/guialimeira.com.br\/news\/wp-json\/wp\/v2\/media?parent=10205"}],"wp:term":[{"taxonomy":"category","embeddable":true,"href":"https:\/\/guialimeira.com.br\/news\/wp-json\/wp\/v2\/categories?post=10205"},{"taxonomy":"post_tag","embeddable":true,"href":"https:\/\/guialimeira.com.br\/news\/wp-json\/wp\/v2\/tags?post=10205"}],"curies":[{"name":"wp","href":"https:\/\/api.w.org\/{rel}","templated":true}]}}